{"id":6565,"date":"2026-04-29T12:09:24","date_gmt":"2026-04-29T10:09:24","guid":{"rendered":"https:\/\/leherpeurparis.com\/?p=6565"},"modified":"2026-04-29T17:23:54","modified_gmt":"2026-04-29T15:23:54","slug":"un-design-pour-l-etre-a-la-milan-design-week-2026","status":"publish","type":"post","link":"https:\/\/leherpeurparis.com\/en\/prospective\/un-design-pour-l-etre-a-la-milan-design-week-2026\/","title":{"rendered":"Un design &#8220;pour l&#8217;\u00eatre&#8221; \u00e0 la Milan Design Week 2026"},"content":{"rendered":"\n<figure class=\"wp-block-image size-full is-resized\"><img loading=\"lazy\" decoding=\"async\" width=\"1440\" height=\"1839\" src=\"https:\/\/leherpeurparis.com\/wp-content\/uploads\/2026\/04\/hannespeer_post_26_04_2026_10_07_443883679486512481570.jpg\" alt=\"Hannes Peer Architecture et Margraf, Casa di Marmo\" class=\"wp-image-6576\" style=\"width:840px;height:auto\" srcset=\"https:\/\/leherpeurparis.com\/wp-content\/uploads\/2026\/04\/hannespeer_post_26_04_2026_10_07_443883679486512481570.jpg 1440w, https:\/\/leherpeurparis.com\/wp-content\/uploads\/2026\/04\/hannespeer_post_26_04_2026_10_07_443883679486512481570-235x300.jpg 235w, https:\/\/leherpeurparis.com\/wp-content\/uploads\/2026\/04\/hannespeer_post_26_04_2026_10_07_443883679486512481570-802x1024.jpg 802w, https:\/\/leherpeurparis.com\/wp-content\/uploads\/2026\/04\/hannespeer_post_26_04_2026_10_07_443883679486512481570-768x981.jpg 768w, https:\/\/leherpeurparis.com\/wp-content\/uploads\/2026\/04\/hannespeer_post_26_04_2026_10_07_443883679486512481570-1203x1536.jpg 1203w, https:\/\/leherpeurparis.com\/wp-content\/uploads\/2026\/04\/hannespeer_post_26_04_2026_10_07_443883679486512481570-1300x1660.jpg 1300w\" sizes=\"auto, (max-width: 1440px) 100vw, 1440px\" \/><figcaption class=\"wp-element-caption\"><em> <strong>\u00a9<\/strong><\/em> <a href=\"https:\/\/www.instagram.com\/hannespeer?utm_source=ig_web_button_share_sheet&amp;igsh=ZDNlZDc0MzIxNw==\">@hannespeer<\/a>, @<a href=\"https:\/\/www.instagram.com\/margrafspa\/#\">margrafspa<\/a> \u2014 <em>Casa di Marmo<\/em><\/figcaption><\/figure>\n\n\n\n<h2 class=\"wp-block-heading\"><em>De la sc\u00e9nographie du regard \u00e0 l\u2019exp\u00e9rience du corps.<\/em><\/h2>\n\n\n\n<p class=\"has-text-align-left\" style=\"font-size:18px\">Alors que le design a souvent \u00e9t\u00e9 l&#8217;outil du \u00ab para\u00eetre \u00bb et du spectaculaire, la<a href=\"https:\/\/www.instagram.com\/milan.design.week?utm_source=ig_web_button_share_sheet&amp;igsh=ZDNlZDc0MzIxNw==\"> Milan Design Week 2026<\/a> consacre un basculement. Nous voyons \u00e9merger un <strong>Design \u00ab\u00a0pour l\u2019\u00eatre\u00a0\u00bb<\/strong> : une approche o\u00f9 l&#8217;espace n&#8217;est plus une sc\u00e9nographie pour le regard, mais un r\u00e9ceptacle pour le corps et l&#8217;esprit. \u00c0 contre-courant du monumental, cette tendance explore le temps long, la ph\u00e9nom\u00e9nologie et la vibration pour transcender l&#8217;usager plut\u00f4t que pour l&#8217;\u00e9blouir.<\/p>\n\n\n\n<h2 class=\"wp-block-heading\">Haruka Misawa \u2014 <em>Bit by bit<\/em><\/h2>\n\n\n\n<p style=\"font-size:15px\">\u00c0 l&#8217;oppos\u00e9 de la superabondance visuelle, dans son exposition personnelle \u00ab<em> bit by bi<\/em>t \u00bb, <strong><a href=\"https:\/\/www.instagram.com\/misawadesigninstitute\/#\">Haruka Misawa<\/a><\/strong> travaille des mat\u00e9riaux per\u00e7us \u00ab\u00a0insuffisants&#8221; : papier, fil, feuilles; pour faire \u00e9merger leur potentiel dormant. Misawa nous invite \u00e0 \u00absubir l&#8217;ordinaire\u00bb pour mieux le transcender. Le design n&#8217;impose rien, il sugg\u00e8re. C&#8217;est une invitation \u00e0 ralentir,\u00a0 \u00e0 languir jusqu&#8217;\u00e0 percevoir la &#8220;vague qui perturbe la surface immobile&#8221;.<\/p>\n\n\n\n<div class=\"wp-block-columns is-layout-flex wp-container-core-columns-is-layout-9d6595d7 wp-block-columns-is-layout-flex\">\n<div class=\"wp-block-column is-layout-flow wp-block-column-is-layout-flow\">\n<figure class=\"wp-block-image size-full\"><img loading=\"lazy\" decoding=\"async\" width=\"1099\" height=\"1374\" src=\"https:\/\/leherpeurparis.com\/wp-content\/uploads\/2026\/04\/adidesignmuseum_post_10_04_2026_17_30_103872307177701248986.jpg\" alt=\"Haruka Misawa \u2014 Bit by bit\" class=\"wp-image-6572\" srcset=\"https:\/\/leherpeurparis.com\/wp-content\/uploads\/2026\/04\/adidesignmuseum_post_10_04_2026_17_30_103872307177701248986.jpg 1099w, https:\/\/leherpeurparis.com\/wp-content\/uploads\/2026\/04\/adidesignmuseum_post_10_04_2026_17_30_103872307177701248986-240x300.jpg 240w, https:\/\/leherpeurparis.com\/wp-content\/uploads\/2026\/04\/adidesignmuseum_post_10_04_2026_17_30_103872307177701248986-819x1024.jpg 819w, https:\/\/leherpeurparis.com\/wp-content\/uploads\/2026\/04\/adidesignmuseum_post_10_04_2026_17_30_103872307177701248986-768x960.jpg 768w\" sizes=\"auto, (max-width: 1099px) 100vw, 1099px\" \/><figcaption class=\"wp-element-caption\"><strong>\u00a9<\/strong> @<a href=\"https:\/\/www.instagram.com\/misawadesigninstitute\/#\">misawadesigninstitute<\/a> \u2014 <em>Bit by bit<\/em><\/figcaption><\/figure>\n<\/div>\n\n\n\n<div class=\"wp-block-column is-layout-flow wp-block-column-is-layout-flow\">\n<figure class=\"wp-block-video\"><video controls src=\"https:\/\/leherpeurparis.com\/wp-content\/uploads\/2026\/04\/misawadesigninstitute_reel_28_04_2026_01_55_563884882578088650445-1.mp4\"><\/video><\/figure>\n<\/div>\n<\/div>\n\n\n\n<h2 class=\"wp-block-heading\">Archived Dreams \u2014 listening sessions<\/h2>\n\n\n\n<p style=\"font-size:15px\">Les listening sessions d&#8217;<strong><a href=\"https:\/\/www.instagram.com\/archived.dreams?utm_source=ig_web_button_share_sheet&amp;igsh=ZDNlZDc0MzIxNw==\">Archived Dreams<\/a><\/strong> imposent une rupture dans le fast de cette Design week. \u00ab\u00a0<em>Entrez, \u00e9coutez et habitez le son aussi longtemps qu&#8217;il le demande\u00a0<\/em>\u00bb. La vue est mise de c\u00f4t\u00e9 pour laisser les auditeurs dans une \u00e9coute immersive de projets en phase de cr\u00e9ation. La place est au temps, \u00e0 la disponibilit\u00e9 et \u00e0 l&#8217;\u00e9coute pure, o\u00f9 l&#8217;on accepte de se reconnecter \u00e0 son propre \u00e9tat int\u00e9rieur.<\/p>\n\n\n\n<div class=\"wp-block-columns is-layout-flex wp-container-core-columns-is-layout-9d6595d7 wp-block-columns-is-layout-flex\">\n<div class=\"wp-block-column is-layout-flow wp-block-column-is-layout-flow\">\n<div class=\"wp-block-columns is-layout-flex wp-container-core-columns-is-layout-9d6595d7 wp-block-columns-is-layout-flex\">\n<div class=\"wp-block-column is-layout-flow wp-block-column-is-layout-flow\">\n<figure class=\"wp-block-image size-large\"><img loading=\"lazy\" decoding=\"async\" width=\"768\" height=\"1024\" src=\"https:\/\/leherpeurparis.com\/wp-content\/uploads\/2026\/04\/oneblockdown_post_27_04_2026_19_29_023884667659568862491-768x1024.jpg\" alt=\"Archived Dreams \u2014 listening sessions, Milan Design Week 2026\" class=\"wp-image-6584\" srcset=\"https:\/\/leherpeurparis.com\/wp-content\/uploads\/2026\/04\/oneblockdown_post_27_04_2026_19_29_023884667659568862491-768x1024.jpg 768w, https:\/\/leherpeurparis.com\/wp-content\/uploads\/2026\/04\/oneblockdown_post_27_04_2026_19_29_023884667659568862491-225x300.jpg 225w, https:\/\/leherpeurparis.com\/wp-content\/uploads\/2026\/04\/oneblockdown_post_27_04_2026_19_29_023884667659568862491-1152x1536.jpg 1152w, https:\/\/leherpeurparis.com\/wp-content\/uploads\/2026\/04\/oneblockdown_post_27_04_2026_19_29_023884667659568862491-330x440.jpg 330w, https:\/\/leherpeurparis.com\/wp-content\/uploads\/2026\/04\/oneblockdown_post_27_04_2026_19_29_023884667659568862491-1300x1733.jpg 1300w, https:\/\/leherpeurparis.com\/wp-content\/uploads\/2026\/04\/oneblockdown_post_27_04_2026_19_29_023884667659568862491.jpg 1440w\" sizes=\"auto, (max-width: 768px) 100vw, 768px\" \/><figcaption class=\"wp-element-caption\"><strong>\u00a9<\/strong> <a href=\"https:\/\/www.instagram.com\/archived.dreams?utm_source=ig_web_button_share_sheet&amp;igsh=ZDNlZDc0MzIxNw==\">@archived.dreams<\/a> \u2014 listening sessions<\/figcaption><\/figure>\n<\/div>\n\n\n\n<div class=\"wp-block-column is-layout-flow wp-block-column-is-layout-flow\">\n<figure class=\"wp-block-image size-large\"><img loading=\"lazy\" decoding=\"async\" width=\"768\" height=\"1024\" src=\"https:\/\/leherpeurparis.com\/wp-content\/uploads\/2026\/04\/oneblockdown_post_27_04_2026_19_29_023884667766120967561-768x1024.jpg\" alt=\"Archived Dreams \u2014 listening sessions, Milan Design Week 2026\" class=\"wp-image-6586\" srcset=\"https:\/\/leherpeurparis.com\/wp-content\/uploads\/2026\/04\/oneblockdown_post_27_04_2026_19_29_023884667766120967561-768x1024.jpg 768w, https:\/\/leherpeurparis.com\/wp-content\/uploads\/2026\/04\/oneblockdown_post_27_04_2026_19_29_023884667766120967561-225x300.jpg 225w, https:\/\/leherpeurparis.com\/wp-content\/uploads\/2026\/04\/oneblockdown_post_27_04_2026_19_29_023884667766120967561-1152x1536.jpg 1152w, https:\/\/leherpeurparis.com\/wp-content\/uploads\/2026\/04\/oneblockdown_post_27_04_2026_19_29_023884667766120967561-330x440.jpg 330w, https:\/\/leherpeurparis.com\/wp-content\/uploads\/2026\/04\/oneblockdown_post_27_04_2026_19_29_023884667766120967561-1300x1733.jpg 1300w, https:\/\/leherpeurparis.com\/wp-content\/uploads\/2026\/04\/oneblockdown_post_27_04_2026_19_29_023884667766120967561.jpg 1440w\" sizes=\"auto, (max-width: 768px) 100vw, 768px\" \/><\/figure>\n<\/div>\n<\/div>\n<\/div>\n<\/div>\n\n\n\n<h2 class=\"wp-block-heading\">Hannes Peer Architecture, Margraf \u2014 <em>Casa di Marmo<\/em><\/h2>\n\n\n\n<p style=\"font-size:15px\"><strong><a href=\"https:\/\/www.instagram.com\/hannespeer?utm_source=ig_web_button_share_sheet&amp;igsh=ZDNlZDc0MzIxNw==\">Hannes Peer<\/a><\/strong> transforme le marbre Santafiora\u00ae dans sa <strong>\u00ab <\/strong><em>Casa di Marmo<\/em><strong> \u00bb<\/strong>, une exploration de la pierre comme \u00e9l\u00e9ment architectural total. \u00c0 l\u2019int\u00e9rieur\u00a0 d\u2019une villa historique, la pierre devient \u00e0 la fois \u00ab\u00a0structure, surface et atmosph\u00e8re\u00a0\u00bb. Le mat\u00e9riau n&#8217;est pas utilis\u00e9 comme rev\u00eatement mais comme identit\u00e9 vibratoire du lieu. Les visiteurs doivent prendre le temps de regarder la pierre respirer \u00e0 travers la lumi\u00e8re et l&#8217;eau, g\u00e9n\u00e9rant des variations perceptuelles qui transforment aussi bien l&#8217;habitat que leurs propres sensations.\u00a0<\/p>\n\n\n\n<div class=\"wp-block-columns is-layout-flex wp-container-core-columns-is-layout-9d6595d7 wp-block-columns-is-layout-flex\">\n<div class=\"wp-block-column is-layout-flow wp-block-column-is-layout-flow\">\n<figure class=\"wp-block-image size-full\"><img loading=\"lazy\" decoding=\"async\" width=\"1440\" height=\"1914\" src=\"https:\/\/leherpeurparis.com\/wp-content\/uploads\/2026\/04\/hannespeer_post_23_04_2026_07_23_003881422671577937184.jpg\" alt=\"Hannes Peer Architecture et Margraf, Casa di Marmo\" class=\"wp-image-6574\" style=\"aspect-ratio:3\/4;object-fit:cover\" srcset=\"https:\/\/leherpeurparis.com\/wp-content\/uploads\/2026\/04\/hannespeer_post_23_04_2026_07_23_003881422671577937184.jpg 1440w, https:\/\/leherpeurparis.com\/wp-content\/uploads\/2026\/04\/hannespeer_post_23_04_2026_07_23_003881422671577937184-226x300.jpg 226w, https:\/\/leherpeurparis.com\/wp-content\/uploads\/2026\/04\/hannespeer_post_23_04_2026_07_23_003881422671577937184-770x1024.jpg 770w, https:\/\/leherpeurparis.com\/wp-content\/uploads\/2026\/04\/hannespeer_post_23_04_2026_07_23_003881422671577937184-768x1021.jpg 768w, https:\/\/leherpeurparis.com\/wp-content\/uploads\/2026\/04\/hannespeer_post_23_04_2026_07_23_003881422671577937184-1156x1536.jpg 1156w, https:\/\/leherpeurparis.com\/wp-content\/uploads\/2026\/04\/hannespeer_post_23_04_2026_07_23_003881422671577937184-330x440.jpg 330w, https:\/\/leherpeurparis.com\/wp-content\/uploads\/2026\/04\/hannespeer_post_23_04_2026_07_23_003881422671577937184-1300x1728.jpg 1300w\" sizes=\"auto, (max-width: 1440px) 100vw, 1440px\" \/><figcaption class=\"wp-element-caption\"><em> <strong>\u00a9<\/strong><\/em> <a href=\"https:\/\/www.instagram.com\/hannespeer?utm_source=ig_web_button_share_sheet&amp;igsh=ZDNlZDc0MzIxNw==\">@hannespeer<\/a>, @<a href=\"https:\/\/www.instagram.com\/margrafspa\/#\">margrafspa<\/a> \u2014 <em>Casa di Marmo<\/em><\/figcaption><\/figure>\n<\/div>\n\n\n\n<div class=\"wp-block-column is-layout-flow wp-block-column-is-layout-flow\">\n<figure class=\"wp-block-video\"><video controls src=\"https:\/\/leherpeurparis.com\/wp-content\/uploads\/2026\/04\/hannespeer_post_23_04_2026_07_23_003881422638510015425-1.mp4\"><\/video><\/figure>\n<\/div>\n<\/div>\n\n\n\n<h2 class=\"wp-block-heading\">Molteni&amp;C, Elisa Ossino \u2014 <em>Responsive Nature<\/em><\/h2>\n\n\n\n<p style=\"font-size:15px\">Avec l&#8217;installation <em>\u00ab Responsive Nature \u00bb<\/em>, <strong><a href=\"https:\/\/www.instagram.com\/molteniandc?utm_source=ig_web_button_share_sheet&amp;igsh=ZDNlZDc0MzIxNw==\">Molteni&amp;C<\/a><\/strong> d\u00e9passe la simple pr\u00e9sentation de sa collection Outdoor 2026. Le concept d\u2019<strong><a href=\"https:\/\/www.instagram.com\/elisaossinostudio?utm_source=ig_web_button_share_sheet&amp;igsh=ZDNlZDc0MzIxNw==\">Elisa Ossino Studio<\/a><\/strong>, plonge le visiteur dans une d\u00e9ambulation \u00e0 travers six paysages botaniques contrast\u00e9s. Du contr\u00f4le \u00e0 l&#8217;abandon de la nature, le parcours propose une transition \u00e9motionnelle vers un \u00e9tat de symbiose. Une invitation \u00e0 se fondre dans un biotope autonome et \u00e0 retrouver une r\u00e9sonance authentique avec le vivant.<\/p>\n\n\n\n<div class=\"wp-block-columns is-layout-flex wp-container-core-columns-is-layout-9d6595d7 wp-block-columns-is-layout-flex\">\n<div class=\"wp-block-column is-layout-flow wp-block-column-is-layout-flow\">\n<figure class=\"wp-block-image size-large\"><img loading=\"lazy\" decoding=\"async\" width=\"819\" height=\"1024\" src=\"https:\/\/leherpeurparis.com\/wp-content\/uploads\/2026\/04\/molteniandc_post_20_04_2026_11_30_343879373702207828713-819x1024.jpg\" alt=\"Molteni&amp;C, Elisa Ossino \u2014 Responsive Nature\" class=\"wp-image-6582\" srcset=\"https:\/\/leherpeurparis.com\/wp-content\/uploads\/2026\/04\/molteniandc_post_20_04_2026_11_30_343879373702207828713-819x1024.jpg 819w, https:\/\/leherpeurparis.com\/wp-content\/uploads\/2026\/04\/molteniandc_post_20_04_2026_11_30_343879373702207828713-240x300.jpg 240w, https:\/\/leherpeurparis.com\/wp-content\/uploads\/2026\/04\/molteniandc_post_20_04_2026_11_30_343879373702207828713-768x960.jpg 768w, https:\/\/leherpeurparis.com\/wp-content\/uploads\/2026\/04\/molteniandc_post_20_04_2026_11_30_343879373702207828713-1229x1536.jpg 1229w, https:\/\/leherpeurparis.com\/wp-content\/uploads\/2026\/04\/molteniandc_post_20_04_2026_11_30_343879373702207828713-1300x1625.jpg 1300w, https:\/\/leherpeurparis.com\/wp-content\/uploads\/2026\/04\/molteniandc_post_20_04_2026_11_30_343879373702207828713.jpg 1440w\" sizes=\"auto, (max-width: 819px) 100vw, 819px\" \/><figcaption class=\"wp-element-caption\"><strong>\u00a9<\/strong> <a href=\"https:\/\/www.instagram.com\/molteniandc?utm_source=ig_web_button_share_sheet&amp;igsh=ZDNlZDc0MzIxNw==\">@molteniandc<\/a> , <a href=\"https:\/\/www.instagram.com\/elisaossinostudio?utm_source=ig_web_button_share_sheet&amp;igsh=ZDNlZDc0MzIxNw==\">@elisaossinostudio<\/a> \u2014 <em>Responsive Nature<\/em><\/figcaption><\/figure>\n<\/div>\n\n\n\n<div class=\"wp-block-column is-vertically-aligned-top is-layout-flow wp-block-column-is-layout-flow\">\n<figure class=\"wp-block-image size-large\"><img loading=\"lazy\" decoding=\"async\" width=\"793\" height=\"1024\" src=\"https:\/\/leherpeurparis.com\/wp-content\/uploads\/2026\/04\/2026_PH_Eve_Mdw_Booth_Responsive-Nature_Garden-Senato_19-793x1024.jpg\" alt=\"Molteni&amp;C, Elisa Ossino \u2014 Responsive Nature\" class=\"wp-image-6566\" srcset=\"https:\/\/leherpeurparis.com\/wp-content\/uploads\/2026\/04\/2026_PH_Eve_Mdw_Booth_Responsive-Nature_Garden-Senato_19-793x1024.jpg 793w, https:\/\/leherpeurparis.com\/wp-content\/uploads\/2026\/04\/2026_PH_Eve_Mdw_Booth_Responsive-Nature_Garden-Senato_19-232x300.jpg 232w, https:\/\/leherpeurparis.com\/wp-content\/uploads\/2026\/04\/2026_PH_Eve_Mdw_Booth_Responsive-Nature_Garden-Senato_19-768x992.jpg 768w, https:\/\/leherpeurparis.com\/wp-content\/uploads\/2026\/04\/2026_PH_Eve_Mdw_Booth_Responsive-Nature_Garden-Senato_19-1189x1536.jpg 1189w, https:\/\/leherpeurparis.com\/wp-content\/uploads\/2026\/04\/2026_PH_Eve_Mdw_Booth_Responsive-Nature_Garden-Senato_19-1585x2048.jpg 1585w, https:\/\/leherpeurparis.com\/wp-content\/uploads\/2026\/04\/2026_PH_Eve_Mdw_Booth_Responsive-Nature_Garden-Senato_19-1300x1680.jpg 1300w, https:\/\/leherpeurparis.com\/wp-content\/uploads\/2026\/04\/2026_PH_Eve_Mdw_Booth_Responsive-Nature_Garden-Senato_19.jpg 1835w\" sizes=\"auto, (max-width: 793px) 100vw, 793px\" \/><\/figure>\n<\/div>\n<\/div>\n\n\n\n<h2 class=\"wp-block-heading\">Rive Roshan, Alcova \u2014 <em>Garden of Hope<\/em><\/h2>\n\n\n\n<p style=\"font-size:15px\">Avec <em>\u00ab Garden of Hope \u00bb<\/em>, <strong><a href=\"https:\/\/www.instagram.com\/riveroshan?utm_source=ig_web_button_share_sheet&amp;igsh=ZDNlZDc0MzIxNw==\">Rive Roshan<\/a><\/strong> d\u00e9ploie des monolithes de verre cin\u00e9tiques dans l&#8217;enceinte de l&#8217;ancien h\u00f4pital militaire <strong>d\u2019Alcova<\/strong>. L&#8217;installation utilise la r\u00e9fraction et la r\u00e9flexion pour explorer la m\u00e9moire du lieu. En manipulant les ondes lumineuses, le duo transforme un espace historiquement lugubre en un sanctuaire de r\u00e9silience. Une th\u00e9rapie fr\u00e9quentielle, capable de modifier l&#8217;\u00e9tat \u00e9motionnel d&#8217;un site par la simple r\u00e9sonance chromatique.<\/p>\n\n\n\n<div class=\"wp-block-columns is-layout-flex wp-container-core-columns-is-layout-9d6595d7 wp-block-columns-is-layout-flex\">\n<div class=\"wp-block-column is-layout-flow wp-block-column-is-layout-flow\">\n<figure class=\"wp-block-image aligncenter size-full is-resized\"><img loading=\"lazy\" decoding=\"async\" width=\"1440\" height=\"1800\" src=\"https:\/\/leherpeurparis.com\/wp-content\/uploads\/2026\/04\/riveroshan_post_15_04_2026_19_39_513875995937197963416.jpg\" alt=\"Rive Roshan, Alcova \u2014 Garden of Hope\n\" class=\"wp-image-6590\" style=\"width:416px;height:auto\" srcset=\"https:\/\/leherpeurparis.com\/wp-content\/uploads\/2026\/04\/riveroshan_post_15_04_2026_19_39_513875995937197963416.jpg 1440w, https:\/\/leherpeurparis.com\/wp-content\/uploads\/2026\/04\/riveroshan_post_15_04_2026_19_39_513875995937197963416-240x300.jpg 240w, https:\/\/leherpeurparis.com\/wp-content\/uploads\/2026\/04\/riveroshan_post_15_04_2026_19_39_513875995937197963416-819x1024.jpg 819w, https:\/\/leherpeurparis.com\/wp-content\/uploads\/2026\/04\/riveroshan_post_15_04_2026_19_39_513875995937197963416-768x960.jpg 768w, https:\/\/leherpeurparis.com\/wp-content\/uploads\/2026\/04\/riveroshan_post_15_04_2026_19_39_513875995937197963416-1229x1536.jpg 1229w, https:\/\/leherpeurparis.com\/wp-content\/uploads\/2026\/04\/riveroshan_post_15_04_2026_19_39_513875995937197963416-1300x1625.jpg 1300w\" sizes=\"auto, (max-width: 1440px) 100vw, 1440px\" \/><figcaption class=\"wp-element-caption\"><strong>\u00a9<\/strong> <a href=\"https:\/\/www.instagram.com\/riveroshan?utm_source=ig_web_button_share_sheet&amp;igsh=ZDNlZDc0MzIxNw==\">@riveroshan<\/a> , <a href=\"https:\/\/www.instagram.com\/alcova.milano?utm_source=ig_web_button_share_sheet&amp;igsh=ZDNlZDc0MzIxNw==\">@alcova.milano<\/a> \u2014 <em>Garden of Hope<\/em><\/figcaption><\/figure>\n<\/div>\n\n\n\n<div class=\"wp-block-column is-layout-flow wp-block-column-is-layout-flow\">\n<figure class=\"wp-block-video\"><video controls src=\"https:\/\/leherpeurparis.com\/wp-content\/uploads\/2026\/04\/riveroshan_reel_24_04_2026_20_48_413882549629145474765-1.mp4\"><\/video><\/figure>\n<\/div>\n<\/div>\n\n\n\n<h2 class=\"wp-block-heading\">Byredo, Jean-Guillaume Mathiaut \u2014<em> In Communication With<\/em><\/h2>\n\n\n\n<p style=\"font-size:15px\">Pour finir,<strong> <a href=\"https:\/\/www.instagram.com\/jeanguillaume_mathiaut?utm_source=ig_web_button_share_sheet&amp;igsh=ZDNlZDc0MzIxNw==\">Jean-Guillaume Mathiaut <\/a><\/strong>sculpte pour <strong><a href=\"https:\/\/www.instagram.com\/officialbyredo?utm_source=ig_web_button_share_sheet&amp;igsh=ZDNlZDc0MzIxNw==\">Byredo<\/a><\/strong> des assises en bois br\u00fbl\u00e9 \u00e0 l&#8217;encre japonaise, con\u00e7ues comme des &#8220;moments de silence pour l&#8217;\u00e9change et la contemplation&#8221;. Le travail de Mathiaut efface la main du designer au profit de la vie inh\u00e9rente du bois, une forme de spiritualit\u00e9 \u00e9mane de ses cr\u00e9ations. Le temps semble fa\u00e7onner le mat\u00e9riau, cr\u00e9ant un sentiment de stabilit\u00e9, une ancre physique dans un monde volatile.<\/p>\n\n\n\n<div class=\"wp-block-columns is-layout-flex wp-container-core-columns-is-layout-9d6595d7 wp-block-columns-is-layout-flex\">\n<div class=\"wp-block-column is-layout-flow wp-block-column-is-layout-flow\">\n<figure class=\"wp-block-image size-large\"><img loading=\"lazy\" decoding=\"async\" width=\"768\" height=\"1024\" src=\"https:\/\/leherpeurparis.com\/wp-content\/uploads\/2026\/04\/officialbyredo_post_19_04_2026_21_16_573878943253664160488-768x1024.jpg\" alt=\"Byredo, Jean-Guillaume Mathiaut \u2014 In Communication With\n\" class=\"wp-image-6594\" srcset=\"https:\/\/leherpeurparis.com\/wp-content\/uploads\/2026\/04\/officialbyredo_post_19_04_2026_21_16_573878943253664160488-768x1024.jpg 768w, https:\/\/leherpeurparis.com\/wp-content\/uploads\/2026\/04\/officialbyredo_post_19_04_2026_21_16_573878943253664160488-225x300.jpg 225w, https:\/\/leherpeurparis.com\/wp-content\/uploads\/2026\/04\/officialbyredo_post_19_04_2026_21_16_573878943253664160488-1152x1536.jpg 1152w, https:\/\/leherpeurparis.com\/wp-content\/uploads\/2026\/04\/officialbyredo_post_19_04_2026_21_16_573878943253664160488-330x440.jpg 330w, https:\/\/leherpeurparis.com\/wp-content\/uploads\/2026\/04\/officialbyredo_post_19_04_2026_21_16_573878943253664160488-1300x1733.jpg 1300w, https:\/\/leherpeurparis.com\/wp-content\/uploads\/2026\/04\/officialbyredo_post_19_04_2026_21_16_573878943253664160488.jpg 1440w\" sizes=\"auto, (max-width: 768px) 100vw, 768px\" \/><figcaption class=\"wp-element-caption\"><strong>\u00a9<\/strong> <a href=\"https:\/\/www.instagram.com\/officialbyredo?utm_source=ig_web_button_share_sheet&amp;igsh=ZDNlZDc0MzIxNw==\">@officialbyredo<\/a>, <a href=\"https:\/\/www.instagram.com\/jeanguillaume_mathiaut?utm_source=ig_web_button_share_sheet&amp;igsh=ZDNlZDc0MzIxNw==\">@jeanguillaume_mathiaut<\/a> \u2014<em> In Communication With<\/em><\/figcaption><\/figure>\n<\/div>\n\n\n\n<div class=\"wp-block-column is-layout-flow wp-block-column-is-layout-flow\">\n<figure class=\"wp-block-image size-large\"><img loading=\"lazy\" decoding=\"async\" width=\"772\" height=\"1024\" src=\"https:\/\/leherpeurparis.com\/wp-content\/uploads\/2026\/04\/officialbyredo_post_19_04_2026_21_16_573878943446216277894-772x1024.jpg\" alt=\"Byredo, Jean-Guillaume Mathiaut \u2014 In Communication With\n\" class=\"wp-image-6596\" srcset=\"https:\/\/leherpeurparis.com\/wp-content\/uploads\/2026\/04\/officialbyredo_post_19_04_2026_21_16_573878943446216277894-772x1024.jpg 772w, https:\/\/leherpeurparis.com\/wp-content\/uploads\/2026\/04\/officialbyredo_post_19_04_2026_21_16_573878943446216277894-226x300.jpg 226w, https:\/\/leherpeurparis.com\/wp-content\/uploads\/2026\/04\/officialbyredo_post_19_04_2026_21_16_573878943446216277894-768x1019.jpg 768w, https:\/\/leherpeurparis.com\/wp-content\/uploads\/2026\/04\/officialbyredo_post_19_04_2026_21_16_573878943446216277894-1158x1536.jpg 1158w, https:\/\/leherpeurparis.com\/wp-content\/uploads\/2026\/04\/officialbyredo_post_19_04_2026_21_16_573878943446216277894-1300x1724.jpg 1300w, https:\/\/leherpeurparis.com\/wp-content\/uploads\/2026\/04\/officialbyredo_post_19_04_2026_21_16_573878943446216277894.jpg 1440w\" sizes=\"auto, (max-width: 772px) 100vw, 772px\" \/><\/figure>\n<\/div>\n<\/div>\n\n\n\n<div style=\"height:53px\" aria-hidden=\"true\" class=\"wp-block-spacer\"><\/div>\n\n\n\n<p>Le design et le luxe ne se d\u00e9finit plus seulement par le statutaire visible, mais par la <strong>capacit\u00e9 d&#8217;un espace \u00e0 modifier notre propre perception de soi<\/strong>. Une &#8220;ph\u00e9nom\u00e9nologie du retrait&#8221; : savoir cr\u00e9er moins pour ressentir plus, faire appr\u00e9cier le tout petit et l\u2019invisible plut\u00f4t que le monumental. Le design de demain s\u2019\u00e9loigne de la forme, et cristallise la pr\u00e9sence, les sensations et les vibrations int\u00e9rieurs.\u00a0<\/p>\n\n\n\n<div style=\"height:53px\" aria-hidden=\"true\" class=\"wp-block-spacer\"><\/div>\n\n\n\n<div class=\"wp-block-buttons is-content-justification-center is-layout-flex wp-container-core-buttons-is-layout-16018d1d wp-block-buttons-is-layout-flex\">\n<div class=\"wp-block-button is-style-fill\"><a class=\"wp-block-button__link wp-element-button\" href=\"https:\/\/leherpeurparis.com\/news\/\">D\u00e9couvrir nos articles pr\u00e9c\u00e9dents<\/a><\/div>\n<\/div>\n\n\n\n<div style=\"height:30px\" aria-hidden=\"true\" class=\"wp-block-spacer\"><\/div>\n\n\n<div class=\"wp-block-image\">\n<figure class=\"aligncenter size-large is-resized\"><img loading=\"lazy\" decoding=\"async\" width=\"1024\" height=\"124\" src=\"https:\/\/leherpeurparis.com\/wp-content\/uploads\/2025\/06\/logo_LP_WTP-2-1024x124.png\" alt=\"\" class=\"wp-image-5438\" style=\"width:430px;height:auto\" srcset=\"https:\/\/leherpeurparis.com\/wp-content\/uploads\/2025\/06\/logo_LP_WTP-2-1024x124.png 1024w, https:\/\/leherpeurparis.com\/wp-content\/uploads\/2025\/06\/logo_LP_WTP-2-300x36.png 300w, https:\/\/leherpeurparis.com\/wp-content\/uploads\/2025\/06\/logo_LP_WTP-2-768x93.png 768w, https:\/\/leherpeurparis.com\/wp-content\/uploads\/2025\/06\/logo_LP_WTP-2-1536x186.png 1536w, https:\/\/leherpeurparis.com\/wp-content\/uploads\/2025\/06\/logo_LP_WTP-2-2048x249.png 2048w, https:\/\/leherpeurparis.com\/wp-content\/uploads\/2025\/06\/logo_LP_WTP-2-1300x158.png 1300w\" sizes=\"auto, (max-width: 1024px) 100vw, 1024px\" \/><\/figure><\/div>","protected":false},"excerpt":{"rendered":"<p>De la sc\u00e9nographie du regard \u00e0 l\u2019exp\u00e9rience du corps. Alors que le design a souvent \u00e9t\u00e9 l&#8217;outil du \u00ab para\u00eetre \u00bb et du spectaculaire, la Milan Design Week 2026 consacre [&hellip;]<\/p>\n","protected":false},"author":3,"featured_media":6576,"comment_status":"closed","ping_status":"closed","sticky":false,"template":"","format":"standard","meta":{"_acf_changed":false,"footnotes":""},"categories":[155],"tags":[214,241,195],"class_list":["post-6565","post","type-post","status-publish","format-standard","has-post-thumbnail","hentry","category-prospective","tag-design","tag-milan","tag-prospective"],"acf":[],"yoast_head":"<!-- This site is optimized with the Yoast SEO plugin v27.5 - https:\/\/yoast.com\/product\/yoast-seo-wordpress\/ -->\n<title>Un design &quot;pour l&#039;\u00eatre&quot; \u00e0 la Milan Design Week 2026 | LeherpeurParis<\/title>\n<meta name=\"description\" content=\"D\u00e9cryptage Milan Design Week 2026. Un design &quot;pour l&#039;\u00eatre&quot;, de la sc\u00e9nographie du regard \u00e0 l\u2019exp\u00e9rience du corps.\" \/>\n<meta name=\"robots\" content=\"index, follow, max-snippet:-1, max-image-preview:large, max-video-preview:-1\" \/>\n<link rel=\"canonical\" href=\"https:\/\/leherpeurparis.com\/en\/prospective\/un-design-pour-l-etre-a-la-milan-design-week-2026\/\" \/>\n<meta property=\"og:locale\" content=\"en_US\" \/>\n<meta property=\"og:type\" content=\"article\" \/>\n<meta property=\"og:title\" content=\"Un design &quot;pour l&#039;\u00eatre&quot; \u00e0 la Milan Design Week 2026 | LeherpeurParis\" \/>\n<meta property=\"og:description\" content=\"D\u00e9cryptage Milan Design Week 2026. Un design &quot;pour l&#039;\u00eatre&quot;, de la sc\u00e9nographie du regard \u00e0 l\u2019exp\u00e9rience du corps.\" \/>\n<meta property=\"og:url\" content=\"https:\/\/leherpeurparis.com\/en\/prospective\/un-design-pour-l-etre-a-la-milan-design-week-2026\/\" \/>\n<meta property=\"og:site_name\" content=\"LeherpeurParis\" \/>\n<meta property=\"article:published_time\" content=\"2026-04-29T10:09:24+00:00\" \/>\n<meta property=\"article:modified_time\" content=\"2026-04-29T15:23:54+00:00\" \/>\n<meta property=\"og:image\" content=\"https:\/\/leherpeurparis.com\/wp-content\/uploads\/2026\/04\/hannespeer_post_26_04_2026_10_07_443883679486512481570-1300x1660.jpg\" \/>\n\t<meta property=\"og:image:width\" content=\"1440\" \/>\n\t<meta property=\"og:image:height\" content=\"1839\" \/>\n\t<meta property=\"og:image:type\" content=\"image\/jpeg\" \/>\n<meta name=\"author\" content=\"Morgane\" \/>\n<meta name=\"twitter:card\" content=\"summary_large_image\" \/>\n<meta name=\"twitter:label1\" content=\"Written by\" \/>\n\t<meta name=\"twitter:data1\" content=\"Morgane\" \/>\n\t<meta name=\"twitter:label2\" content=\"Est. reading time\" \/>\n\t<meta name=\"twitter:data2\" content=\"6 minutes\" \/>\n<script type=\"application\/ld+json\" class=\"yoast-schema-graph\">{\"@context\":\"https:\\\/\\\/schema.org\",\"@graph\":[{\"@type\":\"Article\",\"@id\":\"https:\\\/\\\/leherpeurparis.com\\\/en\\\/prospective\\\/un-design-pour-l-etre-a-la-milan-design-week-2026\\\/#article\",\"isPartOf\":{\"@id\":\"https:\\\/\\\/leherpeurparis.com\\\/en\\\/prospective\\\/un-design-pour-l-etre-a-la-milan-design-week-2026\\\/\"},\"author\":{\"name\":\"Morgane\",\"@id\":\"https:\\\/\\\/leherpeurparis.com\\\/en\\\/#\\\/schema\\\/person\\\/5836b46e700c1b6bada2f21f963569bf\"},\"headline\":\"Un design &#8220;pour l&#8217;\u00eatre&#8221; \u00e0 la Milan Design Week 2026\",\"datePublished\":\"2026-04-29T10:09:24+00:00\",\"dateModified\":\"2026-04-29T15:23:54+00:00\",\"mainEntityOfPage\":{\"@id\":\"https:\\\/\\\/leherpeurparis.com\\\/en\\\/prospective\\\/un-design-pour-l-etre-a-la-milan-design-week-2026\\\/\"},\"wordCount\":685,\"publisher\":{\"@id\":\"https:\\\/\\\/leherpeurparis.com\\\/en\\\/#organization\"},\"image\":{\"@id\":\"https:\\\/\\\/leherpeurparis.com\\\/en\\\/prospective\\\/un-design-pour-l-etre-a-la-milan-design-week-2026\\\/#primaryimage\"},\"thumbnailUrl\":\"https:\\\/\\\/leherpeurparis.com\\\/wp-content\\\/uploads\\\/2026\\\/04\\\/hannespeer_post_26_04_2026_10_07_443883679486512481570-1300x1660.jpg\",\"keywords\":[\"design\",\"milan\",\"prospective\"],\"articleSection\":[\"prospective\"],\"inLanguage\":\"en-US\"},{\"@type\":\"WebPage\",\"@id\":\"https:\\\/\\\/leherpeurparis.com\\\/en\\\/prospective\\\/un-design-pour-l-etre-a-la-milan-design-week-2026\\\/\",\"url\":\"https:\\\/\\\/leherpeurparis.com\\\/en\\\/prospective\\\/un-design-pour-l-etre-a-la-milan-design-week-2026\\\/\",\"name\":\"Un design \\\"pour l'\u00eatre\\\" \u00e0 la Milan Design Week 2026 | LeherpeurParis\",\"isPartOf\":{\"@id\":\"https:\\\/\\\/leherpeurparis.com\\\/en\\\/#website\"},\"primaryImageOfPage\":{\"@id\":\"https:\\\/\\\/leherpeurparis.com\\\/en\\\/prospective\\\/un-design-pour-l-etre-a-la-milan-design-week-2026\\\/#primaryimage\"},\"image\":{\"@id\":\"https:\\\/\\\/leherpeurparis.com\\\/en\\\/prospective\\\/un-design-pour-l-etre-a-la-milan-design-week-2026\\\/#primaryimage\"},\"thumbnailUrl\":\"https:\\\/\\\/leherpeurparis.com\\\/wp-content\\\/uploads\\\/2026\\\/04\\\/hannespeer_post_26_04_2026_10_07_443883679486512481570-1300x1660.jpg\",\"datePublished\":\"2026-04-29T10:09:24+00:00\",\"dateModified\":\"2026-04-29T15:23:54+00:00\",\"description\":\"D\u00e9cryptage Milan Design Week 2026. Un design \\\"pour l'\u00eatre\\\", de la sc\u00e9nographie du regard \u00e0 l\u2019exp\u00e9rience du corps.\",\"breadcrumb\":{\"@id\":\"https:\\\/\\\/leherpeurparis.com\\\/en\\\/prospective\\\/un-design-pour-l-etre-a-la-milan-design-week-2026\\\/#breadcrumb\"},\"inLanguage\":\"en-US\",\"potentialAction\":[{\"@type\":\"ReadAction\",\"target\":[\"https:\\\/\\\/leherpeurparis.com\\\/en\\\/prospective\\\/un-design-pour-l-etre-a-la-milan-design-week-2026\\\/\"]}]},{\"@type\":\"ImageObject\",\"inLanguage\":\"en-US\",\"@id\":\"https:\\\/\\\/leherpeurparis.com\\\/en\\\/prospective\\\/un-design-pour-l-etre-a-la-milan-design-week-2026\\\/#primaryimage\",\"url\":\"https:\\\/\\\/leherpeurparis.com\\\/wp-content\\\/uploads\\\/2026\\\/04\\\/hannespeer_post_26_04_2026_10_07_443883679486512481570-1300x1660.jpg\",\"contentUrl\":\"https:\\\/\\\/leherpeurparis.com\\\/wp-content\\\/uploads\\\/2026\\\/04\\\/hannespeer_post_26_04_2026_10_07_443883679486512481570-1300x1660.jpg\",\"width\":1440,\"height\":1839},{\"@type\":\"BreadcrumbList\",\"@id\":\"https:\\\/\\\/leherpeurparis.com\\\/en\\\/prospective\\\/un-design-pour-l-etre-a-la-milan-design-week-2026\\\/#breadcrumb\",\"itemListElement\":[{\"@type\":\"ListItem\",\"position\":1,\"name\":\"Accueil\",\"item\":\"https:\\\/\\\/leherpeurparis.com\\\/en\\\/\"},{\"@type\":\"ListItem\",\"position\":2,\"name\":\"Un design \u00ab\u00a0pour l&rsquo;\u00eatre\u00a0\u00bb \u00e0 la Milan Design Week 2026\"}]},{\"@type\":\"WebSite\",\"@id\":\"https:\\\/\\\/leherpeurparis.com\\\/en\\\/#website\",\"url\":\"https:\\\/\\\/leherpeurparis.com\\\/en\\\/\",\"name\":\"LeherpeurParis\",\"description\":\"Consulting office - Paris and Shanghai\",\"publisher\":{\"@id\":\"https:\\\/\\\/leherpeurparis.com\\\/en\\\/#organization\"},\"potentialAction\":[{\"@type\":\"SearchAction\",\"target\":{\"@type\":\"EntryPoint\",\"urlTemplate\":\"https:\\\/\\\/leherpeurparis.com\\\/en\\\/?s={search_term_string}\"},\"query-input\":{\"@type\":\"PropertyValueSpecification\",\"valueRequired\":true,\"valueName\":\"search_term_string\"}}],\"inLanguage\":\"en-US\"},{\"@type\":\"Organization\",\"@id\":\"https:\\\/\\\/leherpeurparis.com\\\/en\\\/#organization\",\"name\":\"Leherpeur Paris\",\"url\":\"https:\\\/\\\/leherpeurparis.com\\\/en\\\/\",\"logo\":{\"@type\":\"ImageObject\",\"inLanguage\":\"en-US\",\"@id\":\"https:\\\/\\\/leherpeurparis.com\\\/en\\\/#\\\/schema\\\/logo\\\/image\\\/\",\"url\":\"https:\\\/\\\/leherpeurparis.com\\\/wp-content\\\/uploads\\\/2022\\\/07\\\/Logo-Leherpeur-Paris.jpg\",\"contentUrl\":\"https:\\\/\\\/leherpeurparis.com\\\/wp-content\\\/uploads\\\/2022\\\/07\\\/Logo-Leherpeur-Paris.jpg\",\"width\":800,\"height\":300,\"caption\":\"Leherpeur Paris\"},\"image\":{\"@id\":\"https:\\\/\\\/leherpeurparis.com\\\/en\\\/#\\\/schema\\\/logo\\\/image\\\/\"},\"sameAs\":[\"https:\\\/\\\/www.instagram.com\\\/leherpeurparis\\\/\",\"https:\\\/\\\/www.pinterest.fr\\\/mlcparis\\\/\",\"https:\\\/\\\/www.linkedin.com\\\/company\\\/bureauleherpeur\\\/\"]},{\"@type\":\"Person\",\"@id\":\"https:\\\/\\\/leherpeurparis.com\\\/en\\\/#\\\/schema\\\/person\\\/5836b46e700c1b6bada2f21f963569bf\",\"name\":\"Morgane\",\"image\":{\"@type\":\"ImageObject\",\"inLanguage\":\"en-US\",\"@id\":\"https:\\\/\\\/secure.gravatar.com\\\/avatar\\\/aaef38f8fe29ef71f7e7758786a4353dd80166c3783061e2e3029314f79a2142?s=96&d=mm&r=g\",\"url\":\"https:\\\/\\\/secure.gravatar.com\\\/avatar\\\/aaef38f8fe29ef71f7e7758786a4353dd80166c3783061e2e3029314f79a2142?s=96&d=mm&r=g\",\"contentUrl\":\"https:\\\/\\\/secure.gravatar.com\\\/avatar\\\/aaef38f8fe29ef71f7e7758786a4353dd80166c3783061e2e3029314f79a2142?s=96&d=mm&r=g\",\"caption\":\"Morgane\"},\"url\":\"https:\\\/\\\/leherpeurparis.com\\\/en\\\/author\\\/webmasterwa\\\/\"}]}<\/script>\n<!-- \/ Yoast SEO plugin. -->","yoast_head_json":{"title":"Un design \"pour l'\u00eatre\" \u00e0 la Milan Design Week 2026 | LeherpeurParis","description":"D\u00e9cryptage Milan Design Week 2026. Un design \"pour l'\u00eatre\", de la sc\u00e9nographie du regard \u00e0 l\u2019exp\u00e9rience du corps.","robots":{"index":"index","follow":"follow","max-snippet":"max-snippet:-1","max-image-preview":"max-image-preview:large","max-video-preview":"max-video-preview:-1"},"canonical":"https:\/\/leherpeurparis.com\/en\/prospective\/un-design-pour-l-etre-a-la-milan-design-week-2026\/","og_locale":"en_US","og_type":"article","og_title":"Un design \"pour l'\u00eatre\" \u00e0 la Milan Design Week 2026 | LeherpeurParis","og_description":"D\u00e9cryptage Milan Design Week 2026. Un design \"pour l'\u00eatre\", de la sc\u00e9nographie du regard \u00e0 l\u2019exp\u00e9rience du corps.","og_url":"https:\/\/leherpeurparis.com\/en\/prospective\/un-design-pour-l-etre-a-la-milan-design-week-2026\/","og_site_name":"LeherpeurParis","article_published_time":"2026-04-29T10:09:24+00:00","article_modified_time":"2026-04-29T15:23:54+00:00","og_image":[{"width":1440,"height":1839,"url":"https:\/\/leherpeurparis.com\/wp-content\/uploads\/2026\/04\/hannespeer_post_26_04_2026_10_07_443883679486512481570-1300x1660.jpg","type":"image\/jpeg"}],"author":"Morgane","twitter_card":"summary_large_image","twitter_misc":{"Written by":"Morgane","Est. reading time":"6 minutes"},"schema":{"@context":"https:\/\/schema.org","@graph":[{"@type":"Article","@id":"https:\/\/leherpeurparis.com\/en\/prospective\/un-design-pour-l-etre-a-la-milan-design-week-2026\/#article","isPartOf":{"@id":"https:\/\/leherpeurparis.com\/en\/prospective\/un-design-pour-l-etre-a-la-milan-design-week-2026\/"},"author":{"name":"Morgane","@id":"https:\/\/leherpeurparis.com\/en\/#\/schema\/person\/5836b46e700c1b6bada2f21f963569bf"},"headline":"Un design &#8220;pour l&#8217;\u00eatre&#8221; \u00e0 la Milan Design Week 2026","datePublished":"2026-04-29T10:09:24+00:00","dateModified":"2026-04-29T15:23:54+00:00","mainEntityOfPage":{"@id":"https:\/\/leherpeurparis.com\/en\/prospective\/un-design-pour-l-etre-a-la-milan-design-week-2026\/"},"wordCount":685,"publisher":{"@id":"https:\/\/leherpeurparis.com\/en\/#organization"},"image":{"@id":"https:\/\/leherpeurparis.com\/en\/prospective\/un-design-pour-l-etre-a-la-milan-design-week-2026\/#primaryimage"},"thumbnailUrl":"https:\/\/leherpeurparis.com\/wp-content\/uploads\/2026\/04\/hannespeer_post_26_04_2026_10_07_443883679486512481570-1300x1660.jpg","keywords":["design","milan","prospective"],"articleSection":["prospective"],"inLanguage":"en-US"},{"@type":"WebPage","@id":"https:\/\/leherpeurparis.com\/en\/prospective\/un-design-pour-l-etre-a-la-milan-design-week-2026\/","url":"https:\/\/leherpeurparis.com\/en\/prospective\/un-design-pour-l-etre-a-la-milan-design-week-2026\/","name":"Un design \"pour l'\u00eatre\" \u00e0 la Milan Design Week 2026 | LeherpeurParis","isPartOf":{"@id":"https:\/\/leherpeurparis.com\/en\/#website"},"primaryImageOfPage":{"@id":"https:\/\/leherpeurparis.com\/en\/prospective\/un-design-pour-l-etre-a-la-milan-design-week-2026\/#primaryimage"},"image":{"@id":"https:\/\/leherpeurparis.com\/en\/prospective\/un-design-pour-l-etre-a-la-milan-design-week-2026\/#primaryimage"},"thumbnailUrl":"https:\/\/leherpeurparis.com\/wp-content\/uploads\/2026\/04\/hannespeer_post_26_04_2026_10_07_443883679486512481570-1300x1660.jpg","datePublished":"2026-04-29T10:09:24+00:00","dateModified":"2026-04-29T15:23:54+00:00","description":"D\u00e9cryptage Milan Design Week 2026. Un design \"pour l'\u00eatre\", de la sc\u00e9nographie du regard \u00e0 l\u2019exp\u00e9rience du corps.","breadcrumb":{"@id":"https:\/\/leherpeurparis.com\/en\/prospective\/un-design-pour-l-etre-a-la-milan-design-week-2026\/#breadcrumb"},"inLanguage":"en-US","potentialAction":[{"@type":"ReadAction","target":["https:\/\/leherpeurparis.com\/en\/prospective\/un-design-pour-l-etre-a-la-milan-design-week-2026\/"]}]},{"@type":"ImageObject","inLanguage":"en-US","@id":"https:\/\/leherpeurparis.com\/en\/prospective\/un-design-pour-l-etre-a-la-milan-design-week-2026\/#primaryimage","url":"https:\/\/leherpeurparis.com\/wp-content\/uploads\/2026\/04\/hannespeer_post_26_04_2026_10_07_443883679486512481570-1300x1660.jpg","contentUrl":"https:\/\/leherpeurparis.com\/wp-content\/uploads\/2026\/04\/hannespeer_post_26_04_2026_10_07_443883679486512481570-1300x1660.jpg","width":1440,"height":1839},{"@type":"BreadcrumbList","@id":"https:\/\/leherpeurparis.com\/en\/prospective\/un-design-pour-l-etre-a-la-milan-design-week-2026\/#breadcrumb","itemListElement":[{"@type":"ListItem","position":1,"name":"Accueil","item":"https:\/\/leherpeurparis.com\/en\/"},{"@type":"ListItem","position":2,"name":"Un design \u00ab\u00a0pour l&rsquo;\u00eatre\u00a0\u00bb \u00e0 la Milan Design Week 2026"}]},{"@type":"WebSite","@id":"https:\/\/leherpeurparis.com\/en\/#website","url":"https:\/\/leherpeurparis.com\/en\/","name":"LeherpeurParis","description":"Consulting office - Paris and Shanghai","publisher":{"@id":"https:\/\/leherpeurparis.com\/en\/#organization"},"potentialAction":[{"@type":"SearchAction","target":{"@type":"EntryPoint","urlTemplate":"https:\/\/leherpeurparis.com\/en\/?s={search_term_string}"},"query-input":{"@type":"PropertyValueSpecification","valueRequired":true,"valueName":"search_term_string"}}],"inLanguage":"en-US"},{"@type":"Organization","@id":"https:\/\/leherpeurparis.com\/en\/#organization","name":"Leherpeur Paris","url":"https:\/\/leherpeurparis.com\/en\/","logo":{"@type":"ImageObject","inLanguage":"en-US","@id":"https:\/\/leherpeurparis.com\/en\/#\/schema\/logo\/image\/","url":"https:\/\/leherpeurparis.com\/wp-content\/uploads\/2022\/07\/Logo-Leherpeur-Paris.jpg","contentUrl":"https:\/\/leherpeurparis.com\/wp-content\/uploads\/2022\/07\/Logo-Leherpeur-Paris.jpg","width":800,"height":300,"caption":"Leherpeur Paris"},"image":{"@id":"https:\/\/leherpeurparis.com\/en\/#\/schema\/logo\/image\/"},"sameAs":["https:\/\/www.instagram.com\/leherpeurparis\/","https:\/\/www.pinterest.fr\/mlcparis\/","https:\/\/www.linkedin.com\/company\/bureauleherpeur\/"]},{"@type":"Person","@id":"https:\/\/leherpeurparis.com\/en\/#\/schema\/person\/5836b46e700c1b6bada2f21f963569bf","name":"Morgane","image":{"@type":"ImageObject","inLanguage":"en-US","@id":"https:\/\/secure.gravatar.com\/avatar\/aaef38f8fe29ef71f7e7758786a4353dd80166c3783061e2e3029314f79a2142?s=96&d=mm&r=g","url":"https:\/\/secure.gravatar.com\/avatar\/aaef38f8fe29ef71f7e7758786a4353dd80166c3783061e2e3029314f79a2142?s=96&d=mm&r=g","contentUrl":"https:\/\/secure.gravatar.com\/avatar\/aaef38f8fe29ef71f7e7758786a4353dd80166c3783061e2e3029314f79a2142?s=96&d=mm&r=g","caption":"Morgane"},"url":"https:\/\/leherpeurparis.com\/en\/author\/webmasterwa\/"}]}},"_links":{"self":[{"href":"https:\/\/leherpeurparis.com\/en\/wp-json\/wp\/v2\/posts\/6565","targetHints":{"allow":["GET"]}}],"collection":[{"href":"https:\/\/leherpeurparis.com\/en\/wp-json\/wp\/v2\/posts"}],"about":[{"href":"https:\/\/leherpeurparis.com\/en\/wp-json\/wp\/v2\/types\/post"}],"author":[{"embeddable":true,"href":"https:\/\/leherpeurparis.com\/en\/wp-json\/wp\/v2\/users\/3"}],"replies":[{"embeddable":true,"href":"https:\/\/leherpeurparis.com\/en\/wp-json\/wp\/v2\/comments?post=6565"}],"version-history":[{"count":1,"href":"https:\/\/leherpeurparis.com\/en\/wp-json\/wp\/v2\/posts\/6565\/revisions"}],"predecessor-version":[{"id":6604,"href":"https:\/\/leherpeurparis.com\/en\/wp-json\/wp\/v2\/posts\/6565\/revisions\/6604"}],"wp:featuredmedia":[{"embeddable":true,"href":"https:\/\/leherpeurparis.com\/en\/wp-json\/wp\/v2\/media\/6576"}],"wp:attachment":[{"href":"https:\/\/leherpeurparis.com\/en\/wp-json\/wp\/v2\/media?parent=6565"}],"wp:term":[{"taxonomy":"category","embeddable":true,"href":"https:\/\/leherpeurparis.com\/en\/wp-json\/wp\/v2\/categories?post=6565"},{"taxonomy":"post_tag","embeddable":true,"href":"https:\/\/leherpeurparis.com\/en\/wp-json\/wp\/v2\/tags?post=6565"}],"curies":[{"name":"wp","href":"https:\/\/api.w.org\/{rel}","templated":true}]}}