{"id":6531,"date":"2026-04-27T11:01:27","date_gmt":"2026-04-27T09:01:27","guid":{"rendered":"https:\/\/leherpeurparis.com\/?p=6531"},"modified":"2026-04-27T11:12:27","modified_gmt":"2026-04-27T09:12:27","slug":"loeil-milan-design-week-2026","status":"publish","type":"post","link":"https:\/\/leherpeurparis.com\/en\/prospective\/loeil-milan-design-week-2026\/","title":{"rendered":"L\u2019\u0152il Milan Design Week 2026"},"content":{"rendered":"\n<figure class=\"wp-block-image size-full is-resized\"><img loading=\"lazy\" decoding=\"async\" width=\"1300\" height=\"1722\" src=\"https:\/\/leherpeurparis.com\/wp-content\/uploads\/2026\/04\/alcova.milano_post_21_04_2026_16_17_223880242059483614831-1300x1722.jpg\" alt=\"Alcova , @versa.versa.versa\n@leolague\" class=\"wp-image-6532\" style=\"width:840px;height:auto\" srcset=\"https:\/\/leherpeurparis.com\/wp-content\/uploads\/2026\/04\/alcova.milano_post_21_04_2026_16_17_223880242059483614831-1300x1722.jpg 1300w, https:\/\/leherpeurparis.com\/wp-content\/uploads\/2026\/04\/alcova.milano_post_21_04_2026_16_17_223880242059483614831-227x300.jpg 227w, https:\/\/leherpeurparis.com\/wp-content\/uploads\/2026\/04\/alcova.milano_post_21_04_2026_16_17_223880242059483614831-773x1024.jpg 773w, https:\/\/leherpeurparis.com\/wp-content\/uploads\/2026\/04\/alcova.milano_post_21_04_2026_16_17_223880242059483614831-768x1017.jpg 768w, https:\/\/leherpeurparis.com\/wp-content\/uploads\/2026\/04\/alcova.milano_post_21_04_2026_16_17_223880242059483614831-1160x1536.jpg 1160w, https:\/\/leherpeurparis.com\/wp-content\/uploads\/2026\/04\/alcova.milano_post_21_04_2026_16_17_223880242059483614831.jpg 1323w\" sizes=\"auto, (max-width: 1300px) 100vw, 1300px\" \/><figcaption class=\"wp-element-caption\"><em> <strong>\u00a9<\/strong><\/em>  <a href=\"https:\/\/www.instagram.com\/alcova.milano?utm_source=ig_web_button_share_sheet&amp;igsh=ZDNlZDc0MzIxNw==\">Alcova<\/a> , <a href=\"https:\/\/www.instagram.com\/versa.versa.versa\/\">@versa.versa.versa<\/a><br><a href=\"https:\/\/www.instagram.com\/leolague\/\">@leolague<\/a><\/figcaption><\/figure>\n\n\n\n<h2 class=\"wp-block-heading\">Et si le design ne servait plus \u00e0 combler le vide, mais \u00e0 sculpter l\u2019incertitude ?<\/h2>\n\n\n\n<p class=\"has-text-align-left\" style=\"font-size:18px\">Cette ann\u00e9e est marqu\u00e9e par l\u2019overdose de la perfection algorithmique et du lissage industriel, mais la Milan Design Week 2026 marque un point de rupture s\u00e9mantique. Nous assistons \u00e0 l\u2019av\u00e8nement de la <strong>\u00ab<a href=\"https:\/\/www.fuorisalone.it\/en\/2026\/events\/6468\/Blooming-Imperfections-Relationships-in-Progress\">blooming imperfection<\/a>\u00bb<\/strong>. Ici, l\u2019objet ne se pr\u00e9sente plus comme une solution finie, mais comme une question pos\u00e9e \u00e0 l\u2019utilisateur. Ce design de l\u2019inachev\u00e9 ne t\u00e9moigne pas d&#8217;un manque, mais d&#8217;une volont\u00e9 de raconter sa propre gen\u00e8se, sa propre difficult\u00e9 \u00e0 exister, pour mieux d\u00e9passer ses fonctions primaires et devenir un r\u00e9cit vivant.<\/p>\n\n\n\n<h2 class=\"wp-block-heading\">Opacit\u00e9 et Resistance<\/h2>\n\n\n\n<p style=\"font-size:15px\">\u00c0 travers le cadre conceptuel de \u00ab We Will Design \u2014 <em>Hello Darkness<\/em> \u00bb chez <a href=\"https:\/\/www.instagram.com\/base_milano?utm_source=ig_web_button_share_sheet&amp;igsh=ZDNlZDc0MzIxNw==\">BASE Milano<\/a>, le design op\u00e8re un virage radical: il d\u00e9laisse l&#8217;exigence de clart\u00e9 et d&#8217;utilit\u00e9 imm\u00e9diate pour r\u00e9habiliter <strong>l&#8217;opacit\u00e9<\/strong>. En s&#8217;appuyant sur des \u00ab forces invisibles \u00bb et des alliances inattendues, le projet refuse la logique de contr\u00f4le et de performance individuelle. En repla\u00e7ant l\u2019ambigu\u00eft\u00e9 et le myst\u00e8re au centre de l\u2019objet, le design devient un outil politique : il ne sert plus \u00e0 &#8220;\u00e9clairer&#8221; ou \u00e0 simplifier nos vies, mais \u00e0 pr\u00e9server des zones d&#8217;ombre o\u00f9 l&#8217;imaginaire et le collectif peuvent encore se d\u00e9ployer librement, hors des radars de la standardisation technologique.<\/p>\n\n\n\n<div class=\"wp-block-columns is-layout-flex wp-container-core-columns-is-layout-9d6595d7 wp-block-columns-is-layout-flex\">\n<div class=\"wp-block-column is-layout-flow wp-block-column-is-layout-flow\">\n<figure class=\"wp-block-image size-full\"><img loading=\"lazy\" decoding=\"async\" width=\"1300\" height=\"975\" src=\"https:\/\/leherpeurparis.com\/wp-content\/uploads\/2026\/04\/christos.voutsas_post_13_10_2025_09_55_153742343368853462675-1300x975.jpg\" alt=\"BASE Milano, We Will Design \u2014 Hello Darkness, Christos Voutsas\" class=\"wp-image-6560\" srcset=\"https:\/\/leherpeurparis.com\/wp-content\/uploads\/2026\/04\/christos.voutsas_post_13_10_2025_09_55_153742343368853462675-1300x975.jpg 1300w, https:\/\/leherpeurparis.com\/wp-content\/uploads\/2026\/04\/christos.voutsas_post_13_10_2025_09_55_153742343368853462675-300x225.jpg 300w, https:\/\/leherpeurparis.com\/wp-content\/uploads\/2026\/04\/christos.voutsas_post_13_10_2025_09_55_153742343368853462675-1024x768.jpg 1024w, https:\/\/leherpeurparis.com\/wp-content\/uploads\/2026\/04\/christos.voutsas_post_13_10_2025_09_55_153742343368853462675-768x576.jpg 768w, https:\/\/leherpeurparis.com\/wp-content\/uploads\/2026\/04\/christos.voutsas_post_13_10_2025_09_55_153742343368853462675-1536x1152.jpg 1536w, https:\/\/leherpeurparis.com\/wp-content\/uploads\/2026\/04\/christos.voutsas_post_13_10_2025_09_55_153742343368853462675.jpg 1920w\" sizes=\"auto, (max-width: 1300px) 100vw, 1300px\" \/><figcaption class=\"wp-element-caption\"><strong>\u00a9<\/strong> <a href=\"https:\/\/www.instagram.com\/base_milano?utm_source=ig_web_button_share_sheet&amp;igsh=ZDNlZDc0MzIxNw==\">BASE Milano<\/a>, We Will Design \u2014 <em>Hello Darkness<\/em>, <a href=\"https:\/\/www.instagram.com\/christos.voutsas?utm_source=ig_web_button_share_sheet&amp;igsh=ZDNlZDc0MzIxNw==\">Christos Voutsas<\/a><\/figcaption><\/figure>\n<\/div>\n<\/div>\n\n\n\n<h2 class=\"wp-block-heading\">\u00ab&nbsp;Metamorphosis in Motion&nbsp;\u00bb<\/h2>\n\n\n\n<p style=\"font-size:15px\">L\u2019oeuvre de <strong><a href=\"https:\/\/www.instagram.com\/linaghotmeh?utm_source=ig_web_button_share_sheet&amp;igsh=ZDNlZDc0MzIxNw==\">Lina Ghotmeh<\/a><\/strong> avec <strong>MOSCAPARTNERS VARIATIONS<\/strong> illustre cette mutation du b\u00e2ti : une architecture qui se revendique &#8220;inachev\u00e9e&#8221; pour laisser place \u00e0 la <strong>\u00ab <em>Metamorphosis<\/em> \u00bb<\/strong>. L&#8217;espace ne s&#8217;active que par le corps de l&#8217;autre. Ici, le design n&#8217;est plus une structure rigide, mais une exp\u00e9rience collective o\u00f9 l&#8217;usager devient le dernier maillon.&nbsp;<\/p>\n\n\n\n<div class=\"wp-block-columns is-layout-flex wp-container-core-columns-is-layout-9d6595d7 wp-block-columns-is-layout-flex\">\n<div class=\"wp-block-column is-layout-flow wp-block-column-is-layout-flow\">\n<div class=\"wp-block-columns is-layout-flex wp-container-core-columns-is-layout-9d6595d7 wp-block-columns-is-layout-flex\">\n<div class=\"wp-block-column is-layout-flow wp-block-column-is-layout-flow\">\n<figure class=\"wp-block-image size-large\"><img loading=\"lazy\" decoding=\"async\" width=\"819\" height=\"1024\" src=\"https:\/\/leherpeurparis.com\/wp-content\/uploads\/2026\/04\/linaghotmeh_architecture_post_20_04_2026_17_07_143879542502005206233-819x1024.webp\" alt=\" Lina Ghotmeh , Metamorphis In Motion avec MOSCAPARTNERS VARIATIONS\" class=\"wp-image-6556\" srcset=\"https:\/\/leherpeurparis.com\/wp-content\/uploads\/2026\/04\/linaghotmeh_architecture_post_20_04_2026_17_07_143879542502005206233-819x1024.webp 819w, https:\/\/leherpeurparis.com\/wp-content\/uploads\/2026\/04\/linaghotmeh_architecture_post_20_04_2026_17_07_143879542502005206233-240x300.webp 240w, https:\/\/leherpeurparis.com\/wp-content\/uploads\/2026\/04\/linaghotmeh_architecture_post_20_04_2026_17_07_143879542502005206233-768x960.webp 768w, https:\/\/leherpeurparis.com\/wp-content\/uploads\/2026\/04\/linaghotmeh_architecture_post_20_04_2026_17_07_143879542502005206233-1229x1536.webp 1229w, https:\/\/leherpeurparis.com\/wp-content\/uploads\/2026\/04\/linaghotmeh_architecture_post_20_04_2026_17_07_143879542502005206233-1300x1625.webp 1300w, https:\/\/leherpeurparis.com\/wp-content\/uploads\/2026\/04\/linaghotmeh_architecture_post_20_04_2026_17_07_143879542502005206233.webp 1440w\" sizes=\"auto, (max-width: 819px) 100vw, 819px\" \/><figcaption class=\"wp-element-caption\"> <strong>\u00a9<\/strong> <strong><a href=\"https:\/\/www.instagram.com\/linaghotmeh?utm_source=ig_web_button_share_sheet&amp;igsh=ZDNlZDc0MzIxNw==\">Lina Ghotmeh<\/a><\/strong> , <em>Metamorphis In Motion<\/em> avec <strong>MOSCAPARTNERS VARIATIONS<\/strong><\/figcaption><\/figure>\n<\/div>\n\n\n\n<div class=\"wp-block-column is-layout-flow wp-block-column-is-layout-flow\">\n<figure class=\"wp-block-image size-large\"><img loading=\"lazy\" decoding=\"async\" width=\"819\" height=\"1024\" src=\"https:\/\/leherpeurparis.com\/wp-content\/uploads\/2026\/04\/moscapartners_post_26_02_2026_15_01_323841096187550129113-819x1024.jpg\" alt=\" Lina Ghotmeh , Metamorphis In Motion avec MOSCAPARTNERS VARIATIONS\" class=\"wp-image-6558\" srcset=\"https:\/\/leherpeurparis.com\/wp-content\/uploads\/2026\/04\/moscapartners_post_26_02_2026_15_01_323841096187550129113-819x1024.jpg 819w, https:\/\/leherpeurparis.com\/wp-content\/uploads\/2026\/04\/moscapartners_post_26_02_2026_15_01_323841096187550129113-240x300.jpg 240w, https:\/\/leherpeurparis.com\/wp-content\/uploads\/2026\/04\/moscapartners_post_26_02_2026_15_01_323841096187550129113-768x960.jpg 768w, https:\/\/leherpeurparis.com\/wp-content\/uploads\/2026\/04\/moscapartners_post_26_02_2026_15_01_323841096187550129113-1229x1536.jpg 1229w, https:\/\/leherpeurparis.com\/wp-content\/uploads\/2026\/04\/moscapartners_post_26_02_2026_15_01_323841096187550129113-1300x1625.jpg 1300w, https:\/\/leherpeurparis.com\/wp-content\/uploads\/2026\/04\/moscapartners_post_26_02_2026_15_01_323841096187550129113.jpg 1440w\" sizes=\"auto, (max-width: 819px) 100vw, 819px\" \/><\/figure>\n<\/div>\n<\/div>\n<\/div>\n<\/div>\n\n\n\n<h2 class=\"wp-block-heading\">Entre Pr\u00e9servation et R\u00e9ensauvagement<\/h2>\n\n\n\n<p style=\"font-size:15px\">Le collectif <strong><a href=\"https:\/\/www.instagram.com\/alcova.milano?utm_source=ig_web_button_share_sheet&amp;igsh=ZDNlZDc0MzIxNw==\">Alcova<\/a><\/strong> poursuit son exploration des lieux en d\u00e9sh\u00e9rence, transformant chaque b\u00e2timent en un champ de <strong>possibilit\u00e9s narratives<\/strong>. Entre pr\u00e9servation et r\u00e9invention, on observe un v\u00e9ritable \u00ab <strong>r\u00e9ensauvagement architectural <\/strong>\u00bb. Le mobilier n&#8217;est plus un \u00e9l\u00e9ment \u00e9tranger parachut\u00e9, il devient partie int\u00e9grante \u00e0 l&#8217;histoire du lieu. C&#8217;est l&#8217;apog\u00e9e du design soustractif : savoir habiter la ruine et cultiver la \u00ab conscience du vide \u00bb plut\u00f4t que de l\u2019aseptiser.<\/p>\n\n\n\n<div class=\"wp-block-columns is-layout-flex wp-container-core-columns-is-layout-9d6595d7 wp-block-columns-is-layout-flex\">\n<div class=\"wp-block-column is-layout-flow wp-block-column-is-layout-flow\">\n<figure class=\"wp-block-image size-full\"><img loading=\"lazy\" decoding=\"async\" width=\"1300\" height=\"1625\" src=\"https:\/\/leherpeurparis.com\/wp-content\/uploads\/2026\/04\/alcova.milano_post_22_04_2026_12_57_133880866805913029592-1300x1625.jpg\" alt=\"Alcova , @elisauberti \" class=\"wp-image-6552\" style=\"aspect-ratio:3\/4;object-fit:cover\" srcset=\"https:\/\/leherpeurparis.com\/wp-content\/uploads\/2026\/04\/alcova.milano_post_22_04_2026_12_57_133880866805913029592-1300x1625.jpg 1300w, https:\/\/leherpeurparis.com\/wp-content\/uploads\/2026\/04\/alcova.milano_post_22_04_2026_12_57_133880866805913029592-240x300.jpg 240w, https:\/\/leherpeurparis.com\/wp-content\/uploads\/2026\/04\/alcova.milano_post_22_04_2026_12_57_133880866805913029592-819x1024.jpg 819w, https:\/\/leherpeurparis.com\/wp-content\/uploads\/2026\/04\/alcova.milano_post_22_04_2026_12_57_133880866805913029592-768x960.jpg 768w, https:\/\/leherpeurparis.com\/wp-content\/uploads\/2026\/04\/alcova.milano_post_22_04_2026_12_57_133880866805913029592-1229x1536.jpg 1229w, https:\/\/leherpeurparis.com\/wp-content\/uploads\/2026\/04\/alcova.milano_post_22_04_2026_12_57_133880866805913029592.jpg 1440w\" sizes=\"auto, (max-width: 1300px) 100vw, 1300px\" \/><figcaption class=\"wp-element-caption\"><strong>\u00a9<\/strong> <a href=\"https:\/\/www.instagram.com\/alcova.milano?utm_source=ig_web_button_share_sheet&amp;igsh=ZDNlZDc0MzIxNw==\">Alcova<\/a> , <a href=\"https:\/\/www.instagram.com\/elisauberti\/\">@elisauberti<\/a> et <a href=\"https:\/\/www.instagram.com\/versa.versa.versa\/\">@versa.versa.versa<\/a><br><a href=\"https:\/\/www.instagram.com\/leolague\/\">@leolague<\/a><\/figcaption><\/figure>\n<\/div>\n\n\n\n<div class=\"wp-block-column is-layout-flow wp-block-column-is-layout-flow\">\n<figure class=\"wp-block-image size-large\"><img loading=\"lazy\" decoding=\"async\" width=\"773\" height=\"1024\" src=\"https:\/\/leherpeurparis.com\/wp-content\/uploads\/2026\/04\/alcova.milano_post_21_04_2026_16_17_223880242059483614831-1-773x1024.jpg\" alt=\"Alcova ,@versa.versa.versa\n@leolague\" class=\"wp-image-6554\" style=\"aspect-ratio:3\/4;object-fit:cover\" srcset=\"https:\/\/leherpeurparis.com\/wp-content\/uploads\/2026\/04\/alcova.milano_post_21_04_2026_16_17_223880242059483614831-1-773x1024.jpg 773w, https:\/\/leherpeurparis.com\/wp-content\/uploads\/2026\/04\/alcova.milano_post_21_04_2026_16_17_223880242059483614831-1-227x300.jpg 227w, https:\/\/leherpeurparis.com\/wp-content\/uploads\/2026\/04\/alcova.milano_post_21_04_2026_16_17_223880242059483614831-1-768x1017.jpg 768w, https:\/\/leherpeurparis.com\/wp-content\/uploads\/2026\/04\/alcova.milano_post_21_04_2026_16_17_223880242059483614831-1-1160x1536.jpg 1160w, https:\/\/leherpeurparis.com\/wp-content\/uploads\/2026\/04\/alcova.milano_post_21_04_2026_16_17_223880242059483614831-1-1300x1722.jpg 1300w, https:\/\/leherpeurparis.com\/wp-content\/uploads\/2026\/04\/alcova.milano_post_21_04_2026_16_17_223880242059483614831-1.jpg 1323w\" sizes=\"auto, (max-width: 773px) 100vw, 773px\" \/><\/figure>\n<\/div>\n<\/div>\n\n\n\n<h2 class=\"wp-block-heading\">Rien sans la Pens\u00e9e<\/h2>\n\n\n\n<p style=\"font-size:15px\">Le duo <a href=\"https:\/\/www.instagram.com\/formafantasma?utm_source=ig_web_button_share_sheet&amp;igsh=ZDNlZDc0MzIxNw==\">Formafantasma<\/a> et <a href=\"https:\/\/www.instagram.com\/prada?utm_source=ig_web_button_share_sheet&amp;igsh=ZDNlZDc0MzIxNw==\">Prada<\/a> Frames confirment que le luxe de demain est intellectuel : ils diss\u00e8quent la cr\u00e9ation d\u2019image non pas comme une finalit\u00e9 esth\u00e9tique, mais comme un mat\u00e9riau mall\u00e9able. \u00c0 travers un cycle de conf\u00e9rences et de d\u00e9ambulations performatives, l&#8217;image cesse d&#8217;\u00eatre un produit de consommation visuelle pour devenir une question pos\u00e9e au r\u00e9el. En se concentrant sur les id\u00e9es plut\u00f4t que sur les produits, ils transforment le design en un vaisseau de progr\u00e8s transdisciplinaire. L\u2019objet physique s&#8217;efface au profit d&#8217;un support de r\u00e9flexion politique et \u00e9cologique, faisant de l&#8217;inachev\u00e9 une plateforme de savoirs partag\u00e9s.<\/p>\n\n\n\n<div class=\"wp-block-columns is-layout-flex wp-container-core-columns-is-layout-9d6595d7 wp-block-columns-is-layout-flex\">\n<div class=\"wp-block-column is-layout-flow wp-block-column-is-layout-flow\">\n<figure class=\"wp-block-image size-large\"><img loading=\"lazy\" decoding=\"async\" width=\"819\" height=\"1024\" src=\"https:\/\/leherpeurparis.com\/wp-content\/uploads\/2026\/04\/formafantasma_post_17_04_2026_09_00_003876642633753842203-819x1024.jpg\" alt=\" Formafantasma, Prada Frames \n\" class=\"wp-image-6548\" srcset=\"https:\/\/leherpeurparis.com\/wp-content\/uploads\/2026\/04\/formafantasma_post_17_04_2026_09_00_003876642633753842203-819x1024.jpg 819w, https:\/\/leherpeurparis.com\/wp-content\/uploads\/2026\/04\/formafantasma_post_17_04_2026_09_00_003876642633753842203-240x300.jpg 240w, https:\/\/leherpeurparis.com\/wp-content\/uploads\/2026\/04\/formafantasma_post_17_04_2026_09_00_003876642633753842203-768x960.jpg 768w, https:\/\/leherpeurparis.com\/wp-content\/uploads\/2026\/04\/formafantasma_post_17_04_2026_09_00_003876642633753842203.jpg 1080w\" sizes=\"auto, (max-width: 819px) 100vw, 819px\" \/><figcaption class=\"wp-element-caption\"><strong>\u00a9<\/strong> <a href=\"https:\/\/www.instagram.com\/formafantasma?utm_source=ig_web_button_share_sheet&amp;igsh=ZDNlZDc0MzIxNw==\">Formafantasma<\/a>, <a href=\"https:\/\/www.instagram.com\/prada?utm_source=ig_web_button_share_sheet&amp;igsh=ZDNlZDc0MzIxNw==\">Prada<\/a> Frames <\/figcaption><\/figure>\n<\/div>\n\n\n\n<div class=\"wp-block-column is-vertically-aligned-center is-layout-flow wp-block-column-is-layout-flow\">\n<figure class=\"wp-block-image size-large\"><img loading=\"lazy\" decoding=\"async\" width=\"769\" height=\"1024\" src=\"https:\/\/leherpeurparis.com\/wp-content\/uploads\/2026\/04\/formafantasma_post_19_04_2026_17_38_083878833402082245052-769x1024.jpg\" alt=\" Formafantasma, Prada Frames \" class=\"wp-image-6550\" srcset=\"https:\/\/leherpeurparis.com\/wp-content\/uploads\/2026\/04\/formafantasma_post_19_04_2026_17_38_083878833402082245052-769x1024.jpg 769w, https:\/\/leherpeurparis.com\/wp-content\/uploads\/2026\/04\/formafantasma_post_19_04_2026_17_38_083878833402082245052-225x300.jpg 225w, https:\/\/leherpeurparis.com\/wp-content\/uploads\/2026\/04\/formafantasma_post_19_04_2026_17_38_083878833402082245052-768x1023.jpg 768w, https:\/\/leherpeurparis.com\/wp-content\/uploads\/2026\/04\/formafantasma_post_19_04_2026_17_38_083878833402082245052-1153x1536.jpg 1153w, https:\/\/leherpeurparis.com\/wp-content\/uploads\/2026\/04\/formafantasma_post_19_04_2026_17_38_083878833402082245052-330x440.jpg 330w, https:\/\/leherpeurparis.com\/wp-content\/uploads\/2026\/04\/formafantasma_post_19_04_2026_17_38_083878833402082245052-1300x1732.jpg 1300w, https:\/\/leherpeurparis.com\/wp-content\/uploads\/2026\/04\/formafantasma_post_19_04_2026_17_38_083878833402082245052.jpg 1440w\" sizes=\"auto, (max-width: 769px) 100vw, 769px\" \/><\/figure>\n<\/div>\n<\/div>\n\n\n\n<h2 class=\"wp-block-heading\">Objets Nomades<\/h2>\n\n\n\n<p style=\"font-size:15px\">Enfin, la <strong><a href=\"https:\/\/capsule.global\/plaza\">Capsule Plaza<\/a><\/strong> red\u00e9finit la domesticit\u00e9 \u00e0 travers le concept du \u00ab <em>Plug-and-Stay<\/em> \u00bb. Nous voyons \u00e9merger des objets &#8220;agnostiques&#8221;, capables de migrer d&#8217;une boutique milanaise \u00e0 un studio tokyo\u00efte sans perdre leur pertinence. Ni tout \u00e0 fait meubles, ni tout \u00e0 fait appareils \u00e9lectroniques, ces infrastructures portatives r\u00e9pondent au nomadisme contemporain. L&#8217;objet ne d\u00e9finit plus le lieu mais le devient.<\/p>\n\n\n\n<div class=\"wp-block-columns is-layout-flex wp-container-core-columns-is-layout-9d6595d7 wp-block-columns-is-layout-flex\">\n<div class=\"wp-block-column is-layout-flow wp-block-column-is-layout-flow\"><div class=\"wp-block-image\">\n<figure class=\"aligncenter size-full is-resized\"><img loading=\"lazy\" decoding=\"async\" width=\"1080\" height=\"1080\" src=\"https:\/\/leherpeurparis.com\/wp-content\/uploads\/2026\/04\/Frame-2594.png\" alt=\" Capsule Plaza, Massimo Osti Studio pour Stone Island\" class=\"wp-image-6544\" style=\"width:416px;height:auto\" srcset=\"https:\/\/leherpeurparis.com\/wp-content\/uploads\/2026\/04\/Frame-2594.png 1080w, https:\/\/leherpeurparis.com\/wp-content\/uploads\/2026\/04\/Frame-2594-300x300.png 300w, https:\/\/leherpeurparis.com\/wp-content\/uploads\/2026\/04\/Frame-2594-1024x1024.png 1024w, https:\/\/leherpeurparis.com\/wp-content\/uploads\/2026\/04\/Frame-2594-150x150.png 150w, https:\/\/leherpeurparis.com\/wp-content\/uploads\/2026\/04\/Frame-2594-768x768.png 768w\" sizes=\"auto, (max-width: 1080px) 100vw, 1080px\" \/><figcaption class=\"wp-element-caption\"><strong>\u00a9<\/strong> <a href=\"https:\/\/capsule.global\/plaza\">Capsule Plaza<\/a>, <a href=\"https:\/\/www.instagram.com\/massimoostistudio?utm_source=ig_web_button_share_sheet&amp;igsh=ZDNlZDc0MzIxNw==\">Massimo Osti Studio<\/a> pour Stone Island<\/figcaption><\/figure><\/div><\/div>\n\n\n\n<div class=\"wp-block-column is-layout-flow wp-block-column-is-layout-flow\">\n<figure class=\"wp-block-image size-full\"><img loading=\"lazy\" decoding=\"async\" width=\"1080\" height=\"1080\" src=\"https:\/\/leherpeurparis.com\/wp-content\/uploads\/2026\/04\/Frame-2595.png\" alt=\" Capsule Plaza, Massimo Osti Studio pour Stone Island\" class=\"wp-image-6546\" srcset=\"https:\/\/leherpeurparis.com\/wp-content\/uploads\/2026\/04\/Frame-2595.png 1080w, https:\/\/leherpeurparis.com\/wp-content\/uploads\/2026\/04\/Frame-2595-300x300.png 300w, https:\/\/leherpeurparis.com\/wp-content\/uploads\/2026\/04\/Frame-2595-1024x1024.png 1024w, https:\/\/leherpeurparis.com\/wp-content\/uploads\/2026\/04\/Frame-2595-150x150.png 150w, https:\/\/leherpeurparis.com\/wp-content\/uploads\/2026\/04\/Frame-2595-768x768.png 768w\" sizes=\"auto, (max-width: 1080px) 100vw, 1080px\" \/><\/figure>\n<\/div>\n<\/div>\n\n\n\n<div style=\"height:53px\" aria-hidden=\"true\" class=\"wp-block-spacer\"><\/div>\n\n\n\n<p>Ce que Milan Design Week 2026 nous sugg\u00e8re, c&#8217;est que le design ne r\u00e9side plus dans la possession d&#8217;un objet immuable et parfait, mais dans la participation \u00e0 un processus. Admettre l&#8217;inachev\u00e9, c&#8217;est laisser \u00e0 l&#8217;utilisateur l&#8217;espace n\u00e9cessaire pour projeter son propre imaginaire. Le design n&#8217;est plus l\u00e0 pour clore un d\u00e9bat, mais pour ouvrir le dialogue.<\/p>\n\n\n\n<div style=\"height:53px\" aria-hidden=\"true\" class=\"wp-block-spacer\"><\/div>\n\n\n\n<div class=\"wp-block-buttons is-content-justification-center is-layout-flex wp-container-core-buttons-is-layout-16018d1d wp-block-buttons-is-layout-flex\">\n<div class=\"wp-block-button is-style-fill\"><a class=\"wp-block-button__link wp-element-button\" href=\"https:\/\/leherpeurparis.com\/news\/\">D\u00e9couvrir nos articles pr\u00e9c\u00e9dents<\/a><\/div>\n<\/div>\n\n\n\n<div style=\"height:30px\" aria-hidden=\"true\" class=\"wp-block-spacer\"><\/div>\n\n\n<div class=\"wp-block-image\">\n<figure class=\"aligncenter size-large is-resized\"><img loading=\"lazy\" decoding=\"async\" width=\"1024\" height=\"124\" src=\"https:\/\/leherpeurparis.com\/wp-content\/uploads\/2025\/06\/logo_LP_WTP-2-1024x124.png\" alt=\"\" class=\"wp-image-5438\" style=\"width:430px;height:auto\" srcset=\"https:\/\/leherpeurparis.com\/wp-content\/uploads\/2025\/06\/logo_LP_WTP-2-1024x124.png 1024w, https:\/\/leherpeurparis.com\/wp-content\/uploads\/2025\/06\/logo_LP_WTP-2-300x36.png 300w, https:\/\/leherpeurparis.com\/wp-content\/uploads\/2025\/06\/logo_LP_WTP-2-768x93.png 768w, https:\/\/leherpeurparis.com\/wp-content\/uploads\/2025\/06\/logo_LP_WTP-2-1536x186.png 1536w, https:\/\/leherpeurparis.com\/wp-content\/uploads\/2025\/06\/logo_LP_WTP-2-2048x249.png 2048w, https:\/\/leherpeurparis.com\/wp-content\/uploads\/2025\/06\/logo_LP_WTP-2-1300x158.png 1300w\" sizes=\"auto, (max-width: 1024px) 100vw, 1024px\" \/><\/figure><\/div>","protected":false},"excerpt":{"rendered":"<p>Et si le design ne servait plus \u00e0 combler le vide, mais \u00e0 sculpter l\u2019incertitude ? Cette ann\u00e9e est marqu\u00e9e par l\u2019overdose de la perfection algorithmique et du lissage industriel, [&hellip;]<\/p>\n","protected":false},"author":3,"featured_media":6554,"comment_status":"closed","ping_status":"closed","sticky":false,"template":"","format":"standard","meta":{"_acf_changed":false,"footnotes":""},"categories":[155],"tags":[214,241,195],"class_list":["post-6531","post","type-post","status-publish","format-standard","has-post-thumbnail","hentry","category-prospective","tag-design","tag-milan","tag-prospective"],"acf":[],"yoast_head":"<!-- This site is optimized with the Yoast SEO plugin v27.4 - https:\/\/yoast.com\/product\/yoast-seo-wordpress\/ -->\n<title>L\u2019\u0152il Milan Design Week 2026 | LeherpeurParis<\/title>\n<meta name=\"description\" content=\"D\u00e9cryptage Milan Design Week 2026. Et si le design ne servait plus \u00e0 combler le vide, mais \u00e0 sculpter l\u2019incertitude ?\" \/>\n<meta name=\"robots\" content=\"index, follow, max-snippet:-1, max-image-preview:large, max-video-preview:-1\" \/>\n<link rel=\"canonical\" href=\"https:\/\/leherpeurparis.com\/en\/prospective\/loeil-milan-design-week-2026\/\" \/>\n<meta property=\"og:locale\" content=\"en_US\" \/>\n<meta property=\"og:type\" content=\"article\" \/>\n<meta property=\"og:title\" content=\"L\u2019\u0152il Milan Design Week 2026 | LeherpeurParis\" \/>\n<meta property=\"og:description\" content=\"D\u00e9cryptage Milan Design Week 2026. Et si le design ne servait plus \u00e0 combler le vide, mais \u00e0 sculpter l\u2019incertitude ?\" \/>\n<meta property=\"og:url\" content=\"https:\/\/leherpeurparis.com\/en\/prospective\/loeil-milan-design-week-2026\/\" \/>\n<meta property=\"og:site_name\" content=\"LeherpeurParis\" \/>\n<meta property=\"article:published_time\" content=\"2026-04-27T09:01:27+00:00\" \/>\n<meta property=\"article:modified_time\" content=\"2026-04-27T09:12:27+00:00\" \/>\n<meta property=\"og:image\" content=\"https:\/\/leherpeurparis.com\/wp-content\/uploads\/2026\/04\/alcova.milano_post_21_04_2026_16_17_223880242059483614831-1-1300x1722.jpg\" \/>\n\t<meta property=\"og:image:width\" content=\"1323\" \/>\n\t<meta property=\"og:image:height\" content=\"1752\" \/>\n\t<meta property=\"og:image:type\" content=\"image\/jpeg\" \/>\n<meta name=\"author\" content=\"Morgane\" \/>\n<meta name=\"twitter:card\" content=\"summary_large_image\" \/>\n<meta name=\"twitter:label1\" content=\"Written by\" \/>\n\t<meta name=\"twitter:data1\" content=\"Morgane\" \/>\n\t<meta name=\"twitter:label2\" content=\"Est. reading time\" \/>\n\t<meta name=\"twitter:data2\" content=\"6 minutes\" \/>\n<script type=\"application\/ld+json\" class=\"yoast-schema-graph\">{\"@context\":\"https:\\\/\\\/schema.org\",\"@graph\":[{\"@type\":\"Article\",\"@id\":\"https:\\\/\\\/leherpeurparis.com\\\/en\\\/prospective\\\/loeil-milan-design-week-2026\\\/#article\",\"isPartOf\":{\"@id\":\"https:\\\/\\\/leherpeurparis.com\\\/en\\\/prospective\\\/loeil-milan-design-week-2026\\\/\"},\"author\":{\"name\":\"Morgane\",\"@id\":\"https:\\\/\\\/leherpeurparis.com\\\/en\\\/#\\\/schema\\\/person\\\/5836b46e700c1b6bada2f21f963569bf\"},\"headline\":\"L\u2019\u0152il Milan Design Week 2026\",\"datePublished\":\"2026-04-27T09:01:27+00:00\",\"dateModified\":\"2026-04-27T09:12:27+00:00\",\"mainEntityOfPage\":{\"@id\":\"https:\\\/\\\/leherpeurparis.com\\\/en\\\/prospective\\\/loeil-milan-design-week-2026\\\/\"},\"wordCount\":653,\"publisher\":{\"@id\":\"https:\\\/\\\/leherpeurparis.com\\\/en\\\/#organization\"},\"image\":{\"@id\":\"https:\\\/\\\/leherpeurparis.com\\\/en\\\/prospective\\\/loeil-milan-design-week-2026\\\/#primaryimage\"},\"thumbnailUrl\":\"https:\\\/\\\/leherpeurparis.com\\\/wp-content\\\/uploads\\\/2026\\\/04\\\/alcova.milano_post_21_04_2026_16_17_223880242059483614831-1-1300x1722.jpg\",\"keywords\":[\"design\",\"milan\",\"prospective\"],\"articleSection\":[\"prospective\"],\"inLanguage\":\"en-US\"},{\"@type\":\"WebPage\",\"@id\":\"https:\\\/\\\/leherpeurparis.com\\\/en\\\/prospective\\\/loeil-milan-design-week-2026\\\/\",\"url\":\"https:\\\/\\\/leherpeurparis.com\\\/en\\\/prospective\\\/loeil-milan-design-week-2026\\\/\",\"name\":\"L\u2019\u0152il Milan Design Week 2026 | LeherpeurParis\",\"isPartOf\":{\"@id\":\"https:\\\/\\\/leherpeurparis.com\\\/en\\\/#website\"},\"primaryImageOfPage\":{\"@id\":\"https:\\\/\\\/leherpeurparis.com\\\/en\\\/prospective\\\/loeil-milan-design-week-2026\\\/#primaryimage\"},\"image\":{\"@id\":\"https:\\\/\\\/leherpeurparis.com\\\/en\\\/prospective\\\/loeil-milan-design-week-2026\\\/#primaryimage\"},\"thumbnailUrl\":\"https:\\\/\\\/leherpeurparis.com\\\/wp-content\\\/uploads\\\/2026\\\/04\\\/alcova.milano_post_21_04_2026_16_17_223880242059483614831-1-1300x1722.jpg\",\"datePublished\":\"2026-04-27T09:01:27+00:00\",\"dateModified\":\"2026-04-27T09:12:27+00:00\",\"description\":\"D\u00e9cryptage Milan Design Week 2026. Et si le design ne servait plus \u00e0 combler le vide, mais \u00e0 sculpter l\u2019incertitude ?\",\"breadcrumb\":{\"@id\":\"https:\\\/\\\/leherpeurparis.com\\\/en\\\/prospective\\\/loeil-milan-design-week-2026\\\/#breadcrumb\"},\"inLanguage\":\"en-US\",\"potentialAction\":[{\"@type\":\"ReadAction\",\"target\":[\"https:\\\/\\\/leherpeurparis.com\\\/en\\\/prospective\\\/loeil-milan-design-week-2026\\\/\"]}]},{\"@type\":\"ImageObject\",\"inLanguage\":\"en-US\",\"@id\":\"https:\\\/\\\/leherpeurparis.com\\\/en\\\/prospective\\\/loeil-milan-design-week-2026\\\/#primaryimage\",\"url\":\"https:\\\/\\\/leherpeurparis.com\\\/wp-content\\\/uploads\\\/2026\\\/04\\\/alcova.milano_post_21_04_2026_16_17_223880242059483614831-1-1300x1722.jpg\",\"contentUrl\":\"https:\\\/\\\/leherpeurparis.com\\\/wp-content\\\/uploads\\\/2026\\\/04\\\/alcova.milano_post_21_04_2026_16_17_223880242059483614831-1-1300x1722.jpg\",\"width\":1323,\"height\":1752},{\"@type\":\"BreadcrumbList\",\"@id\":\"https:\\\/\\\/leherpeurparis.com\\\/en\\\/prospective\\\/loeil-milan-design-week-2026\\\/#breadcrumb\",\"itemListElement\":[{\"@type\":\"ListItem\",\"position\":1,\"name\":\"Accueil\",\"item\":\"https:\\\/\\\/leherpeurparis.com\\\/en\\\/\"},{\"@type\":\"ListItem\",\"position\":2,\"name\":\"L\u2019\u0152il Milan Design Week 2026\"}]},{\"@type\":\"WebSite\",\"@id\":\"https:\\\/\\\/leherpeurparis.com\\\/en\\\/#website\",\"url\":\"https:\\\/\\\/leherpeurparis.com\\\/en\\\/\",\"name\":\"LeherpeurParis\",\"description\":\"Consulting office - Paris and Shanghai\",\"publisher\":{\"@id\":\"https:\\\/\\\/leherpeurparis.com\\\/en\\\/#organization\"},\"potentialAction\":[{\"@type\":\"SearchAction\",\"target\":{\"@type\":\"EntryPoint\",\"urlTemplate\":\"https:\\\/\\\/leherpeurparis.com\\\/en\\\/?s={search_term_string}\"},\"query-input\":{\"@type\":\"PropertyValueSpecification\",\"valueRequired\":true,\"valueName\":\"search_term_string\"}}],\"inLanguage\":\"en-US\"},{\"@type\":\"Organization\",\"@id\":\"https:\\\/\\\/leherpeurparis.com\\\/en\\\/#organization\",\"name\":\"Leherpeur Paris\",\"url\":\"https:\\\/\\\/leherpeurparis.com\\\/en\\\/\",\"logo\":{\"@type\":\"ImageObject\",\"inLanguage\":\"en-US\",\"@id\":\"https:\\\/\\\/leherpeurparis.com\\\/en\\\/#\\\/schema\\\/logo\\\/image\\\/\",\"url\":\"https:\\\/\\\/leherpeurparis.com\\\/wp-content\\\/uploads\\\/2022\\\/07\\\/Logo-Leherpeur-Paris.jpg\",\"contentUrl\":\"https:\\\/\\\/leherpeurparis.com\\\/wp-content\\\/uploads\\\/2022\\\/07\\\/Logo-Leherpeur-Paris.jpg\",\"width\":800,\"height\":300,\"caption\":\"Leherpeur Paris\"},\"image\":{\"@id\":\"https:\\\/\\\/leherpeurparis.com\\\/en\\\/#\\\/schema\\\/logo\\\/image\\\/\"},\"sameAs\":[\"https:\\\/\\\/www.instagram.com\\\/leherpeurparis\\\/\",\"https:\\\/\\\/www.pinterest.fr\\\/mlcparis\\\/\",\"https:\\\/\\\/www.linkedin.com\\\/company\\\/bureauleherpeur\\\/\"]},{\"@type\":\"Person\",\"@id\":\"https:\\\/\\\/leherpeurparis.com\\\/en\\\/#\\\/schema\\\/person\\\/5836b46e700c1b6bada2f21f963569bf\",\"name\":\"Morgane\",\"image\":{\"@type\":\"ImageObject\",\"inLanguage\":\"en-US\",\"@id\":\"https:\\\/\\\/secure.gravatar.com\\\/avatar\\\/aaef38f8fe29ef71f7e7758786a4353dd80166c3783061e2e3029314f79a2142?s=96&d=mm&r=g\",\"url\":\"https:\\\/\\\/secure.gravatar.com\\\/avatar\\\/aaef38f8fe29ef71f7e7758786a4353dd80166c3783061e2e3029314f79a2142?s=96&d=mm&r=g\",\"contentUrl\":\"https:\\\/\\\/secure.gravatar.com\\\/avatar\\\/aaef38f8fe29ef71f7e7758786a4353dd80166c3783061e2e3029314f79a2142?s=96&d=mm&r=g\",\"caption\":\"Morgane\"},\"url\":\"https:\\\/\\\/leherpeurparis.com\\\/en\\\/author\\\/webmasterwa\\\/\"}]}<\/script>\n<!-- \/ Yoast SEO plugin. -->","yoast_head_json":{"title":"L\u2019\u0152il Milan Design Week 2026 | LeherpeurParis","description":"D\u00e9cryptage Milan Design Week 2026. Et si le design ne servait plus \u00e0 combler le vide, mais \u00e0 sculpter l\u2019incertitude ?","robots":{"index":"index","follow":"follow","max-snippet":"max-snippet:-1","max-image-preview":"max-image-preview:large","max-video-preview":"max-video-preview:-1"},"canonical":"https:\/\/leherpeurparis.com\/en\/prospective\/loeil-milan-design-week-2026\/","og_locale":"en_US","og_type":"article","og_title":"L\u2019\u0152il Milan Design Week 2026 | LeherpeurParis","og_description":"D\u00e9cryptage Milan Design Week 2026. Et si le design ne servait plus \u00e0 combler le vide, mais \u00e0 sculpter l\u2019incertitude ?","og_url":"https:\/\/leherpeurparis.com\/en\/prospective\/loeil-milan-design-week-2026\/","og_site_name":"LeherpeurParis","article_published_time":"2026-04-27T09:01:27+00:00","article_modified_time":"2026-04-27T09:12:27+00:00","og_image":[{"width":1323,"height":1752,"url":"https:\/\/leherpeurparis.com\/wp-content\/uploads\/2026\/04\/alcova.milano_post_21_04_2026_16_17_223880242059483614831-1-1300x1722.jpg","type":"image\/jpeg"}],"author":"Morgane","twitter_card":"summary_large_image","twitter_misc":{"Written by":"Morgane","Est. reading time":"6 minutes"},"schema":{"@context":"https:\/\/schema.org","@graph":[{"@type":"Article","@id":"https:\/\/leherpeurparis.com\/en\/prospective\/loeil-milan-design-week-2026\/#article","isPartOf":{"@id":"https:\/\/leherpeurparis.com\/en\/prospective\/loeil-milan-design-week-2026\/"},"author":{"name":"Morgane","@id":"https:\/\/leherpeurparis.com\/en\/#\/schema\/person\/5836b46e700c1b6bada2f21f963569bf"},"headline":"L\u2019\u0152il Milan Design Week 2026","datePublished":"2026-04-27T09:01:27+00:00","dateModified":"2026-04-27T09:12:27+00:00","mainEntityOfPage":{"@id":"https:\/\/leherpeurparis.com\/en\/prospective\/loeil-milan-design-week-2026\/"},"wordCount":653,"publisher":{"@id":"https:\/\/leherpeurparis.com\/en\/#organization"},"image":{"@id":"https:\/\/leherpeurparis.com\/en\/prospective\/loeil-milan-design-week-2026\/#primaryimage"},"thumbnailUrl":"https:\/\/leherpeurparis.com\/wp-content\/uploads\/2026\/04\/alcova.milano_post_21_04_2026_16_17_223880242059483614831-1-1300x1722.jpg","keywords":["design","milan","prospective"],"articleSection":["prospective"],"inLanguage":"en-US"},{"@type":"WebPage","@id":"https:\/\/leherpeurparis.com\/en\/prospective\/loeil-milan-design-week-2026\/","url":"https:\/\/leherpeurparis.com\/en\/prospective\/loeil-milan-design-week-2026\/","name":"L\u2019\u0152il Milan Design Week 2026 | LeherpeurParis","isPartOf":{"@id":"https:\/\/leherpeurparis.com\/en\/#website"},"primaryImageOfPage":{"@id":"https:\/\/leherpeurparis.com\/en\/prospective\/loeil-milan-design-week-2026\/#primaryimage"},"image":{"@id":"https:\/\/leherpeurparis.com\/en\/prospective\/loeil-milan-design-week-2026\/#primaryimage"},"thumbnailUrl":"https:\/\/leherpeurparis.com\/wp-content\/uploads\/2026\/04\/alcova.milano_post_21_04_2026_16_17_223880242059483614831-1-1300x1722.jpg","datePublished":"2026-04-27T09:01:27+00:00","dateModified":"2026-04-27T09:12:27+00:00","description":"D\u00e9cryptage Milan Design Week 2026. Et si le design ne servait plus \u00e0 combler le vide, mais \u00e0 sculpter l\u2019incertitude ?","breadcrumb":{"@id":"https:\/\/leherpeurparis.com\/en\/prospective\/loeil-milan-design-week-2026\/#breadcrumb"},"inLanguage":"en-US","potentialAction":[{"@type":"ReadAction","target":["https:\/\/leherpeurparis.com\/en\/prospective\/loeil-milan-design-week-2026\/"]}]},{"@type":"ImageObject","inLanguage":"en-US","@id":"https:\/\/leherpeurparis.com\/en\/prospective\/loeil-milan-design-week-2026\/#primaryimage","url":"https:\/\/leherpeurparis.com\/wp-content\/uploads\/2026\/04\/alcova.milano_post_21_04_2026_16_17_223880242059483614831-1-1300x1722.jpg","contentUrl":"https:\/\/leherpeurparis.com\/wp-content\/uploads\/2026\/04\/alcova.milano_post_21_04_2026_16_17_223880242059483614831-1-1300x1722.jpg","width":1323,"height":1752},{"@type":"BreadcrumbList","@id":"https:\/\/leherpeurparis.com\/en\/prospective\/loeil-milan-design-week-2026\/#breadcrumb","itemListElement":[{"@type":"ListItem","position":1,"name":"Accueil","item":"https:\/\/leherpeurparis.com\/en\/"},{"@type":"ListItem","position":2,"name":"L\u2019\u0152il Milan Design Week 2026"}]},{"@type":"WebSite","@id":"https:\/\/leherpeurparis.com\/en\/#website","url":"https:\/\/leherpeurparis.com\/en\/","name":"LeherpeurParis","description":"Consulting office - Paris and Shanghai","publisher":{"@id":"https:\/\/leherpeurparis.com\/en\/#organization"},"potentialAction":[{"@type":"SearchAction","target":{"@type":"EntryPoint","urlTemplate":"https:\/\/leherpeurparis.com\/en\/?s={search_term_string}"},"query-input":{"@type":"PropertyValueSpecification","valueRequired":true,"valueName":"search_term_string"}}],"inLanguage":"en-US"},{"@type":"Organization","@id":"https:\/\/leherpeurparis.com\/en\/#organization","name":"Leherpeur Paris","url":"https:\/\/leherpeurparis.com\/en\/","logo":{"@type":"ImageObject","inLanguage":"en-US","@id":"https:\/\/leherpeurparis.com\/en\/#\/schema\/logo\/image\/","url":"https:\/\/leherpeurparis.com\/wp-content\/uploads\/2022\/07\/Logo-Leherpeur-Paris.jpg","contentUrl":"https:\/\/leherpeurparis.com\/wp-content\/uploads\/2022\/07\/Logo-Leherpeur-Paris.jpg","width":800,"height":300,"caption":"Leherpeur Paris"},"image":{"@id":"https:\/\/leherpeurparis.com\/en\/#\/schema\/logo\/image\/"},"sameAs":["https:\/\/www.instagram.com\/leherpeurparis\/","https:\/\/www.pinterest.fr\/mlcparis\/","https:\/\/www.linkedin.com\/company\/bureauleherpeur\/"]},{"@type":"Person","@id":"https:\/\/leherpeurparis.com\/en\/#\/schema\/person\/5836b46e700c1b6bada2f21f963569bf","name":"Morgane","image":{"@type":"ImageObject","inLanguage":"en-US","@id":"https:\/\/secure.gravatar.com\/avatar\/aaef38f8fe29ef71f7e7758786a4353dd80166c3783061e2e3029314f79a2142?s=96&d=mm&r=g","url":"https:\/\/secure.gravatar.com\/avatar\/aaef38f8fe29ef71f7e7758786a4353dd80166c3783061e2e3029314f79a2142?s=96&d=mm&r=g","contentUrl":"https:\/\/secure.gravatar.com\/avatar\/aaef38f8fe29ef71f7e7758786a4353dd80166c3783061e2e3029314f79a2142?s=96&d=mm&r=g","caption":"Morgane"},"url":"https:\/\/leherpeurparis.com\/en\/author\/webmasterwa\/"}]}},"_links":{"self":[{"href":"https:\/\/leherpeurparis.com\/en\/wp-json\/wp\/v2\/posts\/6531","targetHints":{"allow":["GET"]}}],"collection":[{"href":"https:\/\/leherpeurparis.com\/en\/wp-json\/wp\/v2\/posts"}],"about":[{"href":"https:\/\/leherpeurparis.com\/en\/wp-json\/wp\/v2\/types\/post"}],"author":[{"embeddable":true,"href":"https:\/\/leherpeurparis.com\/en\/wp-json\/wp\/v2\/users\/3"}],"replies":[{"embeddable":true,"href":"https:\/\/leherpeurparis.com\/en\/wp-json\/wp\/v2\/comments?post=6531"}],"version-history":[{"count":3,"href":"https:\/\/leherpeurparis.com\/en\/wp-json\/wp\/v2\/posts\/6531\/revisions"}],"predecessor-version":[{"id":6564,"href":"https:\/\/leherpeurparis.com\/en\/wp-json\/wp\/v2\/posts\/6531\/revisions\/6564"}],"wp:featuredmedia":[{"embeddable":true,"href":"https:\/\/leherpeurparis.com\/en\/wp-json\/wp\/v2\/media\/6554"}],"wp:attachment":[{"href":"https:\/\/leherpeurparis.com\/en\/wp-json\/wp\/v2\/media?parent=6531"}],"wp:term":[{"taxonomy":"category","embeddable":true,"href":"https:\/\/leherpeurparis.com\/en\/wp-json\/wp\/v2\/categories?post=6531"},{"taxonomy":"post_tag","embeddable":true,"href":"https:\/\/leherpeurparis.com\/en\/wp-json\/wp\/v2\/tags?post=6531"}],"curies":[{"name":"wp","href":"https:\/\/api.w.org\/{rel}","templated":true}]}}