{"id":6370,"date":"2026-03-12T11:17:11","date_gmt":"2026-03-12T10:17:11","guid":{"rendered":"https:\/\/leherpeurparis.com\/?p=6370"},"modified":"2026-04-09T11:28:07","modified_gmt":"2026-04-09T09:28:07","slug":"loeil-du-runway-fashion-week-pret-a-porter-ah-26-27","status":"publish","type":"post","link":"https:\/\/leherpeurparis.com\/en\/fashion\/loeil-du-runway-fashion-week-pret-a-porter-ah-26-27\/","title":{"rendered":"L&#8217;\u0153il du Runway : Fashion Week AH26\/27 NY, Milan et Londres"},"content":{"rendered":"<div class=\"wp-block-image\">\n<figure class=\"aligncenter size-large is-resized\"><img loading=\"lazy\" decoding=\"async\" width=\"819\" height=\"1024\" src=\"https:\/\/leherpeurparis.com\/wp-content\/uploads\/2026\/03\/marni_post_28_02_2026_10_53_443842422042805489613-819x1024.jpg\" alt=\"\" class=\"wp-image-6371\" style=\"aspect-ratio:0.75;object-fit:cover;width:588px;height:auto\" srcset=\"https:\/\/leherpeurparis.com\/wp-content\/uploads\/2026\/03\/marni_post_28_02_2026_10_53_443842422042805489613-819x1024.jpg 819w, https:\/\/leherpeurparis.com\/wp-content\/uploads\/2026\/03\/marni_post_28_02_2026_10_53_443842422042805489613-240x300.jpg 240w, https:\/\/leherpeurparis.com\/wp-content\/uploads\/2026\/03\/marni_post_28_02_2026_10_53_443842422042805489613-768x960.jpg 768w, https:\/\/leherpeurparis.com\/wp-content\/uploads\/2026\/03\/marni_post_28_02_2026_10_53_443842422042805489613-1229x1536.jpg 1229w, https:\/\/leherpeurparis.com\/wp-content\/uploads\/2026\/03\/marni_post_28_02_2026_10_53_443842422042805489613-1300x1625.jpg 1300w, https:\/\/leherpeurparis.com\/wp-content\/uploads\/2026\/03\/marni_post_28_02_2026_10_53_443842422042805489613.jpg 1440w\" sizes=\"auto, (max-width: 819px) 100vw, 819px\" \/><figcaption class=\"wp-element-caption\"><strong>\u00a9<\/strong> <a href=\"https:\/\/www.instagram.com\/marni?utm_source=ig_web_button_share_sheet&amp;igsh=ZDNlZDc0MzIxNw==\">Marni<\/a><\/figcaption><\/figure><\/div>\n\n\n<p>De New York \u00e0 Milan, en passant par Londres, le pr\u00eat-\u00e0-porter de la saison Automne-Hiver 26-27 op\u00e8re une bascule s\u00e9mantique. Ce n\u2019est plus une simple question de tendance, mais un v\u00e9ritable exercice de <strong>d\u00e9codage<\/strong> des fondamentaux du vestiaire. Les fonctions s&#8217;hybrident, les formes se d\u00e9placent et les styles s&#8217;entrechoquent pour red\u00e9finir une grammaire contemporaine o\u00f9 l&#8217;habit ne se contente plus de v\u00eatir, mais de signifier un nouvel \u00e9tat d&#8217;esprit.<\/p>\n\n\n\n<div style=\"height:25px\" aria-hidden=\"true\" class=\"wp-block-spacer\"><\/div>\n\n\n\n<div class=\"wp-block-columns are-vertically-aligned-center is-layout-flex wp-container-core-columns-is-layout-9d6595d7 wp-block-columns-is-layout-flex\">\n<div class=\"wp-block-column is-vertically-aligned-center is-layout-flow wp-block-column-is-layout-flow\"><div class=\"wp-block-image\">\n<figure class=\"aligncenter size-large\"><img loading=\"lazy\" decoding=\"async\" width=\"819\" height=\"1024\" src=\"https:\/\/leherpeurparis.com\/wp-content\/uploads\/2026\/03\/Frame-2443-819x1024.png\" alt=\"\" class=\"wp-image-6373\" srcset=\"https:\/\/leherpeurparis.com\/wp-content\/uploads\/2026\/03\/Frame-2443-819x1024.png 819w, https:\/\/leherpeurparis.com\/wp-content\/uploads\/2026\/03\/Frame-2443-240x300.png 240w, https:\/\/leherpeurparis.com\/wp-content\/uploads\/2026\/03\/Frame-2443-768x960.png 768w, https:\/\/leherpeurparis.com\/wp-content\/uploads\/2026\/03\/Frame-2443.png 1080w\" sizes=\"auto, (max-width: 819px) 100vw, 819px\" \/><figcaption class=\"wp-element-caption\"><strong>\u00a9<\/strong> <a href=\"https:\/\/www.instagram.com\/connerives?utm_source=ig_web_button_share_sheet&amp;igsh=ZDNlZDc0MzIxNw==\">@connerives<\/a> , <a href=\"https:\/\/www.instagram.com\/l__i_i?utm_source=ig_web_button_share_sheet&amp;igsh=ZDNlZDc0MzIxNw==\">@l__i_i <\/a>, <a href=\"https:\/\/www.instagram.com\/fendi?utm_source=ig_web_button_share_sheet&amp;igsh=ZDNlZDc0MzIxNw==\">@fendi<\/a><\/figcaption><\/figure><\/div><\/div>\n\n\n\n<div class=\"wp-block-column is-vertically-aligned-center is-layout-flow wp-block-column-is-layout-flow\">\n<h2 class=\"wp-block-heading\">L&#8217;Urbain \u00c9n\u00e9rgique<\/h2>\n\n\n\n<p>Le mouvement s&#8217;impose sur les podiums par une esth\u00e9tique de la performance qui s&#8217;immisce dans le vestiaire formel. Chez <strong><a href=\"https:\/\/www.instagram.com\/connerives?utm_source=ig_web_button_share_sheet&amp;igsh=ZDNlZDc0MzIxNw==\">Conner Ives<\/a><\/strong>, <strong><a href=\"https:\/\/www.instagram.com\/l__i_i?utm_source=ig_web_button_share_sheet&amp;igsh=ZDNlZDc0MzIxNw==\">LII<\/a><\/strong> et <strong><a href=\"https:\/\/www.instagram.com\/fendi?utm_source=ig_web_button_share_sheet&amp;igsh=ZDNlZDc0MzIxNw==\">Fendi<\/a><\/strong> , le sport ne remplace pas la ville, il vient la &#8220;d\u00e9tendre&#8221; en injectant des contrastes dynamiques et une vitalit\u00e9 graphique. Cette approche insuffle une rythmique nouvelle aux silhouettes urbaines, o\u00f9 le confort technique devient un accessoire de style \u00e0 part enti\u00e8re. On observe une d\u00e9construction des codes de l&#8217;effort au profit d&#8217;une allure agile.<\/p>\n<\/div>\n<\/div>\n\n\n\n<div class=\"wp-block-columns are-vertically-aligned-center is-layout-flex wp-container-core-columns-is-layout-9d6595d7 wp-block-columns-is-layout-flex\">\n<div class=\"wp-block-column is-vertically-aligned-center is-layout-flow wp-block-column-is-layout-flow\">\n<h2 class=\"wp-block-heading\">Rigueur Chahut\u00e9e<\/h2>\n\n\n\n<p>Dans le m\u00eame esprit, les codes militaires op\u00e8rent une mue singuli\u00e8re en quittant le terrain du protocole strict. Chez <strong><a href=\"https:\/\/www.instagram.com\/khaite?utm_source=ig_web_button_share_sheet&amp;igsh=ZDNlZDc0MzIxNw==\">Khaite<\/a><\/strong>, <strong><a href=\"https:\/\/www.instagram.com\/connerives?utm_source=ig_web_button_share_sheet&amp;igsh=ZDNlZDc0MzIxNw==\">Conner Ives<\/a><\/strong> et <strong><a href=\"https:\/\/www.instagram.com\/toryburch?utm_source=ig_web_button_share_sheet&amp;igsh=ZDNlZDc0MzIxNw==\">Tory Burch<\/a><\/strong>, le brandebourg et la rigueur du c\u00e9r\u00e9monial sont &#8220;chahut\u00e9s&#8221;, d\u00e9tourn\u00e9s de leur fonction d&#8217;autorit\u00e9. Ils deviennent les vecteurs d&#8217;une pr\u00e9cision stylistique presque rebelle, o\u00f9 l&#8217;uniforme perd son aust\u00e9rit\u00e9 pour gagner en impact visuel.<\/p>\n<\/div>\n\n\n\n<div class=\"wp-block-column is-vertically-aligned-center is-layout-flow wp-block-column-is-layout-flow\">\n<figure class=\"wp-block-image size-large\"><img loading=\"lazy\" decoding=\"async\" width=\"819\" height=\"1024\" src=\"https:\/\/leherpeurparis.com\/wp-content\/uploads\/2026\/03\/Frame-2448-819x1024.png\" alt=\"\" class=\"wp-image-6383\" srcset=\"https:\/\/leherpeurparis.com\/wp-content\/uploads\/2026\/03\/Frame-2448-819x1024.png 819w, https:\/\/leherpeurparis.com\/wp-content\/uploads\/2026\/03\/Frame-2448-240x300.png 240w, https:\/\/leherpeurparis.com\/wp-content\/uploads\/2026\/03\/Frame-2448-768x960.png 768w, https:\/\/leherpeurparis.com\/wp-content\/uploads\/2026\/03\/Frame-2448.png 1080w\" sizes=\"auto, (max-width: 819px) 100vw, 819px\" \/><figcaption class=\"wp-element-caption\"><strong>\u00a9<\/strong> <a href=\"https:\/\/www.instagram.com\/khaite?utm_source=ig_web_button_share_sheet&amp;igsh=ZDNlZDc0MzIxNw==\">@khaite<\/a> , <a href=\"https:\/\/www.instagram.com\/connerives?utm_source=ig_web_button_share_sheet&amp;igsh=ZDNlZDc0MzIxNw==\">@connerives<\/a> , <a href=\"https:\/\/www.instagram.com\/toryburch?utm_source=ig_web_button_share_sheet&amp;igsh=ZDNlZDc0MzIxNw==\">@toryburch<\/a><\/figcaption><\/figure>\n<\/div>\n<\/div>\n\n\n\n<div class=\"wp-block-columns are-vertically-aligned-center is-layout-flex wp-container-core-columns-is-layout-9d6595d7 wp-block-columns-is-layout-flex\">\n<div class=\"wp-block-column is-vertically-aligned-center is-layout-flow wp-block-column-is-layout-flow\">\n<figure class=\"wp-block-image size-large\"><img loading=\"lazy\" decoding=\"async\" width=\"819\" height=\"1024\" src=\"https:\/\/leherpeurparis.com\/wp-content\/uploads\/2026\/03\/Frame-2444-819x1024.png\" alt=\"\" class=\"wp-image-6375\" srcset=\"https:\/\/leherpeurparis.com\/wp-content\/uploads\/2026\/03\/Frame-2444-819x1024.png 819w, https:\/\/leherpeurparis.com\/wp-content\/uploads\/2026\/03\/Frame-2444-240x300.png 240w, https:\/\/leherpeurparis.com\/wp-content\/uploads\/2026\/03\/Frame-2444-768x960.png 768w, https:\/\/leherpeurparis.com\/wp-content\/uploads\/2026\/03\/Frame-2444.png 1080w\" sizes=\"auto, (max-width: 819px) 100vw, 819px\" \/><figcaption class=\"wp-element-caption\"><strong>\u00a9<\/strong> <a href=\"https:\/\/www.instagram.com\/marni?utm_source=ig_web_button_share_sheet&amp;igsh=ZDNlZDc0MzIxNw==\">@marni<\/a> , <a href=\"https:\/\/www.instagram.com\/numeroventuno?utm_source=ig_web_button_share_sheet&amp;igsh=ZDNlZDc0MzIxNw==\">@numeroventuno<\/a> , <a href=\"https:\/\/www.instagram.com\/prada?utm_source=ig_web_button_share_sheet&amp;igsh=ZDNlZDc0MzIxNw==\">@prada<\/a><\/figcaption><\/figure>\n<\/div>\n\n\n\n<div class=\"wp-block-column is-vertically-aligned-center is-layout-flow wp-block-column-is-layout-flow\">\n<h2 class=\"wp-block-heading\">Silhouettes &#8220;dans leur jus&#8221;<\/h2>\n\n\n\n<p class=\"has-text-align-left\">L\u2019accumulation, explor\u00e9e par <strong><a href=\"https:\/\/www.instagram.com\/prada?utm_source=ig_web_button_share_sheet&amp;igsh=ZDNlZDc0MzIxNw==\">Prada<\/a><\/strong>,<a href=\"https:\/\/www.instagram.com\/numeroventuno?utm_source=ig_web_button_share_sheet&amp;igsh=ZDNlZDc0MzIxNw==\"> <strong>N\u00b021<\/strong><\/a> ou <strong><a href=\"https:\/\/www.instagram.com\/marni?utm_source=ig_web_button_share_sheet&amp;igsh=ZDNlZDc0MzIxNw==\">Marni<\/a><\/strong>, revendique une silhouette pens\u00e9e comme un empilement de r\u00e9cits h\u00e9t\u00e9roclites. Loin de la recherche de l&#8217;harmonie classique, cet exercice de superposition privil\u00e9gie des strates de v\u00eatements laiss\u00e9es \u00ab dans leur jus \u00bb, o\u00f9 le patchwork de mati\u00e8res et de motifs flirte ouvertement avec une ringardise assum\u00e9e. En assemblant ces codes de mani\u00e8re discordante, les cr\u00e9ateurs transforment ce t\u00e9lescopage de \u00ab mauvais go\u00fbt \u00bb en un rempart textur\u00e9 face \u00e0 la perfection lisse du monde. <\/p>\n<\/div>\n<\/div>\n\n\n\n<div class=\"wp-block-columns are-vertically-aligned-center is-layout-flex wp-container-core-columns-is-layout-9d6595d7 wp-block-columns-is-layout-flex\">\n<div class=\"wp-block-column is-vertically-aligned-center is-layout-flow wp-block-column-is-layout-flow\">\n<h2 class=\"wp-block-heading\">Fausse Simplicit\u00e9<\/h2>\n\n\n\n<p>En miroir de l&#8217;opulence, une tendance \u00e0 la &#8220;d\u00e9contraction tenue&#8221; \u00e9merge chez <strong><a href=\"https:\/\/www.instagram.com\/jilsander?utm_source=ig_web_button_share_sheet&amp;igsh=ZDNlZDc0MzIxNw==\">Jil Sander<\/a><\/strong>, <strong><a href=\"https:\/\/www.instagram.com\/michaelkors?utm_source=ig_web_button_share_sheet&amp;igsh=ZDNlZDc0MzIxNw==\">Michael Kors<\/a><\/strong> ou <strong><a href=\"https:\/\/www.instagram.com\/ashlynnewyork?utm_source=ig_web_button_share_sheet&amp;igsh=ZDNlZDc0MzIxNw==\">Ashlyn<\/a><\/strong>. Sous une apparence de d\u00e9pouillement minimaliste se cachent en r\u00e9alit\u00e9 des lignes \u00e9labor\u00e9es et une architecture de coupe exigeante. Cette simplicit\u00e9 complexe demande une lecture attentive pour en saisir la technicit\u00e9 et la pr\u00e9cision des volumes. C&#8217;est une \u00e9l\u00e9gance qui ne cherche pas l&#8217;\u00e9vidence, mais qui mise sur la subtilit\u00e9 d&#8217;une construction invisible.<\/p>\n<\/div>\n\n\n\n<div class=\"wp-block-column is-vertically-aligned-center is-layout-flow wp-block-column-is-layout-flow\">\n<figure class=\"wp-block-image size-large\"><img loading=\"lazy\" decoding=\"async\" width=\"819\" height=\"1024\" src=\"https:\/\/leherpeurparis.com\/wp-content\/uploads\/2026\/03\/Frame-2445-819x1024.png\" alt=\"\" class=\"wp-image-6377\" srcset=\"https:\/\/leherpeurparis.com\/wp-content\/uploads\/2026\/03\/Frame-2445-819x1024.png 819w, https:\/\/leherpeurparis.com\/wp-content\/uploads\/2026\/03\/Frame-2445-240x300.png 240w, https:\/\/leherpeurparis.com\/wp-content\/uploads\/2026\/03\/Frame-2445-768x960.png 768w, https:\/\/leherpeurparis.com\/wp-content\/uploads\/2026\/03\/Frame-2445.png 1080w\" sizes=\"auto, (max-width: 819px) 100vw, 819px\" \/><figcaption class=\"wp-element-caption\"><strong>\u00a9<\/strong> <a href=\"https:\/\/www.instagram.com\/jilsander?utm_source=ig_web_button_share_sheet&amp;igsh=ZDNlZDc0MzIxNw==\">@jilsander<\/a> , <a href=\"https:\/\/www.instagram.com\/michaelkors?utm_source=ig_web_button_share_sheet&amp;igsh=ZDNlZDc0MzIxNw==\">@michaelkors<\/a> , <a href=\"https:\/\/www.instagram.com\/ashlynnewyork?utm_source=ig_web_button_share_sheet&amp;igsh=ZDNlZDc0MzIxNw==\">@ashlynnewyork<\/a><\/figcaption><\/figure>\n<\/div>\n<\/div>\n\n\n\n<div class=\"wp-block-columns are-vertically-aligned-center is-layout-flex wp-container-core-columns-is-layout-9d6595d7 wp-block-columns-is-layout-flex\">\n<div class=\"wp-block-column is-vertically-aligned-center is-layout-flow wp-block-column-is-layout-flow\">\n<figure class=\"wp-block-image size-large\"><img loading=\"lazy\" decoding=\"async\" width=\"819\" height=\"1024\" src=\"https:\/\/leherpeurparis.com\/wp-content\/uploads\/2026\/03\/Frame-2447-819x1024.png\" alt=\"\" class=\"wp-image-6381\" srcset=\"https:\/\/leherpeurparis.com\/wp-content\/uploads\/2026\/03\/Frame-2447-819x1024.png 819w, https:\/\/leherpeurparis.com\/wp-content\/uploads\/2026\/03\/Frame-2447-240x300.png 240w, https:\/\/leherpeurparis.com\/wp-content\/uploads\/2026\/03\/Frame-2447-768x960.png 768w, https:\/\/leherpeurparis.com\/wp-content\/uploads\/2026\/03\/Frame-2447.png 1080w\" sizes=\"auto, (max-width: 819px) 100vw, 819px\" \/><figcaption class=\"wp-element-caption\"><strong>\u00a9<\/strong> <a href=\"https:\/\/www.instagram.com\/burberry?utm_source=ig_web_button_share_sheet&amp;igsh=ZDNlZDc0MzIxNw==\">@burberry<\/a> , <a href=\"https:\/\/www.instagram.com\/l__i_i?utm_source=ig_web_button_share_sheet&amp;igsh=ZDNlZDc0MzIxNw==\">@l__i_i<\/a> , <a href=\"https:\/\/www.instagram.com\/cultgaia\/?utm_source=ig_web_button_share_sheet\">@cultgaia<\/a><\/figcaption><\/figure>\n<\/div>\n\n\n\n<div class=\"wp-block-column is-vertically-aligned-center is-layout-flow wp-block-column-is-layout-flow\">\n<h2 class=\"wp-block-heading\">Funky Fourrure<\/h2>\n\n\n\n<p class=\"has-text-align-left\">La mati\u00e8re joue la carte du d\u00e9calage pour r\u00e9enchanter le quotidien hivernal avec une fantaisie tactile. La &#8220;Funky Fourrure&#8221;, vue chez <strong><a href=\"https:\/\/www.instagram.com\/burberry?utm_source=ig_web_button_share_sheet&amp;igsh=ZDNlZDc0MzIxNw==\">Burberry<\/a><\/strong>, <strong><a href=\"https:\/\/www.instagram.com\/l__i_i?utm_source=ig_web_button_share_sheet&amp;igsh=ZDNlZDc0MzIxNw==\">Lii<\/a><\/strong> ou <strong><a href=\"https:\/\/www.instagram.com\/cultgaia\/?utm_source=ig_web_button_share_sheet\">Cult Gaia<\/a><\/strong>, transforme le luxe en une exp\u00e9rience sensorielle r\u00e9gressive. Cette silhouette &#8220;peluche&#8221;, presque ludique, s&#8217;arbore comme une armure de douceur face \u00e0 la rigueur climatique. On quitte le domaine de la fourrure statutaire pour entrer dans celui de l&#8217;objet transitionnel, \u00e0 la fois protecteur et \u00e9motionnel.<\/p>\n<\/div>\n<\/div>\n\n\n\n<div class=\"wp-block-columns are-vertically-aligned-center is-layout-flex wp-container-core-columns-is-layout-9d6595d7 wp-block-columns-is-layout-flex\">\n<div class=\"wp-block-column is-vertically-aligned-center is-layout-flow wp-block-column-is-layout-flow\">\n<h2 class=\"wp-block-heading\">Bonnets Monacaux<\/h2>\n\n\n\n<p>Enfin, une tendance plus radicale et introspective s&#8217;affirme avec l&#8217;av\u00e8nement du bonnet style &#8220;bonnet de bain&#8221; chez <strong><a href=\"https:\/\/www.instagram.com\/newbottega?utm_source=ig_web_button_share_sheet&amp;igsh=ZDNlZDc0MzIxNw==\">Bottega Veneta<\/a><\/strong>, <strong><a href=\"https:\/\/www.instagram.com\/simonerocha_?utm_source=ig_web_button_share_sheet&amp;igsh=ZDNlZDc0MzIxNw==\">Simone Rocha<\/a><\/strong> ou <strong><a href=\"https:\/\/www.instagram.com\/moschino?utm_source=ig_web_button_share_sheet&amp;igsh=ZDNlZDc0MzIxNw==\">Moschino<\/a><\/strong>. En investissant des esth\u00e9tismes presque monacaux, la mode propose ici une nouvelle forme d&#8217;isolement protecteur et de focalisation sur le regard. Ces accessoires red\u00e9finissent les contours du visage, cr\u00e9ant une silhouette qui se referme pour mieux affirmer une identit\u00e9 prot\u00e9g\u00e9e. <\/p>\n<\/div>\n\n\n\n<div class=\"wp-block-column is-vertically-aligned-center is-layout-flow wp-block-column-is-layout-flow\">\n<figure class=\"wp-block-image size-large\"><img loading=\"lazy\" decoding=\"async\" width=\"819\" height=\"1024\" src=\"https:\/\/leherpeurparis.com\/wp-content\/uploads\/2026\/03\/Frame-2446-819x1024.png\" alt=\"\" class=\"wp-image-6379\" srcset=\"https:\/\/leherpeurparis.com\/wp-content\/uploads\/2026\/03\/Frame-2446-819x1024.png 819w, https:\/\/leherpeurparis.com\/wp-content\/uploads\/2026\/03\/Frame-2446-240x300.png 240w, https:\/\/leherpeurparis.com\/wp-content\/uploads\/2026\/03\/Frame-2446-768x960.png 768w, https:\/\/leherpeurparis.com\/wp-content\/uploads\/2026\/03\/Frame-2446.png 1080w\" sizes=\"auto, (max-width: 819px) 100vw, 819px\" \/><figcaption class=\"wp-element-caption\"><strong>\u00a9<\/strong> <a href=\"https:\/\/www.instagram.com\/newbottega?utm_source=ig_web_button_share_sheet&amp;igsh=ZDNlZDc0MzIxNw==\">@newbottega<\/a> , <a href=\"https:\/\/www.instagram.com\/simonerocha_?utm_source=ig_web_button_share_sheet&amp;igsh=ZDNlZDc0MzIxNw==\">@simonerocha_<\/a> , <a href=\"https:\/\/www.instagram.com\/moschino?utm_source=ig_web_button_share_sheet&amp;igsh=ZDNlZDc0MzIxNw==\">@moschino<\/a><\/figcaption><\/figure>\n<\/div>\n<\/div>\n\n\n\n<p><br><br>Le v\u00eatement change de sens, la silhouette change de fonction et les codes se d\u00e9codent \u00e0 NY, Milan et Londres.\u00a0<\/p>\n\n\n\n<div style=\"height:100px\" aria-hidden=\"true\" class=\"wp-block-spacer\"><\/div>\n\n\n\n<h2 class=\"wp-block-heading\">D\u00e9couvrez nos articles pr\u00e9c\u00e9dents<\/h2>\n\n\n<ul class=\"wp-block-latest-posts__list wp-block-latest-posts\"><li><a class=\"wp-block-latest-posts__post-title\" href=\"https:\/\/leherpeurparis.com\/en\/prospective\/un-design-pour-l-etre-a-la-milan-design-week-2026\/\">Un design &#8220;pour l&#8217;\u00eatre&#8221; \u00e0 la Milan Design Week 2026<\/a><\/li>\n<li><a class=\"wp-block-latest-posts__post-title\" href=\"https:\/\/leherpeurparis.com\/en\/prospective\/loeil-milan-design-week-2026\/\">L\u2019\u0152il Milan Design Week 2026<\/a><\/li>\n<li><a class=\"wp-block-latest-posts__post-title\" href=\"https:\/\/leherpeurparis.com\/en\/prospective\/loeil-art-paris-mutations-et-memoires\/\">L\u2019\u0152il Art Paris : Mutations et M\u00e9moires<\/a><\/li>\n<li><a class=\"wp-block-latest-posts__post-title\" href=\"https:\/\/leherpeurparis.com\/en\/prospective\/lobjet-reference-la-collection-2026-comme-ecosysteme-de-valeur\/\">L&#8217;Objet-r\u00e9f\u00e9rence : La collection 2026 comme \u00e9cosyst\u00e8me de valeurs<\/a><\/li>\n<li><a class=\"wp-block-latest-posts__post-title\" href=\"https:\/\/leherpeurparis.com\/en\/prospective\/textural-feelings-quand-la-texture-remet-le-produit-au-coeur-de-lexperience-bilan-fashion-week-2026\/\">Textural Feelings : Quand la texture remet le produit au coeur de l&#8217;exp\u00e9rience (Bilan Fashion Week 2026)<\/a><\/li>\n<\/ul>","protected":false},"excerpt":{"rendered":"<p>De New York \u00e0 Milan, en passant par Londres, le pr\u00eat-\u00e0-porter de la saison Automne-Hiver 26-27 op\u00e8re une bascule s\u00e9mantique. Ce n\u2019est plus une simple question de tendance, mais un [&hellip;]<\/p>\n","protected":false},"author":3,"featured_media":6371,"comment_status":"closed","ping_status":"closed","sticky":false,"template":"","format":"standard","meta":{"_acf_changed":false,"footnotes":""},"categories":[143,164,155],"tags":[39,44,53],"class_list":["post-6370","post","type-post","status-publish","format-standard","has-post-thumbnail","hentry","category-fashion","category-luxe","category-prospective","tag-fashion","tag-fashion-week","tag-luxe"],"acf":[],"yoast_head":"<!-- This site is optimized with the Yoast SEO plugin v27.5 - https:\/\/yoast.com\/product\/yoast-seo-wordpress\/ -->\n<title>L&#039;\u0153il du Runway : Fashion Week AH26\/27 NY, Milan et Londres | LeherpeurParis<\/title>\n<meta name=\"description\" content=\"De New York \u00e0 Milan, en passant par Londres, la Fashion Week PAP de la saison Automne-Hiver 26-27 op\u00e8re une bascule s\u00e9mantique.\" \/>\n<meta name=\"robots\" content=\"index, follow, max-snippet:-1, max-image-preview:large, max-video-preview:-1\" \/>\n<link rel=\"canonical\" href=\"https:\/\/leherpeurparis.com\/en\/fashion\/loeil-du-runway-fashion-week-pret-a-porter-ah-26-27\/\" \/>\n<meta property=\"og:locale\" content=\"en_US\" \/>\n<meta property=\"og:type\" content=\"article\" \/>\n<meta property=\"og:title\" content=\"L&#039;\u0153il du Runway : Fashion Week AH26\/27 NY, Milan et Londres | LeherpeurParis\" \/>\n<meta property=\"og:description\" content=\"De New York \u00e0 Milan, en passant par Londres, la Fashion Week PAP de la saison Automne-Hiver 26-27 op\u00e8re une bascule s\u00e9mantique.\" \/>\n<meta property=\"og:url\" content=\"https:\/\/leherpeurparis.com\/en\/fashion\/loeil-du-runway-fashion-week-pret-a-porter-ah-26-27\/\" \/>\n<meta property=\"og:site_name\" content=\"LeherpeurParis\" \/>\n<meta property=\"article:published_time\" content=\"2026-03-12T10:17:11+00:00\" \/>\n<meta property=\"article:modified_time\" content=\"2026-04-09T09:28:07+00:00\" \/>\n<meta property=\"og:image\" content=\"https:\/\/leherpeurparis.com\/wp-content\/uploads\/2026\/03\/marni_post_28_02_2026_10_53_443842422042805489613-1300x1625.jpg\" \/>\n\t<meta property=\"og:image:width\" content=\"1440\" \/>\n\t<meta property=\"og:image:height\" content=\"1800\" \/>\n\t<meta property=\"og:image:type\" content=\"image\/jpeg\" \/>\n<meta name=\"author\" content=\"Morgane\" \/>\n<meta name=\"twitter:card\" content=\"summary_large_image\" \/>\n<meta name=\"twitter:label1\" content=\"Written by\" \/>\n\t<meta name=\"twitter:data1\" content=\"Morgane\" \/>\n\t<meta name=\"twitter:label2\" content=\"Est. reading time\" \/>\n\t<meta name=\"twitter:data2\" content=\"5 minutes\" \/>\n<script type=\"application\/ld+json\" class=\"yoast-schema-graph\">{\"@context\":\"https:\\\/\\\/schema.org\",\"@graph\":[{\"@type\":\"NewsArticle\",\"@id\":\"https:\\\/\\\/leherpeurparis.com\\\/en\\\/fashion\\\/loeil-du-runway-fashion-week-pret-a-porter-ah-26-27\\\/#article\",\"isPartOf\":{\"@id\":\"https:\\\/\\\/leherpeurparis.com\\\/en\\\/fashion\\\/loeil-du-runway-fashion-week-pret-a-porter-ah-26-27\\\/\"},\"author\":{\"name\":\"Morgane\",\"@id\":\"https:\\\/\\\/leherpeurparis.com\\\/en\\\/#\\\/schema\\\/person\\\/5836b46e700c1b6bada2f21f963569bf\"},\"headline\":\"L&#8217;\u0153il du Runway : Fashion Week AH26\\\/27 NY, Milan et Londres\",\"datePublished\":\"2026-03-12T10:17:11+00:00\",\"dateModified\":\"2026-04-09T09:28:07+00:00\",\"mainEntityOfPage\":{\"@id\":\"https:\\\/\\\/leherpeurparis.com\\\/en\\\/fashion\\\/loeil-du-runway-fashion-week-pret-a-porter-ah-26-27\\\/\"},\"wordCount\":616,\"publisher\":{\"@id\":\"https:\\\/\\\/leherpeurparis.com\\\/en\\\/#organization\"},\"image\":{\"@id\":\"https:\\\/\\\/leherpeurparis.com\\\/en\\\/fashion\\\/loeil-du-runway-fashion-week-pret-a-porter-ah-26-27\\\/#primaryimage\"},\"thumbnailUrl\":\"https:\\\/\\\/leherpeurparis.com\\\/wp-content\\\/uploads\\\/2026\\\/03\\\/marni_post_28_02_2026_10_53_443842422042805489613-1300x1625.jpg\",\"keywords\":[\"fashion\",\"fashion week\",\"luxe\"],\"articleSection\":[\"fashion\",\"luxe\",\"prospective\"],\"inLanguage\":\"en-US\"},{\"@type\":\"WebPage\",\"@id\":\"https:\\\/\\\/leherpeurparis.com\\\/en\\\/fashion\\\/loeil-du-runway-fashion-week-pret-a-porter-ah-26-27\\\/\",\"url\":\"https:\\\/\\\/leherpeurparis.com\\\/en\\\/fashion\\\/loeil-du-runway-fashion-week-pret-a-porter-ah-26-27\\\/\",\"name\":\"L'\u0153il du Runway : Fashion Week AH26\\\/27 NY, Milan et Londres | LeherpeurParis\",\"isPartOf\":{\"@id\":\"https:\\\/\\\/leherpeurparis.com\\\/en\\\/#website\"},\"primaryImageOfPage\":{\"@id\":\"https:\\\/\\\/leherpeurparis.com\\\/en\\\/fashion\\\/loeil-du-runway-fashion-week-pret-a-porter-ah-26-27\\\/#primaryimage\"},\"image\":{\"@id\":\"https:\\\/\\\/leherpeurparis.com\\\/en\\\/fashion\\\/loeil-du-runway-fashion-week-pret-a-porter-ah-26-27\\\/#primaryimage\"},\"thumbnailUrl\":\"https:\\\/\\\/leherpeurparis.com\\\/wp-content\\\/uploads\\\/2026\\\/03\\\/marni_post_28_02_2026_10_53_443842422042805489613-1300x1625.jpg\",\"datePublished\":\"2026-03-12T10:17:11+00:00\",\"dateModified\":\"2026-04-09T09:28:07+00:00\",\"description\":\"De New York \u00e0 Milan, en passant par Londres, la Fashion Week PAP de la saison Automne-Hiver 26-27 op\u00e8re une bascule s\u00e9mantique.\",\"breadcrumb\":{\"@id\":\"https:\\\/\\\/leherpeurparis.com\\\/en\\\/fashion\\\/loeil-du-runway-fashion-week-pret-a-porter-ah-26-27\\\/#breadcrumb\"},\"inLanguage\":\"en-US\",\"potentialAction\":[{\"@type\":\"ReadAction\",\"target\":[\"https:\\\/\\\/leherpeurparis.com\\\/en\\\/fashion\\\/loeil-du-runway-fashion-week-pret-a-porter-ah-26-27\\\/\"]}]},{\"@type\":\"ImageObject\",\"inLanguage\":\"en-US\",\"@id\":\"https:\\\/\\\/leherpeurparis.com\\\/en\\\/fashion\\\/loeil-du-runway-fashion-week-pret-a-porter-ah-26-27\\\/#primaryimage\",\"url\":\"https:\\\/\\\/leherpeurparis.com\\\/wp-content\\\/uploads\\\/2026\\\/03\\\/marni_post_28_02_2026_10_53_443842422042805489613-1300x1625.jpg\",\"contentUrl\":\"https:\\\/\\\/leherpeurparis.com\\\/wp-content\\\/uploads\\\/2026\\\/03\\\/marni_post_28_02_2026_10_53_443842422042805489613-1300x1625.jpg\",\"width\":1440,\"height\":1800},{\"@type\":\"BreadcrumbList\",\"@id\":\"https:\\\/\\\/leherpeurparis.com\\\/en\\\/fashion\\\/loeil-du-runway-fashion-week-pret-a-porter-ah-26-27\\\/#breadcrumb\",\"itemListElement\":[{\"@type\":\"ListItem\",\"position\":1,\"name\":\"Accueil\",\"item\":\"https:\\\/\\\/leherpeurparis.com\\\/en\\\/\"},{\"@type\":\"ListItem\",\"position\":2,\"name\":\"L&rsquo;\u0153il du Runway : Fashion Week AH26\\\/27 NY, Milan et Londres\"}]},{\"@type\":\"WebSite\",\"@id\":\"https:\\\/\\\/leherpeurparis.com\\\/en\\\/#website\",\"url\":\"https:\\\/\\\/leherpeurparis.com\\\/en\\\/\",\"name\":\"LeherpeurParis\",\"description\":\"Consulting office - Paris and Shanghai\",\"publisher\":{\"@id\":\"https:\\\/\\\/leherpeurparis.com\\\/en\\\/#organization\"},\"potentialAction\":[{\"@type\":\"SearchAction\",\"target\":{\"@type\":\"EntryPoint\",\"urlTemplate\":\"https:\\\/\\\/leherpeurparis.com\\\/en\\\/?s={search_term_string}\"},\"query-input\":{\"@type\":\"PropertyValueSpecification\",\"valueRequired\":true,\"valueName\":\"search_term_string\"}}],\"inLanguage\":\"en-US\"},{\"@type\":\"Organization\",\"@id\":\"https:\\\/\\\/leherpeurparis.com\\\/en\\\/#organization\",\"name\":\"Leherpeur Paris\",\"url\":\"https:\\\/\\\/leherpeurparis.com\\\/en\\\/\",\"logo\":{\"@type\":\"ImageObject\",\"inLanguage\":\"en-US\",\"@id\":\"https:\\\/\\\/leherpeurparis.com\\\/en\\\/#\\\/schema\\\/logo\\\/image\\\/\",\"url\":\"https:\\\/\\\/leherpeurparis.com\\\/wp-content\\\/uploads\\\/2022\\\/07\\\/Logo-Leherpeur-Paris.jpg\",\"contentUrl\":\"https:\\\/\\\/leherpeurparis.com\\\/wp-content\\\/uploads\\\/2022\\\/07\\\/Logo-Leherpeur-Paris.jpg\",\"width\":800,\"height\":300,\"caption\":\"Leherpeur Paris\"},\"image\":{\"@id\":\"https:\\\/\\\/leherpeurparis.com\\\/en\\\/#\\\/schema\\\/logo\\\/image\\\/\"},\"sameAs\":[\"https:\\\/\\\/www.instagram.com\\\/leherpeurparis\\\/\",\"https:\\\/\\\/www.pinterest.fr\\\/mlcparis\\\/\",\"https:\\\/\\\/www.linkedin.com\\\/company\\\/bureauleherpeur\\\/\"]},{\"@type\":\"Person\",\"@id\":\"https:\\\/\\\/leherpeurparis.com\\\/en\\\/#\\\/schema\\\/person\\\/5836b46e700c1b6bada2f21f963569bf\",\"name\":\"Morgane\",\"image\":{\"@type\":\"ImageObject\",\"inLanguage\":\"en-US\",\"@id\":\"https:\\\/\\\/secure.gravatar.com\\\/avatar\\\/aaef38f8fe29ef71f7e7758786a4353dd80166c3783061e2e3029314f79a2142?s=96&d=mm&r=g\",\"url\":\"https:\\\/\\\/secure.gravatar.com\\\/avatar\\\/aaef38f8fe29ef71f7e7758786a4353dd80166c3783061e2e3029314f79a2142?s=96&d=mm&r=g\",\"contentUrl\":\"https:\\\/\\\/secure.gravatar.com\\\/avatar\\\/aaef38f8fe29ef71f7e7758786a4353dd80166c3783061e2e3029314f79a2142?s=96&d=mm&r=g\",\"caption\":\"Morgane\"},\"url\":\"https:\\\/\\\/leherpeurparis.com\\\/en\\\/author\\\/webmasterwa\\\/\"}]}<\/script>\n<!-- \/ Yoast SEO plugin. -->","yoast_head_json":{"title":"L'\u0153il du Runway : Fashion Week AH26\/27 NY, Milan et Londres | LeherpeurParis","description":"De New York \u00e0 Milan, en passant par Londres, la Fashion Week PAP de la saison Automne-Hiver 26-27 op\u00e8re une bascule s\u00e9mantique.","robots":{"index":"index","follow":"follow","max-snippet":"max-snippet:-1","max-image-preview":"max-image-preview:large","max-video-preview":"max-video-preview:-1"},"canonical":"https:\/\/leherpeurparis.com\/en\/fashion\/loeil-du-runway-fashion-week-pret-a-porter-ah-26-27\/","og_locale":"en_US","og_type":"article","og_title":"L'\u0153il du Runway : Fashion Week AH26\/27 NY, Milan et Londres | LeherpeurParis","og_description":"De New York \u00e0 Milan, en passant par Londres, la Fashion Week PAP de la saison Automne-Hiver 26-27 op\u00e8re une bascule s\u00e9mantique.","og_url":"https:\/\/leherpeurparis.com\/en\/fashion\/loeil-du-runway-fashion-week-pret-a-porter-ah-26-27\/","og_site_name":"LeherpeurParis","article_published_time":"2026-03-12T10:17:11+00:00","article_modified_time":"2026-04-09T09:28:07+00:00","og_image":[{"width":1440,"height":1800,"url":"https:\/\/leherpeurparis.com\/wp-content\/uploads\/2026\/03\/marni_post_28_02_2026_10_53_443842422042805489613-1300x1625.jpg","type":"image\/jpeg"}],"author":"Morgane","twitter_card":"summary_large_image","twitter_misc":{"Written by":"Morgane","Est. reading time":"5 minutes"},"schema":{"@context":"https:\/\/schema.org","@graph":[{"@type":"NewsArticle","@id":"https:\/\/leherpeurparis.com\/en\/fashion\/loeil-du-runway-fashion-week-pret-a-porter-ah-26-27\/#article","isPartOf":{"@id":"https:\/\/leherpeurparis.com\/en\/fashion\/loeil-du-runway-fashion-week-pret-a-porter-ah-26-27\/"},"author":{"name":"Morgane","@id":"https:\/\/leherpeurparis.com\/en\/#\/schema\/person\/5836b46e700c1b6bada2f21f963569bf"},"headline":"L&#8217;\u0153il du Runway : Fashion Week AH26\/27 NY, Milan et Londres","datePublished":"2026-03-12T10:17:11+00:00","dateModified":"2026-04-09T09:28:07+00:00","mainEntityOfPage":{"@id":"https:\/\/leherpeurparis.com\/en\/fashion\/loeil-du-runway-fashion-week-pret-a-porter-ah-26-27\/"},"wordCount":616,"publisher":{"@id":"https:\/\/leherpeurparis.com\/en\/#organization"},"image":{"@id":"https:\/\/leherpeurparis.com\/en\/fashion\/loeil-du-runway-fashion-week-pret-a-porter-ah-26-27\/#primaryimage"},"thumbnailUrl":"https:\/\/leherpeurparis.com\/wp-content\/uploads\/2026\/03\/marni_post_28_02_2026_10_53_443842422042805489613-1300x1625.jpg","keywords":["fashion","fashion week","luxe"],"articleSection":["fashion","luxe","prospective"],"inLanguage":"en-US"},{"@type":"WebPage","@id":"https:\/\/leherpeurparis.com\/en\/fashion\/loeil-du-runway-fashion-week-pret-a-porter-ah-26-27\/","url":"https:\/\/leherpeurparis.com\/en\/fashion\/loeil-du-runway-fashion-week-pret-a-porter-ah-26-27\/","name":"L'\u0153il du Runway : Fashion Week AH26\/27 NY, Milan et Londres | LeherpeurParis","isPartOf":{"@id":"https:\/\/leherpeurparis.com\/en\/#website"},"primaryImageOfPage":{"@id":"https:\/\/leherpeurparis.com\/en\/fashion\/loeil-du-runway-fashion-week-pret-a-porter-ah-26-27\/#primaryimage"},"image":{"@id":"https:\/\/leherpeurparis.com\/en\/fashion\/loeil-du-runway-fashion-week-pret-a-porter-ah-26-27\/#primaryimage"},"thumbnailUrl":"https:\/\/leherpeurparis.com\/wp-content\/uploads\/2026\/03\/marni_post_28_02_2026_10_53_443842422042805489613-1300x1625.jpg","datePublished":"2026-03-12T10:17:11+00:00","dateModified":"2026-04-09T09:28:07+00:00","description":"De New York \u00e0 Milan, en passant par Londres, la Fashion Week PAP de la saison Automne-Hiver 26-27 op\u00e8re une bascule s\u00e9mantique.","breadcrumb":{"@id":"https:\/\/leherpeurparis.com\/en\/fashion\/loeil-du-runway-fashion-week-pret-a-porter-ah-26-27\/#breadcrumb"},"inLanguage":"en-US","potentialAction":[{"@type":"ReadAction","target":["https:\/\/leherpeurparis.com\/en\/fashion\/loeil-du-runway-fashion-week-pret-a-porter-ah-26-27\/"]}]},{"@type":"ImageObject","inLanguage":"en-US","@id":"https:\/\/leherpeurparis.com\/en\/fashion\/loeil-du-runway-fashion-week-pret-a-porter-ah-26-27\/#primaryimage","url":"https:\/\/leherpeurparis.com\/wp-content\/uploads\/2026\/03\/marni_post_28_02_2026_10_53_443842422042805489613-1300x1625.jpg","contentUrl":"https:\/\/leherpeurparis.com\/wp-content\/uploads\/2026\/03\/marni_post_28_02_2026_10_53_443842422042805489613-1300x1625.jpg","width":1440,"height":1800},{"@type":"BreadcrumbList","@id":"https:\/\/leherpeurparis.com\/en\/fashion\/loeil-du-runway-fashion-week-pret-a-porter-ah-26-27\/#breadcrumb","itemListElement":[{"@type":"ListItem","position":1,"name":"Accueil","item":"https:\/\/leherpeurparis.com\/en\/"},{"@type":"ListItem","position":2,"name":"L&rsquo;\u0153il du Runway : Fashion Week AH26\/27 NY, Milan et Londres"}]},{"@type":"WebSite","@id":"https:\/\/leherpeurparis.com\/en\/#website","url":"https:\/\/leherpeurparis.com\/en\/","name":"LeherpeurParis","description":"Consulting office - Paris and Shanghai","publisher":{"@id":"https:\/\/leherpeurparis.com\/en\/#organization"},"potentialAction":[{"@type":"SearchAction","target":{"@type":"EntryPoint","urlTemplate":"https:\/\/leherpeurparis.com\/en\/?s={search_term_string}"},"query-input":{"@type":"PropertyValueSpecification","valueRequired":true,"valueName":"search_term_string"}}],"inLanguage":"en-US"},{"@type":"Organization","@id":"https:\/\/leherpeurparis.com\/en\/#organization","name":"Leherpeur Paris","url":"https:\/\/leherpeurparis.com\/en\/","logo":{"@type":"ImageObject","inLanguage":"en-US","@id":"https:\/\/leherpeurparis.com\/en\/#\/schema\/logo\/image\/","url":"https:\/\/leherpeurparis.com\/wp-content\/uploads\/2022\/07\/Logo-Leherpeur-Paris.jpg","contentUrl":"https:\/\/leherpeurparis.com\/wp-content\/uploads\/2022\/07\/Logo-Leherpeur-Paris.jpg","width":800,"height":300,"caption":"Leherpeur Paris"},"image":{"@id":"https:\/\/leherpeurparis.com\/en\/#\/schema\/logo\/image\/"},"sameAs":["https:\/\/www.instagram.com\/leherpeurparis\/","https:\/\/www.pinterest.fr\/mlcparis\/","https:\/\/www.linkedin.com\/company\/bureauleherpeur\/"]},{"@type":"Person","@id":"https:\/\/leherpeurparis.com\/en\/#\/schema\/person\/5836b46e700c1b6bada2f21f963569bf","name":"Morgane","image":{"@type":"ImageObject","inLanguage":"en-US","@id":"https:\/\/secure.gravatar.com\/avatar\/aaef38f8fe29ef71f7e7758786a4353dd80166c3783061e2e3029314f79a2142?s=96&d=mm&r=g","url":"https:\/\/secure.gravatar.com\/avatar\/aaef38f8fe29ef71f7e7758786a4353dd80166c3783061e2e3029314f79a2142?s=96&d=mm&r=g","contentUrl":"https:\/\/secure.gravatar.com\/avatar\/aaef38f8fe29ef71f7e7758786a4353dd80166c3783061e2e3029314f79a2142?s=96&d=mm&r=g","caption":"Morgane"},"url":"https:\/\/leherpeurparis.com\/en\/author\/webmasterwa\/"}]}},"_links":{"self":[{"href":"https:\/\/leherpeurparis.com\/en\/wp-json\/wp\/v2\/posts\/6370","targetHints":{"allow":["GET"]}}],"collection":[{"href":"https:\/\/leherpeurparis.com\/en\/wp-json\/wp\/v2\/posts"}],"about":[{"href":"https:\/\/leherpeurparis.com\/en\/wp-json\/wp\/v2\/types\/post"}],"author":[{"embeddable":true,"href":"https:\/\/leherpeurparis.com\/en\/wp-json\/wp\/v2\/users\/3"}],"replies":[{"embeddable":true,"href":"https:\/\/leherpeurparis.com\/en\/wp-json\/wp\/v2\/comments?post=6370"}],"version-history":[{"count":1,"href":"https:\/\/leherpeurparis.com\/en\/wp-json\/wp\/v2\/posts\/6370\/revisions"}],"predecessor-version":[{"id":6385,"href":"https:\/\/leherpeurparis.com\/en\/wp-json\/wp\/v2\/posts\/6370\/revisions\/6385"}],"wp:featuredmedia":[{"embeddable":true,"href":"https:\/\/leherpeurparis.com\/en\/wp-json\/wp\/v2\/media\/6371"}],"wp:attachment":[{"href":"https:\/\/leherpeurparis.com\/en\/wp-json\/wp\/v2\/media?parent=6370"}],"wp:term":[{"taxonomy":"category","embeddable":true,"href":"https:\/\/leherpeurparis.com\/en\/wp-json\/wp\/v2\/categories?post=6370"},{"taxonomy":"post_tag","embeddable":true,"href":"https:\/\/leherpeurparis.com\/en\/wp-json\/wp\/v2\/tags?post=6370"}],"curies":[{"name":"wp","href":"https:\/\/api.w.org\/{rel}","templated":true}]}}