{"id":6305,"date":"2026-03-11T15:31:02","date_gmt":"2026-03-11T14:31:02","guid":{"rendered":"https:\/\/leherpeurparis.com\/?p=6305"},"modified":"2026-04-07T10:16:43","modified_gmt":"2026-04-07T08:16:43","slug":"anticiper-demain-la-creation-chromatique-prospective-ah27-28","status":"publish","type":"post","link":"https:\/\/leherpeurparis.com\/en\/style\/anticiper-demain-la-creation-chromatique-prospective-ah27-28\/","title":{"rendered":"Anticiper demain : La cr\u00e9ation chromatique prospective AH27\/28"},"content":{"rendered":"\n<figure class=\"wp-block-image size-full\"><img loading=\"lazy\" decoding=\"async\" width=\"1300\" height=\"1709\" src=\"https:\/\/leherpeurparis.com\/wp-content\/uploads\/2026\/02\/daria-durand-IapYO40ZHaQ-unsplash-1300x1709.jpg\" alt=\"\" class=\"wp-image-6364\" srcset=\"https:\/\/leherpeurparis.com\/wp-content\/uploads\/2026\/02\/daria-durand-IapYO40ZHaQ-unsplash-1300x1709.jpg 1300w, https:\/\/leherpeurparis.com\/wp-content\/uploads\/2026\/02\/daria-durand-IapYO40ZHaQ-unsplash-228x300.jpg 228w, https:\/\/leherpeurparis.com\/wp-content\/uploads\/2026\/02\/daria-durand-IapYO40ZHaQ-unsplash-779x1024.jpg 779w, https:\/\/leherpeurparis.com\/wp-content\/uploads\/2026\/02\/daria-durand-IapYO40ZHaQ-unsplash-768x1010.jpg 768w, https:\/\/leherpeurparis.com\/wp-content\/uploads\/2026\/02\/daria-durand-IapYO40ZHaQ-unsplash-1169x1536.jpg 1169w, https:\/\/leherpeurparis.com\/wp-content\/uploads\/2026\/02\/daria-durand-IapYO40ZHaQ-unsplash-1558x2048.jpg 1558w, https:\/\/leherpeurparis.com\/wp-content\/uploads\/2026\/02\/daria-durand-IapYO40ZHaQ-unsplash-scaled.jpg 1948w\" sizes=\"auto, (max-width: 1300px) 100vw, 1300px\" \/><\/figure>\n\n\n\n<p>Pour la saison\u00a0<strong>Automne-Hiver 2027\/2028<\/strong>, notre Directrice Artistique\u00a0<strong>Corinne Denis<\/strong>\u00a0a pr\u00eat\u00e9 son oeil pour la conception\u00a0du futur\u00a0<strong>Color Book de <a href=\"https:\/\/www.instagram.com\/wearepremierevision?utm_source=ig_web_button_share_sheet&amp;igsh=ZDNlZDc0MzIxNw==\">Premi\u00e8re Vision<\/a>,\u00a0<\/strong>au\u00a0sein d&#8217;un comit\u00e9 d&#8217;experts internationaux.<\/p>\n\n\n\n<p>Entre observations esth\u00e9tiques et analyses sociologiques, cette collaboration a permis de d\u00e9finir les teintes qui vibreront sur les podiums et dans nos vestiaires dans deux ans. <\/p>\n\n\n\n<h2 class=\"wp-block-heading\"><strong><strong>Le mot de notre Directrice Artistique:\u00a0<\/strong><\/strong><\/h2>\n\n\n\n<p class=\"has-medium-font-size\"><em>&#8220;Travailler sur l\u2019horizon 2027\/2028 ne se limite pas \u00e0 la s\u00e9lection de nouvelles teintes : c\u2019est une analyse prospective de l\u2019\u00e9volution des couleurs en observant les cycles pr\u00e9c\u00e9dents.\u00a0 Notre mission au sein du comit\u00e9 d&#8217;experts a \u00e9t\u00e9 de d\u00e9finir des lignes directrices fortes, con\u00e7ues comme une boussole strat\u00e9gique pour les cr\u00e9ateurs. Nous avons ainsi d\u00e9termin\u00e9 les nouveaux \u00e9l\u00e9ments structurants qui animeront la saison, en jouant sur les contrastes de finis et la profondeur des pigments<\/em>.&#8221;\u00a0Corinne Denis<\/p>\n\n\n\n<h2 class=\"wp-block-heading\"><strong><strong><strong>Les directions chromatiques pr\u00e9sent\u00e9es \u00e0 <a href=\"https:\/\/www.instagram.com\/wearepremierevision?utm_source=ig_web_button_share_sheet&amp;igsh=ZDNlZDc0MzIxNw==\">Premi\u00e8re Vision<\/a><\/strong><\/strong><\/strong><\/h2>\n\n\n\n<h3 class=\"wp-block-heading\"><strong>Eurythmies <\/strong>&#8211; Cadences &amp; Dissonances<\/h3>\n\n\n\n<p class=\"has-medium-font-size\">Dans un monde travers\u00e9 par les crises, anim\u00e9 par des volont\u00e9s de puissance politiques et technologiques, les rythmes se heurtent. Dans cette acc\u00e9l\u00e9ration permanente o\u00f9 le bien et le mal deviennent flous, o\u00f9 le sens et le non-sens semblent parfois se valoir. Nos vies se synchronisent aux flux, se vident et se vivent souvent dans la solitude et le vide. <strong>L\u2019amour, les \u00e9motions, les liens humains ne sont plus des \u00e9vidences : ils se fragmentent, se d\u00e9r\u00e8glent, se rar\u00e9fient.<\/strong><\/p>\n\n\n\n<p class=\"has-medium-font-size\">Plus que jamais, aimer, d\u00e9sirer, s\u2019attacher, se relier aux autres deviennent des actes complexes. Nos \u00e9lans sont influenc\u00e9s par les algorithmes qui nous font perdre l\u2019essence du lien. <\/p>\n\n\n\n<p class=\"has-medium-font-size\"><strong>R\u00e9introduire de l\u2019eurythmie, c\u2019est chercher une juste cadence entre les \u00eatres, remettre de la pulsation.<\/strong> Cr\u00e9er des espaces de r\u00e9-accordage collectif pour s\u2019impliquer, renouer le dialogue, accepter le frottement, l\u2019argumentation, regarder l\u2019autre dans ses diff\u00e9rences. C\u2019est recr\u00e9er des \u00e9motions synchrones o\u00f9 l\u2019on peut ressentir, \u00e9couter, vibrer ensemble \u2014 pour contrer la d\u00e9ch\u00e9ance des liens humains. <\/p>\n\n\n\n<p class=\"has-medium-font-size\">Une saison sous le signe du contact, du hug, de la chair, du c\u0153ur qui bat, de l\u2019amour et du d\u00e9samour, doux ou violent, en harmonie ou non, en accord ou d\u00e9saccord mais en relation.<\/p>\n\n\n\n<h3 class=\"wp-block-heading\"><em>CONFRONTATION CORDIALE<\/em><\/h3>\n\n\n\n<figure class=\"wp-block-image size-full is-resized\"><img loading=\"lazy\" decoding=\"async\" width=\"700\" height=\"500\" src=\"https:\/\/leherpeurparis.com\/wp-content\/uploads\/2026\/02\/Frame-2398.png\" alt=\"\" class=\"wp-image-6307\" style=\"width:840px;height:auto\" srcset=\"https:\/\/leherpeurparis.com\/wp-content\/uploads\/2026\/02\/Frame-2398.png 700w, https:\/\/leherpeurparis.com\/wp-content\/uploads\/2026\/02\/Frame-2398-300x214.png 300w\" sizes=\"auto, (max-width: 700px) 100vw, 700px\" \/><figcaption class=\"wp-element-caption\"><strong>\u00a9<\/strong> <a href=\"https:\/\/www.instagram.com\/kristianschuller?utm_source=ig_web_button_share_sheet&amp;igsh=ZDNlZDc0MzIxNw==\">KRISTIAN SCHULLER<\/a>,<a href=\"https:\/\/www.instagram.com\/crashmagazine\/?utm_source=ig_web_button_share_sheet\"> CRASH MAGAZINE<\/a>, <a href=\"https:\/\/www.instagram.com\/maisonalaia?utm_source=ig_web_button_share_sheet&amp;igsh=ZDNlZDc0MzIxNw==\">ALAIA<\/a> SS26, <a href=\"https:\/\/www.instagram.com\/driesvannoten?utm_source=ig_web_button_share_sheet&amp;igsh=ZDNlZDc0MzIxNw==\">DRIES VAN NOTEN<\/a>, <a href=\"https:\/\/www.instagram.com\/dariocatellani?utm_source=ig_web_button_share_sheet&amp;igsh=ZDNlZDc0MzIxNw==\">DARIO CATELLANI<\/a><\/figcaption><\/figure>\n\n\n\n<p class=\"has-medium-font-size\">R\u00e9introduire de l\u2019eurythmie, c\u2019est chercher une juste cadence entre les \u00eatres, les id\u00e9es, les couleurs. Chercher l\u2019\u00e9quilibre ou l\u2019anomalie pour redonner <strong>des asp\u00e9rit\u00e9s, des rythmes partag\u00e9s, des cadences sensibles, des \u00e9motions synchrones<\/strong>. Confronter des coloris compl\u00e9mentaires, chercher la dialectique et le dialogue. Animer un vert profond, vivant, calme avec un rouge sanguin, sensuel et impulsif. Sans nier la duret\u00e9 de la confrontation mais pour apporter de la lumi\u00e8re.<\/p>\n\n\n\n<h3 class=\"wp-block-heading\"><em>PULSION CHARNELLE<\/em><\/h3>\n\n\n\n<figure class=\"wp-block-image size-full is-resized\"><img loading=\"lazy\" decoding=\"async\" width=\"700\" height=\"500\" src=\"https:\/\/leherpeurparis.com\/wp-content\/uploads\/2026\/02\/Frame-2399.png\" alt=\"\" class=\"wp-image-6309\" style=\"width:840px;height:auto\" srcset=\"https:\/\/leherpeurparis.com\/wp-content\/uploads\/2026\/02\/Frame-2399.png 700w, https:\/\/leherpeurparis.com\/wp-content\/uploads\/2026\/02\/Frame-2399-300x214.png 300w\" sizes=\"auto, (max-width: 700px) 100vw, 700px\" \/><figcaption class=\"wp-element-caption\"><strong>\u00a9<\/strong> <a href=\"https:\/\/www.instagram.com\/artefr?utm_source=ig_web_button_share_sheet&amp;igsh=ZDNlZDc0MzIxNw==\">ARTE<\/a>, <a href=\"https:\/\/www.instagram.com\/cultgaia?utm_source=ig_web_button_share_sheet&amp;igsh=ZDNlZDc0MzIxNw==\">CULT GAIA<\/a>, <a href=\"https:\/\/www.instagram.com\/crashmagazine\/?utm_source=ig_web_button_share_sheet\">CRASH MAGAZINE<\/a>, <a href=\"https:\/\/www.instagram.com\/johannacalderon_design?utm_source=ig_web_button_share_sheet&amp;igsh=ZDNlZDc0MzIxNw==\">JOHANNA CALDERON<\/a>, <a href=\"https:\/\/www.instagram.com\/citizenk_magazines\/?utm_source=ig_web_button_share_sheet\">CITIZENK MAGAZINES<\/a>, <a href=\"https:\/\/www.instagram.com\/moncler?utm_source=ig_web_button_share_sheet&amp;igsh=ZDNlZDc0MzIxNw==\">MONCLER<\/a>, <a href=\"https:\/\/www.instagram.com\/gentlemonster\/?utm_source=ig_web_button_share_sheet\">GENTLE MONSTER<\/a><\/figcaption><\/figure>\n\n\n\n<p class=\"has-medium-font-size\">Renvoie \u00e0 la peau<strong>, <\/strong>au toucher, \u00e0 la protection, l\u2019attention port\u00e9e \u00e0 soi et aux autres. Des couleurs qui renvoie \u00e0 l\u2019<strong>intime, aux corporels, \u00e0 la sensualit\u00e9<\/strong>. Mont\u00e9e du <strong>care personnel<\/strong> (self-care, soin du corps, du mental), importance du confort \u00e9motionnel. La valorisation de l\u2019imparfait et du fragile. Mais aussi, valoriser le ressenti, la gourmandise, le charnel, le romantique, la dark romance (Hurlevent). Un cri du c\u0153ur et une d\u00e9claration d\u2019amour comme affirmation d\u2019un besoin primordial, primitif et sexuel.<\/p>\n\n\n\n<h3 class=\"wp-block-heading\"><em>&nbsp;ACCORDS DIRECTS<\/em><\/h3>\n\n\n\n<figure class=\"wp-block-image size-full is-resized\"><img loading=\"lazy\" decoding=\"async\" width=\"700\" height=\"500\" src=\"https:\/\/leherpeurparis.com\/wp-content\/uploads\/2026\/02\/Frame-2400.png\" alt=\"\" class=\"wp-image-6311\" style=\"width:840px;height:auto\" srcset=\"https:\/\/leherpeurparis.com\/wp-content\/uploads\/2026\/02\/Frame-2400.png 700w, https:\/\/leherpeurparis.com\/wp-content\/uploads\/2026\/02\/Frame-2400-300x214.png 300w\" sizes=\"auto, (max-width: 700px) 100vw, 700px\" \/><figcaption class=\"wp-element-caption\"><strong>\u00a9<\/strong> <a href=\"https:\/\/www.instagram.com\/gregori_civera?utm_source=ig_web_button_share_sheet&amp;igsh=ZDNlZDc0MzIxNw==\">GREGORI CIVERA<\/a>, <a href=\"https:\/\/www.instagram.com\/maisonmargiela?utm_source=ig_web_button_share_sheet&amp;igsh=ZDNlZDc0MzIxNw==\">MAISON MARGIELA<\/a>, <a href=\"https:\/\/www.instagram.com\/isseymiyakeofficial?utm_source=ig_web_button_share_sheet&amp;igsh=ZDNlZDc0MzIxNw==\">ISSEY MIYAKE<\/a>, <a href=\"https:\/\/www.instagram.com\/giocorabi?utm_source=ig_web_button_share_sheet&amp;igsh=ZDNlZDc0MzIxNw==\">GIOVANNI CORABI<\/a>,<a href=\"https:\/\/www.instagram.com\/formaemagazine?utm_source=ig_web_button_share_sheet&amp;igsh=ZDNlZDc0MzIxNw==\"> FORMAE MAGAZINE<\/a>, <a href=\"https:\/\/www.instagram.com\/dior?utm_source=ig_web_button_share_sheet&amp;igsh=ZDNlZDc0MzIxNw==\">DIOR<\/a>, <a href=\"https:\/\/www.instagram.com\/cultgaia?utm_source=ig_web_button_share_sheet&amp;igsh=ZDNlZDc0MzIxNw==\">CULT GAIA<\/a><\/figcaption><\/figure>\n\n\n\n<p class=\"has-medium-font-size\">Une richesse artisanale qui transforme en \u00e9l\u00e9gance sensible o\u00f9 l\u2019irr\u00e9gularit\u00e9 devient richesse, la bizarrerie et contresens font sens. D\u00e9monstration lumineuse, savoir-faire visible, valorisation des roughs et des recherches. Le travail en cours, <strong>le process comme une d\u00e9claration<\/strong>. Rendre visible la recherche, les t\u00e2tonnements, et valoriser la singularit\u00e9. Faire savoir la relation \u00e0 la main, au geste pr\u00e9cis comme un manifeste.<\/p>\n\n\n\n<h3 class=\"wp-block-heading\"><em>SOUFFLE &amp; ILLUMINATION<\/em><\/h3>\n\n\n\n<figure class=\"wp-block-image size-full is-resized\"><img loading=\"lazy\" decoding=\"async\" width=\"700\" height=\"500\" src=\"https:\/\/leherpeurparis.com\/wp-content\/uploads\/2026\/02\/Frame-2401.png\" alt=\"\" class=\"wp-image-6313\" style=\"width:840px;height:auto\" srcset=\"https:\/\/leherpeurparis.com\/wp-content\/uploads\/2026\/02\/Frame-2401.png 700w, https:\/\/leherpeurparis.com\/wp-content\/uploads\/2026\/02\/Frame-2401-300x214.png 300w\" sizes=\"auto, (max-width: 700px) 100vw, 700px\" \/><figcaption class=\"wp-element-caption\"><strong>\u00a9<\/strong> <a href=\"https:\/\/www.instagram.com\/numero_netherlands\/?utm_source=ig_web_button_share_sheet\">NUMERO NETHERLANDS<\/a>, <a href=\"https:\/\/www.instagram.com\/vivianesassenstudio?utm_source=ig_web_button_share_sheet&amp;igsh=ZDNlZDc0MzIxNw==\">VIVIANE SASSEN<\/a>, <a href=\"https:\/\/www.instagram.com\/kohler\/?utm_source=ig_web_button_share_sheet\">KOHLER<\/a> &amp; <a href=\"https:\/\/www.instagram.com\/harrynuriev?utm_source=ig_web_button_share_sheet&amp;igsh=ZDNlZDc0MzIxNw==\">HARRY NURIEV<\/a>, <a href=\"https:\/\/www.instagram.com\/loewe?utm_source=ig_web_button_share_sheet&amp;igsh=ZDNlZDc0MzIxNw==\">LOEWE<\/a>, <a href=\"https:\/\/www.instagram.com\/voguefrance?utm_source=ig_web_button_share_sheet&amp;igsh=ZDNlZDc0MzIxNw==\">VOGUE FRANCE<\/a>, <a href=\"https:\/\/www.instagram.com\/marni?utm_source=ig_web_button_share_sheet&amp;igsh=ZDNlZDc0MzIxNw==\">MARNI<\/a><\/figcaption><\/figure>\n\n\n\n<p class=\"has-medium-font-size\">Relation \u00e0 soi, \u00e0 son souffle, \u00e0 sa cadence. D\u00e9sir de<strong> respiration, d\u2019espace, de libert\u00e9<\/strong>. Un \u00e9veil des sensations, une ouverture aux exc\u00e8s, se confronter aux \u00e9l\u00e9ments, \u00e0 l\u2019exceptionnel, au ciel, \u00e0 la mer pour re-familiariser avec ces \u00e9motions, les \u00e9couter qu\u2019elles soient fortes ou douces. Aller plus loin, plus fort pour se reconnecter avec la vie, sentir son c\u0153ur battre et ressentir l\u2019\u00e9motion du d\u00e9passement.<\/p>\n\n\n\n<div style=\"height:24px\" aria-hidden=\"true\" class=\"wp-block-spacer\"><\/div>\n\n\n\n<hr class=\"wp-block-separator has-alpha-channel-opacity\"\/>\n\n\n\n<div style=\"height:31px\" aria-hidden=\"true\" class=\"wp-block-spacer\"><\/div>\n\n\n\n<p>Cette expertise n&#8217;est pas r\u00e9serv\u00e9e qu&#8217;aux instances prospectives. Elle est le moteur de l&#8217;accompagnement que nous offrons aux marques. Que vous cherchiez \u00e0 affiner votre identit\u00e9 visuelle ou \u00e0 construire une collection en phase avec les attentes futures, LeherpeurParis transforme ces intuitions en strat\u00e9gies concr\u00e8tes.<\/p>\n\n\n\n<div class=\"wp-block-buttons is-content-justification-center is-layout-flex wp-container-core-buttons-is-layout-16018d1d wp-block-buttons-is-layout-flex\">\n<div class=\"wp-block-button\"><a class=\"wp-block-button__link wp-element-button\" href=\"https:\/\/leherpeurparis.com\/prospective\/entree-dans-la-transe-le-pouvoir-du-son\/#:~:text=CONTACTER%20LEHERPEURPARIS\">NOUS CONTACTER<\/a><\/div>\n<\/div>\n\n\n\n<p><\/p>\n","protected":false},"excerpt":{"rendered":"<p>Pour la saison\u00a0Automne-Hiver 2027\/2028, notre Directrice Artistique\u00a0Corinne Denis\u00a0a pr\u00eat\u00e9 son oeil pour la conception\u00a0du futur\u00a0Color Book de Premi\u00e8re Vision,\u00a0au\u00a0sein d&#8217;un comit\u00e9 d&#8217;experts internationaux. Entre observations esth\u00e9tiques et analyses sociologiques, cette [&hellip;]<\/p>\n","protected":false},"author":3,"featured_media":6364,"comment_status":"closed","ping_status":"closed","sticky":false,"template":"","format":"standard","meta":{"_acf_changed":false,"footnotes":""},"categories":[166,155,154],"tags":[237,39,77],"class_list":["post-6305","post","type-post","status-publish","format-standard","has-post-thumbnail","hentry","category-behaviour","category-prospective","category-style","tag-color","tag-fashion","tag-trends"],"acf":[],"yoast_head":"<!-- This site is optimized with the Yoast SEO plugin v27.5 - https:\/\/yoast.com\/product\/yoast-seo-wordpress\/ -->\n<title>Anticiper demain : La cr\u00e9ation chromatique prospective AH27\/28 | LeherpeurParis<\/title>\n<meta name=\"description\" content=\"Pour la saison\u00a0AH27\/28, notre Directrice Artistique a pr\u00eat\u00e9 son oeil couleur pour la conception\u00a0du futur\u00a0Color Book de Premi\u00e8re Vision.\" \/>\n<meta name=\"robots\" content=\"index, follow, max-snippet:-1, max-image-preview:large, max-video-preview:-1\" \/>\n<link rel=\"canonical\" href=\"https:\/\/leherpeurparis.com\/en\/style\/anticiper-demain-la-creation-chromatique-prospective-ah27-28\/\" \/>\n<meta property=\"og:locale\" content=\"en_US\" \/>\n<meta property=\"og:type\" content=\"article\" \/>\n<meta property=\"og:title\" content=\"Anticiper demain : La cr\u00e9ation chromatique prospective AH27\/28 | LeherpeurParis\" \/>\n<meta property=\"og:description\" content=\"Pour la saison\u00a0AH27\/28, notre Directrice Artistique a pr\u00eat\u00e9 son oeil couleur pour la conception\u00a0du futur\u00a0Color Book de Premi\u00e8re Vision.\" \/>\n<meta property=\"og:url\" content=\"https:\/\/leherpeurparis.com\/en\/style\/anticiper-demain-la-creation-chromatique-prospective-ah27-28\/\" \/>\n<meta property=\"og:site_name\" content=\"LeherpeurParis\" \/>\n<meta property=\"article:published_time\" content=\"2026-03-11T14:31:02+00:00\" \/>\n<meta property=\"article:modified_time\" content=\"2026-04-07T08:16:43+00:00\" \/>\n<meta property=\"og:image\" content=\"https:\/\/leherpeurparis.com\/wp-content\/uploads\/2026\/02\/daria-durand-IapYO40ZHaQ-unsplash-1300x1709.jpg\" \/>\n\t<meta property=\"og:image:width\" content=\"1948\" \/>\n\t<meta property=\"og:image:height\" content=\"2560\" \/>\n\t<meta property=\"og:image:type\" content=\"image\/jpeg\" \/>\n<meta name=\"author\" content=\"Morgane\" \/>\n<meta name=\"twitter:card\" content=\"summary_large_image\" \/>\n<meta name=\"twitter:label1\" content=\"Written by\" \/>\n\t<meta name=\"twitter:data1\" content=\"Morgane\" \/>\n\t<meta name=\"twitter:label2\" content=\"Est. reading time\" \/>\n\t<meta name=\"twitter:data2\" content=\"5 minutes\" \/>\n<script type=\"application\/ld+json\" class=\"yoast-schema-graph\">{\"@context\":\"https:\\\/\\\/schema.org\",\"@graph\":[{\"@type\":\"Article\",\"@id\":\"https:\\\/\\\/leherpeurparis.com\\\/en\\\/style\\\/anticiper-demain-la-creation-chromatique-prospective-ah27-28\\\/#article\",\"isPartOf\":{\"@id\":\"https:\\\/\\\/leherpeurparis.com\\\/en\\\/style\\\/anticiper-demain-la-creation-chromatique-prospective-ah27-28\\\/\"},\"author\":{\"name\":\"Morgane\",\"@id\":\"https:\\\/\\\/leherpeurparis.com\\\/en\\\/#\\\/schema\\\/person\\\/5836b46e700c1b6bada2f21f963569bf\"},\"headline\":\"Anticiper demain : La cr\u00e9ation chromatique prospective AH27\\\/28\",\"datePublished\":\"2026-03-11T14:31:02+00:00\",\"dateModified\":\"2026-04-07T08:16:43+00:00\",\"mainEntityOfPage\":{\"@id\":\"https:\\\/\\\/leherpeurparis.com\\\/en\\\/style\\\/anticiper-demain-la-creation-chromatique-prospective-ah27-28\\\/\"},\"wordCount\":802,\"publisher\":{\"@id\":\"https:\\\/\\\/leherpeurparis.com\\\/en\\\/#organization\"},\"image\":{\"@id\":\"https:\\\/\\\/leherpeurparis.com\\\/en\\\/style\\\/anticiper-demain-la-creation-chromatique-prospective-ah27-28\\\/#primaryimage\"},\"thumbnailUrl\":\"https:\\\/\\\/leherpeurparis.com\\\/wp-content\\\/uploads\\\/2026\\\/02\\\/daria-durand-IapYO40ZHaQ-unsplash-1300x1709.jpg\",\"keywords\":[\"color\",\"fashion\",\"trends\"],\"articleSection\":[\"behaviour\",\"prospective\",\"style\"],\"inLanguage\":\"en-US\"},{\"@type\":\"WebPage\",\"@id\":\"https:\\\/\\\/leherpeurparis.com\\\/en\\\/style\\\/anticiper-demain-la-creation-chromatique-prospective-ah27-28\\\/\",\"url\":\"https:\\\/\\\/leherpeurparis.com\\\/en\\\/style\\\/anticiper-demain-la-creation-chromatique-prospective-ah27-28\\\/\",\"name\":\"Anticiper demain : La cr\u00e9ation chromatique prospective AH27\\\/28 | LeherpeurParis\",\"isPartOf\":{\"@id\":\"https:\\\/\\\/leherpeurparis.com\\\/en\\\/#website\"},\"primaryImageOfPage\":{\"@id\":\"https:\\\/\\\/leherpeurparis.com\\\/en\\\/style\\\/anticiper-demain-la-creation-chromatique-prospective-ah27-28\\\/#primaryimage\"},\"image\":{\"@id\":\"https:\\\/\\\/leherpeurparis.com\\\/en\\\/style\\\/anticiper-demain-la-creation-chromatique-prospective-ah27-28\\\/#primaryimage\"},\"thumbnailUrl\":\"https:\\\/\\\/leherpeurparis.com\\\/wp-content\\\/uploads\\\/2026\\\/02\\\/daria-durand-IapYO40ZHaQ-unsplash-1300x1709.jpg\",\"datePublished\":\"2026-03-11T14:31:02+00:00\",\"dateModified\":\"2026-04-07T08:16:43+00:00\",\"description\":\"Pour la saison\u00a0AH27\\\/28, notre Directrice Artistique a pr\u00eat\u00e9 son oeil couleur pour la conception\u00a0du futur\u00a0Color Book de Premi\u00e8re Vision.\",\"breadcrumb\":{\"@id\":\"https:\\\/\\\/leherpeurparis.com\\\/en\\\/style\\\/anticiper-demain-la-creation-chromatique-prospective-ah27-28\\\/#breadcrumb\"},\"inLanguage\":\"en-US\",\"potentialAction\":[{\"@type\":\"ReadAction\",\"target\":[\"https:\\\/\\\/leherpeurparis.com\\\/en\\\/style\\\/anticiper-demain-la-creation-chromatique-prospective-ah27-28\\\/\"]}]},{\"@type\":\"ImageObject\",\"inLanguage\":\"en-US\",\"@id\":\"https:\\\/\\\/leherpeurparis.com\\\/en\\\/style\\\/anticiper-demain-la-creation-chromatique-prospective-ah27-28\\\/#primaryimage\",\"url\":\"https:\\\/\\\/leherpeurparis.com\\\/wp-content\\\/uploads\\\/2026\\\/02\\\/daria-durand-IapYO40ZHaQ-unsplash-1300x1709.jpg\",\"contentUrl\":\"https:\\\/\\\/leherpeurparis.com\\\/wp-content\\\/uploads\\\/2026\\\/02\\\/daria-durand-IapYO40ZHaQ-unsplash-1300x1709.jpg\",\"width\":1948,\"height\":2560},{\"@type\":\"BreadcrumbList\",\"@id\":\"https:\\\/\\\/leherpeurparis.com\\\/en\\\/style\\\/anticiper-demain-la-creation-chromatique-prospective-ah27-28\\\/#breadcrumb\",\"itemListElement\":[{\"@type\":\"ListItem\",\"position\":1,\"name\":\"Accueil\",\"item\":\"https:\\\/\\\/leherpeurparis.com\\\/en\\\/\"},{\"@type\":\"ListItem\",\"position\":2,\"name\":\"Anticiper demain : La cr\u00e9ation chromatique prospective AH27\\\/28\"}]},{\"@type\":\"WebSite\",\"@id\":\"https:\\\/\\\/leherpeurparis.com\\\/en\\\/#website\",\"url\":\"https:\\\/\\\/leherpeurparis.com\\\/en\\\/\",\"name\":\"LeherpeurParis\",\"description\":\"Consulting office - Paris and Shanghai\",\"publisher\":{\"@id\":\"https:\\\/\\\/leherpeurparis.com\\\/en\\\/#organization\"},\"potentialAction\":[{\"@type\":\"SearchAction\",\"target\":{\"@type\":\"EntryPoint\",\"urlTemplate\":\"https:\\\/\\\/leherpeurparis.com\\\/en\\\/?s={search_term_string}\"},\"query-input\":{\"@type\":\"PropertyValueSpecification\",\"valueRequired\":true,\"valueName\":\"search_term_string\"}}],\"inLanguage\":\"en-US\"},{\"@type\":\"Organization\",\"@id\":\"https:\\\/\\\/leherpeurparis.com\\\/en\\\/#organization\",\"name\":\"Leherpeur Paris\",\"url\":\"https:\\\/\\\/leherpeurparis.com\\\/en\\\/\",\"logo\":{\"@type\":\"ImageObject\",\"inLanguage\":\"en-US\",\"@id\":\"https:\\\/\\\/leherpeurparis.com\\\/en\\\/#\\\/schema\\\/logo\\\/image\\\/\",\"url\":\"https:\\\/\\\/leherpeurparis.com\\\/wp-content\\\/uploads\\\/2022\\\/07\\\/Logo-Leherpeur-Paris.jpg\",\"contentUrl\":\"https:\\\/\\\/leherpeurparis.com\\\/wp-content\\\/uploads\\\/2022\\\/07\\\/Logo-Leherpeur-Paris.jpg\",\"width\":800,\"height\":300,\"caption\":\"Leherpeur Paris\"},\"image\":{\"@id\":\"https:\\\/\\\/leherpeurparis.com\\\/en\\\/#\\\/schema\\\/logo\\\/image\\\/\"},\"sameAs\":[\"https:\\\/\\\/www.instagram.com\\\/leherpeurparis\\\/\",\"https:\\\/\\\/www.pinterest.fr\\\/mlcparis\\\/\",\"https:\\\/\\\/www.linkedin.com\\\/company\\\/bureauleherpeur\\\/\"]},{\"@type\":\"Person\",\"@id\":\"https:\\\/\\\/leherpeurparis.com\\\/en\\\/#\\\/schema\\\/person\\\/5836b46e700c1b6bada2f21f963569bf\",\"name\":\"Morgane\",\"image\":{\"@type\":\"ImageObject\",\"inLanguage\":\"en-US\",\"@id\":\"https:\\\/\\\/secure.gravatar.com\\\/avatar\\\/aaef38f8fe29ef71f7e7758786a4353dd80166c3783061e2e3029314f79a2142?s=96&d=mm&r=g\",\"url\":\"https:\\\/\\\/secure.gravatar.com\\\/avatar\\\/aaef38f8fe29ef71f7e7758786a4353dd80166c3783061e2e3029314f79a2142?s=96&d=mm&r=g\",\"contentUrl\":\"https:\\\/\\\/secure.gravatar.com\\\/avatar\\\/aaef38f8fe29ef71f7e7758786a4353dd80166c3783061e2e3029314f79a2142?s=96&d=mm&r=g\",\"caption\":\"Morgane\"},\"url\":\"https:\\\/\\\/leherpeurparis.com\\\/en\\\/author\\\/webmasterwa\\\/\"}]}<\/script>\n<!-- \/ Yoast SEO plugin. -->","yoast_head_json":{"title":"Anticiper demain : La cr\u00e9ation chromatique prospective AH27\/28 | LeherpeurParis","description":"Pour la saison\u00a0AH27\/28, notre Directrice Artistique a pr\u00eat\u00e9 son oeil couleur pour la conception\u00a0du futur\u00a0Color Book de Premi\u00e8re Vision.","robots":{"index":"index","follow":"follow","max-snippet":"max-snippet:-1","max-image-preview":"max-image-preview:large","max-video-preview":"max-video-preview:-1"},"canonical":"https:\/\/leherpeurparis.com\/en\/style\/anticiper-demain-la-creation-chromatique-prospective-ah27-28\/","og_locale":"en_US","og_type":"article","og_title":"Anticiper demain : La cr\u00e9ation chromatique prospective AH27\/28 | LeherpeurParis","og_description":"Pour la saison\u00a0AH27\/28, notre Directrice Artistique a pr\u00eat\u00e9 son oeil couleur pour la conception\u00a0du futur\u00a0Color Book de Premi\u00e8re Vision.","og_url":"https:\/\/leherpeurparis.com\/en\/style\/anticiper-demain-la-creation-chromatique-prospective-ah27-28\/","og_site_name":"LeherpeurParis","article_published_time":"2026-03-11T14:31:02+00:00","article_modified_time":"2026-04-07T08:16:43+00:00","og_image":[{"width":1948,"height":2560,"url":"https:\/\/leherpeurparis.com\/wp-content\/uploads\/2026\/02\/daria-durand-IapYO40ZHaQ-unsplash-1300x1709.jpg","type":"image\/jpeg"}],"author":"Morgane","twitter_card":"summary_large_image","twitter_misc":{"Written by":"Morgane","Est. reading time":"5 minutes"},"schema":{"@context":"https:\/\/schema.org","@graph":[{"@type":"Article","@id":"https:\/\/leherpeurparis.com\/en\/style\/anticiper-demain-la-creation-chromatique-prospective-ah27-28\/#article","isPartOf":{"@id":"https:\/\/leherpeurparis.com\/en\/style\/anticiper-demain-la-creation-chromatique-prospective-ah27-28\/"},"author":{"name":"Morgane","@id":"https:\/\/leherpeurparis.com\/en\/#\/schema\/person\/5836b46e700c1b6bada2f21f963569bf"},"headline":"Anticiper demain : La cr\u00e9ation chromatique prospective AH27\/28","datePublished":"2026-03-11T14:31:02+00:00","dateModified":"2026-04-07T08:16:43+00:00","mainEntityOfPage":{"@id":"https:\/\/leherpeurparis.com\/en\/style\/anticiper-demain-la-creation-chromatique-prospective-ah27-28\/"},"wordCount":802,"publisher":{"@id":"https:\/\/leherpeurparis.com\/en\/#organization"},"image":{"@id":"https:\/\/leherpeurparis.com\/en\/style\/anticiper-demain-la-creation-chromatique-prospective-ah27-28\/#primaryimage"},"thumbnailUrl":"https:\/\/leherpeurparis.com\/wp-content\/uploads\/2026\/02\/daria-durand-IapYO40ZHaQ-unsplash-1300x1709.jpg","keywords":["color","fashion","trends"],"articleSection":["behaviour","prospective","style"],"inLanguage":"en-US"},{"@type":"WebPage","@id":"https:\/\/leherpeurparis.com\/en\/style\/anticiper-demain-la-creation-chromatique-prospective-ah27-28\/","url":"https:\/\/leherpeurparis.com\/en\/style\/anticiper-demain-la-creation-chromatique-prospective-ah27-28\/","name":"Anticiper demain : La cr\u00e9ation chromatique prospective AH27\/28 | LeherpeurParis","isPartOf":{"@id":"https:\/\/leherpeurparis.com\/en\/#website"},"primaryImageOfPage":{"@id":"https:\/\/leherpeurparis.com\/en\/style\/anticiper-demain-la-creation-chromatique-prospective-ah27-28\/#primaryimage"},"image":{"@id":"https:\/\/leherpeurparis.com\/en\/style\/anticiper-demain-la-creation-chromatique-prospective-ah27-28\/#primaryimage"},"thumbnailUrl":"https:\/\/leherpeurparis.com\/wp-content\/uploads\/2026\/02\/daria-durand-IapYO40ZHaQ-unsplash-1300x1709.jpg","datePublished":"2026-03-11T14:31:02+00:00","dateModified":"2026-04-07T08:16:43+00:00","description":"Pour la saison\u00a0AH27\/28, notre Directrice Artistique a pr\u00eat\u00e9 son oeil couleur pour la conception\u00a0du futur\u00a0Color Book de Premi\u00e8re Vision.","breadcrumb":{"@id":"https:\/\/leherpeurparis.com\/en\/style\/anticiper-demain-la-creation-chromatique-prospective-ah27-28\/#breadcrumb"},"inLanguage":"en-US","potentialAction":[{"@type":"ReadAction","target":["https:\/\/leherpeurparis.com\/en\/style\/anticiper-demain-la-creation-chromatique-prospective-ah27-28\/"]}]},{"@type":"ImageObject","inLanguage":"en-US","@id":"https:\/\/leherpeurparis.com\/en\/style\/anticiper-demain-la-creation-chromatique-prospective-ah27-28\/#primaryimage","url":"https:\/\/leherpeurparis.com\/wp-content\/uploads\/2026\/02\/daria-durand-IapYO40ZHaQ-unsplash-1300x1709.jpg","contentUrl":"https:\/\/leherpeurparis.com\/wp-content\/uploads\/2026\/02\/daria-durand-IapYO40ZHaQ-unsplash-1300x1709.jpg","width":1948,"height":2560},{"@type":"BreadcrumbList","@id":"https:\/\/leherpeurparis.com\/en\/style\/anticiper-demain-la-creation-chromatique-prospective-ah27-28\/#breadcrumb","itemListElement":[{"@type":"ListItem","position":1,"name":"Accueil","item":"https:\/\/leherpeurparis.com\/en\/"},{"@type":"ListItem","position":2,"name":"Anticiper demain : La cr\u00e9ation chromatique prospective AH27\/28"}]},{"@type":"WebSite","@id":"https:\/\/leherpeurparis.com\/en\/#website","url":"https:\/\/leherpeurparis.com\/en\/","name":"LeherpeurParis","description":"Consulting office - Paris and Shanghai","publisher":{"@id":"https:\/\/leherpeurparis.com\/en\/#organization"},"potentialAction":[{"@type":"SearchAction","target":{"@type":"EntryPoint","urlTemplate":"https:\/\/leherpeurparis.com\/en\/?s={search_term_string}"},"query-input":{"@type":"PropertyValueSpecification","valueRequired":true,"valueName":"search_term_string"}}],"inLanguage":"en-US"},{"@type":"Organization","@id":"https:\/\/leherpeurparis.com\/en\/#organization","name":"Leherpeur Paris","url":"https:\/\/leherpeurparis.com\/en\/","logo":{"@type":"ImageObject","inLanguage":"en-US","@id":"https:\/\/leherpeurparis.com\/en\/#\/schema\/logo\/image\/","url":"https:\/\/leherpeurparis.com\/wp-content\/uploads\/2022\/07\/Logo-Leherpeur-Paris.jpg","contentUrl":"https:\/\/leherpeurparis.com\/wp-content\/uploads\/2022\/07\/Logo-Leherpeur-Paris.jpg","width":800,"height":300,"caption":"Leherpeur Paris"},"image":{"@id":"https:\/\/leherpeurparis.com\/en\/#\/schema\/logo\/image\/"},"sameAs":["https:\/\/www.instagram.com\/leherpeurparis\/","https:\/\/www.pinterest.fr\/mlcparis\/","https:\/\/www.linkedin.com\/company\/bureauleherpeur\/"]},{"@type":"Person","@id":"https:\/\/leherpeurparis.com\/en\/#\/schema\/person\/5836b46e700c1b6bada2f21f963569bf","name":"Morgane","image":{"@type":"ImageObject","inLanguage":"en-US","@id":"https:\/\/secure.gravatar.com\/avatar\/aaef38f8fe29ef71f7e7758786a4353dd80166c3783061e2e3029314f79a2142?s=96&d=mm&r=g","url":"https:\/\/secure.gravatar.com\/avatar\/aaef38f8fe29ef71f7e7758786a4353dd80166c3783061e2e3029314f79a2142?s=96&d=mm&r=g","contentUrl":"https:\/\/secure.gravatar.com\/avatar\/aaef38f8fe29ef71f7e7758786a4353dd80166c3783061e2e3029314f79a2142?s=96&d=mm&r=g","caption":"Morgane"},"url":"https:\/\/leherpeurparis.com\/en\/author\/webmasterwa\/"}]}},"_links":{"self":[{"href":"https:\/\/leherpeurparis.com\/en\/wp-json\/wp\/v2\/posts\/6305","targetHints":{"allow":["GET"]}}],"collection":[{"href":"https:\/\/leherpeurparis.com\/en\/wp-json\/wp\/v2\/posts"}],"about":[{"href":"https:\/\/leherpeurparis.com\/en\/wp-json\/wp\/v2\/types\/post"}],"author":[{"embeddable":true,"href":"https:\/\/leherpeurparis.com\/en\/wp-json\/wp\/v2\/users\/3"}],"replies":[{"embeddable":true,"href":"https:\/\/leherpeurparis.com\/en\/wp-json\/wp\/v2\/comments?post=6305"}],"version-history":[{"count":9,"href":"https:\/\/leherpeurparis.com\/en\/wp-json\/wp\/v2\/posts\/6305\/revisions"}],"predecessor-version":[{"id":6369,"href":"https:\/\/leherpeurparis.com\/en\/wp-json\/wp\/v2\/posts\/6305\/revisions\/6369"}],"wp:featuredmedia":[{"embeddable":true,"href":"https:\/\/leherpeurparis.com\/en\/wp-json\/wp\/v2\/media\/6364"}],"wp:attachment":[{"href":"https:\/\/leherpeurparis.com\/en\/wp-json\/wp\/v2\/media?parent=6305"}],"wp:term":[{"taxonomy":"category","embeddable":true,"href":"https:\/\/leherpeurparis.com\/en\/wp-json\/wp\/v2\/categories?post=6305"},{"taxonomy":"post_tag","embeddable":true,"href":"https:\/\/leherpeurparis.com\/en\/wp-json\/wp\/v2\/tags?post=6305"}],"curies":[{"name":"wp","href":"https:\/\/api.w.org\/{rel}","templated":true}]}}