{"id":5909,"date":"2025-10-23T11:35:10","date_gmt":"2025-10-23T09:35:10","guid":{"rendered":"https:\/\/leherpeurparis.com\/?p=5909"},"modified":"2025-11-25T10:53:42","modified_gmt":"2025-11-25T09:53:42","slug":"loeil-du-runway-regard-sur-la-fashion-week-pret-a-porter-pe26","status":"publish","type":"post","link":"https:\/\/leherpeurparis.com\/en\/fashion\/loeil-du-runway-regard-sur-la-fashion-week-pret-a-porter-pe26\/","title":{"rendered":"L&#8217;\u0153il du Runway : Regard sur la Fashion Week Pr\u00eat-\u00e0-Porter PE26"},"content":{"rendered":"<div class=\"wp-block-image\">\n<figure class=\"aligncenter size-large is-resized\"><img decoding=\"async\" src=\"https:\/\/leherpeurparis.com\/wp-content\/uploads\/2025\/10\/SnapInsta.to_559825306_18551665945000128_6255795634020959735_n-819x1024.jpg\" alt=\"\" class=\"wp-image-5928\" style=\"aspect-ratio:0.75;object-fit:cover;width:588px;height:auto\"\/><figcaption class=\"wp-element-caption\"><strong>\u00a9<\/strong> <a href=\"https:\/\/www.instagram.com\/ysl?utm_source=ig_web_button_share_sheet&amp;igsh=ZDNlZDc0MzIxNw==\">Saint Laurent<\/a><\/figcaption><\/figure><\/div>\n\n\n<p>Une saison qui respire la libert\u00e9 du corps, la fluidit\u00e9 du geste et l\u2019expression d\u2019une nouvelle \u00e9l\u00e9gance. Le <em>Quiet Luxury<\/em> se m\u00e9tamorphose doucement en <em>Relaxed Luxury<\/em> : la sophistication reste, mais elle s\u2019all\u00e8ge, se d\u00e9tend, s\u2019ancre davantage dans le mouvement. Le tailoring s\u2019a\u00e8re, les lignes se d\u00e9font, les \u00e9toffes flottent, la rigueur s\u2019assouplit. Les marques semblent \u00e9galement \u00eatre prises d&#8217;une fi\u00e8vre chromatique. Notre experte style, <strong>Corinne Denis<\/strong>, a partag\u00e9 son regard et nous a aid\u00e9 \u00e0 d\u00e9coder les associations vues sur les catwalks.<\/p>\n\n\n\n<h2 class=\"wp-block-heading\">COUTURE D\u00c9TENTE<\/h2>\n\n\n\n<div class=\"wp-block-columns are-vertically-aligned-center is-layout-flex wp-container-core-columns-is-layout-9d6595d7 wp-block-columns-is-layout-flex\">\n<div class=\"wp-block-column is-vertically-aligned-center is-layout-flow wp-block-column-is-layout-flow\">\n<figure class=\"wp-block-image size-large\"><img loading=\"lazy\" decoding=\"async\" width=\"819\" height=\"1024\" src=\"https:\/\/leherpeurparis.com\/wp-content\/uploads\/2025\/10\/Frame-1962-819x1024.png\" alt=\"\" class=\"wp-image-5910\" srcset=\"https:\/\/leherpeurparis.com\/wp-content\/uploads\/2025\/10\/Frame-1962-819x1024.png 819w, https:\/\/leherpeurparis.com\/wp-content\/uploads\/2025\/10\/Frame-1962-240x300.png 240w, https:\/\/leherpeurparis.com\/wp-content\/uploads\/2025\/10\/Frame-1962-768x960.png 768w, https:\/\/leherpeurparis.com\/wp-content\/uploads\/2025\/10\/Frame-1962.png 1080w\" sizes=\"auto, (max-width: 819px) 100vw, 819px\" \/><\/figure>\n<\/div>\n\n\n\n<div class=\"wp-block-column is-vertically-aligned-center is-layout-flow wp-block-column-is-layout-flow\">\n<h3 class=\"wp-block-heading\">Sensualit\u00e9 a\u00e9rienne<\/h3>\n\n\n\n<p class=\"has-text-align-left\">Sous l\u2019impulsion d\u2019un vestiaire empreint de libert\u00e9, la silhouette se fait l\u00e9g\u00e8re, sensuelle, suspendue.<br>Les cr\u00e9ateurs cultivent une allure souple, d\u00e9tach\u00e9e de toute contrainte. Chez <strong><a href=\"https:\/\/www.instagram.com\/stellamccartney?utm_source=ig_web_button_share_sheet&amp;igsh=ZDNlZDc0MzIxNw==\">@stellamccartney<\/a><\/strong>, <strong><a href=\"https:\/\/www.instagram.com\/balenciaga?utm_source=ig_web_button_share_sheet&amp;igsh=ZDNlZDc0MzIxNw==\">@balenciaga<\/a><\/strong> et <strong><a href=\"https:\/\/www.instagram.com\/maisonalaia?utm_source=ig_web_button_share_sheet&amp;igsh=ZDNlZDc0MzIxNw==\">@maisonalaia<\/a><\/strong>, les tissus glissent sur le corps, jouent de transparence et de fluidit\u00e9, et sugg\u00e8rent une f\u00e9minit\u00e9 en apesanteur.<\/p>\n<\/div>\n<\/div>\n\n\n\n<div class=\"wp-block-columns are-vertically-aligned-center is-layout-flex wp-container-core-columns-is-layout-9d6595d7 wp-block-columns-is-layout-flex\">\n<div class=\"wp-block-column is-vertically-aligned-center is-layout-flow wp-block-column-is-layout-flow\">\n<h3 class=\"wp-block-heading\">Beaut\u00e9 effortless<\/h3>\n\n\n\n<p>La beaut\u00e9 suit ce mouvement : <strong>effortless, naturelle, instinctive<\/strong>. Les visages semblent respirer, les gestes sont lents, nonchalants. Une simplicit\u00e9 gracieuse observ\u00e9e chez <strong><a href=\"https:\/\/www.instagram.com\/carven?utm_source=ig_web_button_share_sheet&amp;igsh=ZDNlZDc0MzIxNw==\">@carven<\/a><\/strong>, <strong><a href=\"https:\/\/www.instagram.com\/dior?utm_source=ig_web_button_share_sheet&amp;igsh=ZDNlZDc0MzIxNw==\">@dior<\/a><\/strong> et <strong><a href=\"https:\/\/www.instagram.com\/ferragamo?utm_source=ig_web_button_share_sheet&amp;igsh=ZDNlZDc0MzIxNw==\">@ferragamo<\/a><\/strong>.<\/p>\n<\/div>\n\n\n\n<div class=\"wp-block-column is-vertically-aligned-center is-layout-flow wp-block-column-is-layout-flow\">\n<figure class=\"wp-block-image size-large\"><img loading=\"lazy\" decoding=\"async\" width=\"819\" height=\"1024\" src=\"https:\/\/leherpeurparis.com\/wp-content\/uploads\/2025\/10\/Frame-1963-819x1024.png\" alt=\"\" class=\"wp-image-5912\" srcset=\"https:\/\/leherpeurparis.com\/wp-content\/uploads\/2025\/10\/Frame-1963-819x1024.png 819w, https:\/\/leherpeurparis.com\/wp-content\/uploads\/2025\/10\/Frame-1963-240x300.png 240w, https:\/\/leherpeurparis.com\/wp-content\/uploads\/2025\/10\/Frame-1963-768x960.png 768w, https:\/\/leherpeurparis.com\/wp-content\/uploads\/2025\/10\/Frame-1963.png 1080w\" sizes=\"auto, (max-width: 819px) 100vw, 819px\" \/><\/figure>\n<\/div>\n<\/div>\n\n\n\n<h2 class=\"wp-block-heading\">NEW TAILORING<\/h2>\n\n\n\n<div class=\"wp-block-columns are-vertically-aligned-center is-layout-flex wp-container-core-columns-is-layout-9d6595d7 wp-block-columns-is-layout-flex\">\n<div class=\"wp-block-column is-vertically-aligned-center is-layout-flow wp-block-column-is-layout-flow\">\n<figure class=\"wp-block-image size-large\"><img loading=\"lazy\" decoding=\"async\" width=\"819\" height=\"1024\" src=\"https:\/\/leherpeurparis.com\/wp-content\/uploads\/2025\/10\/Frame-1968-819x1024.png\" alt=\"\" class=\"wp-image-5914\" srcset=\"https:\/\/leherpeurparis.com\/wp-content\/uploads\/2025\/10\/Frame-1968-819x1024.png 819w, https:\/\/leherpeurparis.com\/wp-content\/uploads\/2025\/10\/Frame-1968-240x300.png 240w, https:\/\/leherpeurparis.com\/wp-content\/uploads\/2025\/10\/Frame-1968-768x960.png 768w, https:\/\/leherpeurparis.com\/wp-content\/uploads\/2025\/10\/Frame-1968.png 1080w\" sizes=\"auto, (max-width: 819px) 100vw, 819px\" \/><\/figure>\n<\/div>\n\n\n\n<div class=\"wp-block-column is-vertically-aligned-center is-layout-flow wp-block-column-is-layout-flow\">\n<h3 class=\"wp-block-heading\">Rigueur suspendue<\/h3>\n\n\n\n<p class=\"has-text-align-left\">Le tailoring s\u2019\u00e9mancipe \u00e0 son tour. Plus a\u00e9rien, presque d\u00e9structur\u00e9, il conserve sa rigueur tout en laissant parler le corps. Chez <strong><a href=\"https:\/\/www.instagram.com\/maisonalaia?utm_source=ig_web_button_share_sheet&amp;igsh=ZDNlZDc0MzIxNw==\">@maisonalaia<\/a><\/strong>, <strong><a href=\"https:\/\/www.instagram.com\/coperni?utm_source=ig_web_button_share_sheet&amp;igsh=ZDNlZDc0MzIxNw==\">@coperni<\/a><\/strong> ou <strong><a href=\"https:\/\/www.instagram.com\/chanelofficial?utm_source=ig_web_button_share_sheet&amp;igsh=ZDNlZDc0MzIxNw==\">@chanel<\/a><\/strong>, la pr\u00e9cision du geste tailleur s\u2019allie \u00e0 une sensualit\u00e9 nouvelle.<\/p>\n<\/div>\n<\/div>\n\n\n\n<div class=\"wp-block-columns are-vertically-aligned-center is-layout-flex wp-container-core-columns-is-layout-9d6595d7 wp-block-columns-is-layout-flex\">\n<div class=\"wp-block-column is-vertically-aligned-center is-layout-flow wp-block-column-is-layout-flow\">\n<h3 class=\"wp-block-heading\">Ic\u00f4ne revisit\u00e9e<\/h3>\n\n\n\n<p>Les <strong>chemises blanches<\/strong>, \u00e9ternel symbole de s\u00e9rieux et de structure, se r\u00e9inventent : <strong>cintr\u00e9es, nou\u00e9es, cropped<\/strong> ou <strong>amplifi\u00e9es<\/strong>, elles se d\u00e9clinent dans une infinit\u00e9 de variations chez <strong><a href=\"https:\/\/www.instagram.com\/givenchy?utm_source=ig_web_button_share_sheet&amp;igsh=ZDNlZDc0MzIxNw==\">@givenchy<\/a><\/strong>, <strong><a href=\"https:\/\/www.instagram.com\/chanelofficial?utm_source=ig_web_button_share_sheet&amp;igsh=ZDNlZDc0MzIxNw==\">@chanel<\/a><\/strong> et <strong><a href=\"https:\/\/www.instagram.com\/ysl?utm_source=ig_web_button_share_sheet&amp;igsh=ZDNlZDc0MzIxNw==\">@saintlaurent<\/a><\/strong>.<\/p>\n<\/div>\n\n\n\n<div class=\"wp-block-column is-vertically-aligned-center is-layout-flow wp-block-column-is-layout-flow\">\n<figure class=\"wp-block-image size-large\"><img loading=\"lazy\" decoding=\"async\" width=\"819\" height=\"1024\" src=\"https:\/\/leherpeurparis.com\/wp-content\/uploads\/2025\/10\/Frame-1964-819x1024.png\" alt=\"\" class=\"wp-image-5916\" srcset=\"https:\/\/leherpeurparis.com\/wp-content\/uploads\/2025\/10\/Frame-1964-819x1024.png 819w, https:\/\/leherpeurparis.com\/wp-content\/uploads\/2025\/10\/Frame-1964-240x300.png 240w, https:\/\/leherpeurparis.com\/wp-content\/uploads\/2025\/10\/Frame-1964-768x960.png 768w, https:\/\/leherpeurparis.com\/wp-content\/uploads\/2025\/10\/Frame-1964.png 1080w\" sizes=\"auto, (max-width: 819px) 100vw, 819px\" \/><\/figure>\n<\/div>\n<\/div>\n\n\n\n<div class=\"wp-block-columns are-vertically-aligned-center is-layout-flex wp-container-core-columns-is-layout-9d6595d7 wp-block-columns-is-layout-flex\">\n<div class=\"wp-block-column is-vertically-aligned-center is-layout-flow wp-block-column-is-layout-flow\">\n<figure class=\"wp-block-image size-large\"><img loading=\"lazy\" decoding=\"async\" width=\"819\" height=\"1024\" src=\"https:\/\/leherpeurparis.com\/wp-content\/uploads\/2025\/10\/Frame-1965-819x1024.png\" alt=\"\" class=\"wp-image-5918\" srcset=\"https:\/\/leherpeurparis.com\/wp-content\/uploads\/2025\/10\/Frame-1965-819x1024.png 819w, https:\/\/leherpeurparis.com\/wp-content\/uploads\/2025\/10\/Frame-1965-240x300.png 240w, https:\/\/leherpeurparis.com\/wp-content\/uploads\/2025\/10\/Frame-1965-768x960.png 768w, https:\/\/leherpeurparis.com\/wp-content\/uploads\/2025\/10\/Frame-1965.png 1080w\" sizes=\"auto, (max-width: 819px) 100vw, 819px\" \/><\/figure>\n<\/div>\n\n\n\n<div class=\"wp-block-column is-vertically-aligned-center is-layout-flow wp-block-column-is-layout-flow\">\n<h3 class=\"wp-block-heading\">L&#8217;atelier port\u00e9<\/h3>\n\n\n\n<p class=\"has-text-align-left\">Cette libert\u00e9 de coupe s\u2019\u00e9tend jusqu\u2019\u00e0 l\u2019univers de l\u2019artisanat : tabliers, combinaisons, v\u00eatements fonctionnels revisitent la notion de v\u00eatement utilitaire. Chez <strong><a href=\"https:\/\/www.instagram.com\/miumiu?utm_source=ig_web_button_share_sheet&amp;igsh=ZDNlZDc0MzIxNw==\">@miumiu<\/a><\/strong>, <strong><a href=\"https:\/\/www.instagram.com\/newbottega?utm_source=ig_web_button_share_sheet&amp;igsh=ZDNlZDc0MzIxNw==\">@newbottega<\/a><\/strong> ou <strong><a href=\"https:\/\/www.instagram.com\/victoriabeckham?utm_source=ig_web_button_share_sheet&amp;igsh=ZDNlZDc0MzIxNw==\">@victoriabeckham<\/a><\/strong>, le geste de l\u2019artisan devient allure et c\u00e9l\u00e8bre la fonction autant que la forme. <\/p>\n<\/div>\n<\/div>\n\n\n\n<h2 class=\"wp-block-heading\">CHROM-MANIA<\/h2>\n\n\n\n<div class=\"wp-block-columns are-vertically-aligned-center is-layout-flex wp-container-core-columns-is-layout-9d6595d7 wp-block-columns-is-layout-flex\">\n<div class=\"wp-block-column is-vertically-aligned-center is-layout-flow wp-block-column-is-layout-flow\">\n<h3 class=\"wp-block-heading\">Allure picturale<\/h3>\n\n\n\n<p>Enfin, la couleur s\u2019impose comme un manifeste cr\u00e9atif. Les silhouettes deviennent des <strong>tableaux vivants<\/strong>, explorant de nouvelles compositions chromatiques et des textures qui rappellent la peinture ou le collage. Chez <strong><a href=\"https:\/\/www.instagram.com\/driesvannoten?utm_source=ig_web_button_share_sheet&amp;igsh=ZDNlZDc0MzIxNw==\">@driesvannoten<\/a><\/strong>, <strong><a href=\"https:\/\/www.instagram.com\/loewe?utm_source=ig_web_button_share_sheet&amp;igsh=ZDNlZDc0MzIxNw==\">@loewe<\/a><\/strong> et <strong><a href=\"https:\/\/www.instagram.com\/meryllrogge?utm_source=ig_web_button_share_sheet&amp;igsh=ZDNlZDc0MzIxNw==\">@meryllrogge<\/a><\/strong> les nuances dialoguent dans une harmonie quasi picturale.<\/p>\n<\/div>\n\n\n\n<div class=\"wp-block-column is-vertically-aligned-center is-layout-flow wp-block-column-is-layout-flow\">\n<figure class=\"wp-block-image size-large\"><img loading=\"lazy\" decoding=\"async\" width=\"819\" height=\"1024\" src=\"https:\/\/leherpeurparis.com\/wp-content\/uploads\/2025\/10\/Frame-1966-819x1024.png\" alt=\"\" class=\"wp-image-5920\" srcset=\"https:\/\/leherpeurparis.com\/wp-content\/uploads\/2025\/10\/Frame-1966-819x1024.png 819w, https:\/\/leherpeurparis.com\/wp-content\/uploads\/2025\/10\/Frame-1966-240x300.png 240w, https:\/\/leherpeurparis.com\/wp-content\/uploads\/2025\/10\/Frame-1966-768x960.png 768w, https:\/\/leherpeurparis.com\/wp-content\/uploads\/2025\/10\/Frame-1966.png 1080w\" sizes=\"auto, (max-width: 819px) 100vw, 819px\" \/><\/figure>\n<\/div>\n<\/div>\n\n\n\n<div class=\"wp-block-columns are-vertically-aligned-center is-layout-flex wp-container-core-columns-is-layout-9d6595d7 wp-block-columns-is-layout-flex\">\n<div class=\"wp-block-column is-vertically-aligned-center is-layout-flow wp-block-column-is-layout-flow\">\n<figure class=\"wp-block-image size-large\"><img loading=\"lazy\" decoding=\"async\" width=\"819\" height=\"1024\" src=\"https:\/\/leherpeurparis.com\/wp-content\/uploads\/2025\/10\/Frame-1967-819x1024.png\" alt=\"\" class=\"wp-image-5922\" srcset=\"https:\/\/leherpeurparis.com\/wp-content\/uploads\/2025\/10\/Frame-1967-819x1024.png 819w, https:\/\/leherpeurparis.com\/wp-content\/uploads\/2025\/10\/Frame-1967-240x300.png 240w, https:\/\/leherpeurparis.com\/wp-content\/uploads\/2025\/10\/Frame-1967-768x960.png 768w, https:\/\/leherpeurparis.com\/wp-content\/uploads\/2025\/10\/Frame-1967.png 1080w\" sizes=\"auto, (max-width: 819px) 100vw, 819px\" \/><\/figure>\n<\/div>\n\n\n\n<div class=\"wp-block-column is-vertically-aligned-center is-layout-flow wp-block-column-is-layout-flow\">\n<h3 class=\"wp-block-heading\">Colorblock<\/h3>\n\n\n\n<p class=\"has-text-align-left\"><br>D\u2019autres maisons s\u2019aventurent dans des <strong>colorblocks intuitifs<\/strong>, des \u00e9clats lumineux, voire des exp\u00e9rimentations imitants l\u2019intelligence artificielle.  Chez <strong><a href=\"https:\/\/www.instagram.com\/prada?utm_source=ig_web_button_share_sheet&amp;igsh=ZDNlZDc0MzIxNw==\">@prada<\/a><\/strong>, <strong><a href=\"https:\/\/www.instagram.com\/loewe?utm_source=ig_web_button_share_sheet&amp;igsh=ZDNlZDc0MzIxNw==\">@loewe<\/a><\/strong> et <strong><a href=\"https:\/\/www.instagram.com\/fendi?utm_source=ig_web_button_share_sheet&amp;igsh=ZDNlZDc0MzIxNw==\">@fendi<\/a><\/strong>, la couleur structure la silhouette et d\u00e9finit l\u2019attitude.<\/p>\n<\/div>\n<\/div>\n\n\n\n<h2 class=\"wp-block-heading\">D\u00e9couvrez nos articles pr\u00e9c\u00e9dents<\/h2>\n\n\n<ul class=\"wp-block-latest-posts__list wp-block-latest-posts\"><li><a class=\"wp-block-latest-posts__post-title\" href=\"https:\/\/leherpeurparis.com\/en\/prospective\/un-design-pour-l-etre-a-la-milan-design-week-2026\/\">Un design &#8220;pour l&#8217;\u00eatre&#8221; \u00e0 la Milan Design Week 2026<\/a><\/li>\n<li><a class=\"wp-block-latest-posts__post-title\" href=\"https:\/\/leherpeurparis.com\/en\/prospective\/loeil-milan-design-week-2026\/\">L\u2019\u0152il Milan Design Week 2026<\/a><\/li>\n<li><a class=\"wp-block-latest-posts__post-title\" href=\"https:\/\/leherpeurparis.com\/en\/prospective\/loeil-art-paris-mutations-et-memoires\/\">L\u2019\u0152il Art Paris : Mutations et M\u00e9moires<\/a><\/li>\n<li><a class=\"wp-block-latest-posts__post-title\" href=\"https:\/\/leherpeurparis.com\/en\/prospective\/lobjet-reference-la-collection-2026-comme-ecosysteme-de-valeur\/\">L&#8217;Objet-r\u00e9f\u00e9rence : La collection 2026 comme \u00e9cosyst\u00e8me de valeurs<\/a><\/li>\n<li><a class=\"wp-block-latest-posts__post-title\" href=\"https:\/\/leherpeurparis.com\/en\/prospective\/textural-feelings-quand-la-texture-remet-le-produit-au-coeur-de-lexperience-bilan-fashion-week-2026\/\">Textural Feelings : Quand la texture remet le produit au coeur de l&#8217;exp\u00e9rience (Bilan Fashion Week 2026)<\/a><\/li>\n<\/ul>","protected":false},"excerpt":{"rendered":"<p>Une saison qui respire la libert\u00e9 du corps, la fluidit\u00e9 du geste et l\u2019expression d\u2019une nouvelle \u00e9l\u00e9gance. Le Quiet Luxury se m\u00e9tamorphose doucement en Relaxed Luxury : la sophistication reste, [&hellip;]<\/p>\n","protected":false},"author":3,"featured_media":5928,"comment_status":"closed","ping_status":"closed","sticky":false,"template":"","format":"standard","meta":{"_acf_changed":false,"footnotes":""},"categories":[143,164],"tags":[39,44,53],"class_list":["post-5909","post","type-post","status-publish","format-standard","has-post-thumbnail","hentry","category-fashion","category-luxe","tag-fashion","tag-fashion-week","tag-luxe"],"acf":[],"yoast_head":"<!-- This site is optimized with the Yoast SEO plugin v27.5 - https:\/\/yoast.com\/product\/yoast-seo-wordpress\/ -->\n<title>L&#039;\u0153il du Runway : Regard sur la Fashion Week Pr\u00eat-\u00e0-Porter PE26 | LeherpeurParis<\/title>\n<meta name=\"description\" content=\"D\u00e9cryptage de la Fashion Week Pr\u00eat-\u00e0-Porter PE26: Relaxed Luxury, New tailoring et fi\u00e8vre chromatique | fashion\" \/>\n<meta name=\"robots\" content=\"index, follow, max-snippet:-1, max-image-preview:large, max-video-preview:-1\" \/>\n<link rel=\"canonical\" href=\"https:\/\/leherpeurparis.com\/en\/fashion\/loeil-du-runway-regard-sur-la-fashion-week-pret-a-porter-pe26\/\" \/>\n<meta property=\"og:locale\" content=\"en_US\" \/>\n<meta property=\"og:type\" content=\"article\" \/>\n<meta property=\"og:title\" content=\"L&#039;\u0153il du Runway : Regard sur la Fashion Week Pr\u00eat-\u00e0-Porter PE26 | LeherpeurParis\" \/>\n<meta property=\"og:description\" content=\"D\u00e9cryptage de la Fashion Week Pr\u00eat-\u00e0-Porter PE26: Relaxed Luxury, New tailoring et fi\u00e8vre chromatique | fashion\" \/>\n<meta property=\"og:url\" content=\"https:\/\/leherpeurparis.com\/en\/fashion\/loeil-du-runway-regard-sur-la-fashion-week-pret-a-porter-pe26\/\" \/>\n<meta property=\"og:site_name\" content=\"LeherpeurParis\" \/>\n<meta property=\"article:published_time\" content=\"2025-10-23T09:35:10+00:00\" \/>\n<meta property=\"article:modified_time\" content=\"2025-11-25T09:53:42+00:00\" \/>\n<meta property=\"og:image\" content=\"https:\/\/leherpeurparis.com\/wp-content\/uploads\/2025\/10\/SnapInsta.to_559825306_18551665945000128_6255795634020959735_n-e1761212021165.jpg\" \/>\n\t<meta property=\"og:image:width\" content=\"1080\" \/>\n\t<meta property=\"og:image:height\" content=\"828\" \/>\n\t<meta property=\"og:image:type\" content=\"image\/jpeg\" \/>\n<meta name=\"author\" content=\"Morgane\" \/>\n<meta name=\"twitter:card\" content=\"summary_large_image\" \/>\n<meta name=\"twitter:label1\" content=\"Written by\" \/>\n\t<meta name=\"twitter:data1\" content=\"Morgane\" \/>\n\t<meta name=\"twitter:label2\" content=\"Est. reading time\" \/>\n\t<meta name=\"twitter:data2\" content=\"4 minutes\" \/>\n<script type=\"application\/ld+json\" class=\"yoast-schema-graph\">{\"@context\":\"https:\\\/\\\/schema.org\",\"@graph\":[{\"@type\":\"Article\",\"@id\":\"https:\\\/\\\/leherpeurparis.com\\\/en\\\/fashion\\\/loeil-du-runway-regard-sur-la-fashion-week-pret-a-porter-pe26\\\/#article\",\"isPartOf\":{\"@id\":\"https:\\\/\\\/leherpeurparis.com\\\/en\\\/fashion\\\/loeil-du-runway-regard-sur-la-fashion-week-pret-a-porter-pe26\\\/\"},\"author\":{\"name\":\"Morgane\",\"@id\":\"https:\\\/\\\/leherpeurparis.com\\\/en\\\/#\\\/schema\\\/person\\\/5836b46e700c1b6bada2f21f963569bf\"},\"headline\":\"L&#8217;\u0153il du Runway : Regard sur la Fashion Week Pr\u00eat-\u00e0-Porter PE26\",\"datePublished\":\"2025-10-23T09:35:10+00:00\",\"dateModified\":\"2025-11-25T09:53:42+00:00\",\"mainEntityOfPage\":{\"@id\":\"https:\\\/\\\/leherpeurparis.com\\\/en\\\/fashion\\\/loeil-du-runway-regard-sur-la-fashion-week-pret-a-porter-pe26\\\/\"},\"wordCount\":421,\"publisher\":{\"@id\":\"https:\\\/\\\/leherpeurparis.com\\\/en\\\/#organization\"},\"image\":{\"@id\":\"https:\\\/\\\/leherpeurparis.com\\\/en\\\/fashion\\\/loeil-du-runway-regard-sur-la-fashion-week-pret-a-porter-pe26\\\/#primaryimage\"},\"thumbnailUrl\":\"https:\\\/\\\/leherpeurparis.com\\\/wp-content\\\/uploads\\\/2025\\\/10\\\/SnapInsta.to_559825306_18551665945000128_6255795634020959735_n-e1761212021165.jpg\",\"keywords\":[\"fashion\",\"fashion week\",\"luxe\"],\"articleSection\":[\"fashion\",\"luxe\"],\"inLanguage\":\"en-US\"},{\"@type\":\"WebPage\",\"@id\":\"https:\\\/\\\/leherpeurparis.com\\\/en\\\/fashion\\\/loeil-du-runway-regard-sur-la-fashion-week-pret-a-porter-pe26\\\/\",\"url\":\"https:\\\/\\\/leherpeurparis.com\\\/en\\\/fashion\\\/loeil-du-runway-regard-sur-la-fashion-week-pret-a-porter-pe26\\\/\",\"name\":\"L'\u0153il du Runway : Regard sur la Fashion Week Pr\u00eat-\u00e0-Porter PE26 | LeherpeurParis\",\"isPartOf\":{\"@id\":\"https:\\\/\\\/leherpeurparis.com\\\/en\\\/#website\"},\"primaryImageOfPage\":{\"@id\":\"https:\\\/\\\/leherpeurparis.com\\\/en\\\/fashion\\\/loeil-du-runway-regard-sur-la-fashion-week-pret-a-porter-pe26\\\/#primaryimage\"},\"image\":{\"@id\":\"https:\\\/\\\/leherpeurparis.com\\\/en\\\/fashion\\\/loeil-du-runway-regard-sur-la-fashion-week-pret-a-porter-pe26\\\/#primaryimage\"},\"thumbnailUrl\":\"https:\\\/\\\/leherpeurparis.com\\\/wp-content\\\/uploads\\\/2025\\\/10\\\/SnapInsta.to_559825306_18551665945000128_6255795634020959735_n-e1761212021165.jpg\",\"datePublished\":\"2025-10-23T09:35:10+00:00\",\"dateModified\":\"2025-11-25T09:53:42+00:00\",\"description\":\"D\u00e9cryptage de la Fashion Week Pr\u00eat-\u00e0-Porter PE26: Relaxed Luxury, New tailoring et fi\u00e8vre chromatique | fashion\",\"breadcrumb\":{\"@id\":\"https:\\\/\\\/leherpeurparis.com\\\/en\\\/fashion\\\/loeil-du-runway-regard-sur-la-fashion-week-pret-a-porter-pe26\\\/#breadcrumb\"},\"inLanguage\":\"en-US\",\"potentialAction\":[{\"@type\":\"ReadAction\",\"target\":[\"https:\\\/\\\/leherpeurparis.com\\\/en\\\/fashion\\\/loeil-du-runway-regard-sur-la-fashion-week-pret-a-porter-pe26\\\/\"]}]},{\"@type\":\"ImageObject\",\"inLanguage\":\"en-US\",\"@id\":\"https:\\\/\\\/leherpeurparis.com\\\/en\\\/fashion\\\/loeil-du-runway-regard-sur-la-fashion-week-pret-a-porter-pe26\\\/#primaryimage\",\"url\":\"https:\\\/\\\/leherpeurparis.com\\\/wp-content\\\/uploads\\\/2025\\\/10\\\/SnapInsta.to_559825306_18551665945000128_6255795634020959735_n-e1761212021165.jpg\",\"contentUrl\":\"https:\\\/\\\/leherpeurparis.com\\\/wp-content\\\/uploads\\\/2025\\\/10\\\/SnapInsta.to_559825306_18551665945000128_6255795634020959735_n-e1761212021165.jpg\",\"width\":1080,\"height\":828},{\"@type\":\"BreadcrumbList\",\"@id\":\"https:\\\/\\\/leherpeurparis.com\\\/en\\\/fashion\\\/loeil-du-runway-regard-sur-la-fashion-week-pret-a-porter-pe26\\\/#breadcrumb\",\"itemListElement\":[{\"@type\":\"ListItem\",\"position\":1,\"name\":\"Accueil\",\"item\":\"https:\\\/\\\/leherpeurparis.com\\\/en\\\/\"},{\"@type\":\"ListItem\",\"position\":2,\"name\":\"L&rsquo;\u0153il du Runway : Regard sur la Fashion Week Pr\u00eat-\u00e0-Porter PE26\"}]},{\"@type\":\"WebSite\",\"@id\":\"https:\\\/\\\/leherpeurparis.com\\\/en\\\/#website\",\"url\":\"https:\\\/\\\/leherpeurparis.com\\\/en\\\/\",\"name\":\"LeherpeurParis\",\"description\":\"Consulting office - Paris and Shanghai\",\"publisher\":{\"@id\":\"https:\\\/\\\/leherpeurparis.com\\\/en\\\/#organization\"},\"potentialAction\":[{\"@type\":\"SearchAction\",\"target\":{\"@type\":\"EntryPoint\",\"urlTemplate\":\"https:\\\/\\\/leherpeurparis.com\\\/en\\\/?s={search_term_string}\"},\"query-input\":{\"@type\":\"PropertyValueSpecification\",\"valueRequired\":true,\"valueName\":\"search_term_string\"}}],\"inLanguage\":\"en-US\"},{\"@type\":\"Organization\",\"@id\":\"https:\\\/\\\/leherpeurparis.com\\\/en\\\/#organization\",\"name\":\"Leherpeur Paris\",\"url\":\"https:\\\/\\\/leherpeurparis.com\\\/en\\\/\",\"logo\":{\"@type\":\"ImageObject\",\"inLanguage\":\"en-US\",\"@id\":\"https:\\\/\\\/leherpeurparis.com\\\/en\\\/#\\\/schema\\\/logo\\\/image\\\/\",\"url\":\"https:\\\/\\\/leherpeurparis.com\\\/wp-content\\\/uploads\\\/2022\\\/07\\\/Logo-Leherpeur-Paris.jpg\",\"contentUrl\":\"https:\\\/\\\/leherpeurparis.com\\\/wp-content\\\/uploads\\\/2022\\\/07\\\/Logo-Leherpeur-Paris.jpg\",\"width\":800,\"height\":300,\"caption\":\"Leherpeur Paris\"},\"image\":{\"@id\":\"https:\\\/\\\/leherpeurparis.com\\\/en\\\/#\\\/schema\\\/logo\\\/image\\\/\"},\"sameAs\":[\"https:\\\/\\\/www.instagram.com\\\/leherpeurparis\\\/\",\"https:\\\/\\\/www.pinterest.fr\\\/mlcparis\\\/\",\"https:\\\/\\\/www.linkedin.com\\\/company\\\/bureauleherpeur\\\/\"]},{\"@type\":\"Person\",\"@id\":\"https:\\\/\\\/leherpeurparis.com\\\/en\\\/#\\\/schema\\\/person\\\/5836b46e700c1b6bada2f21f963569bf\",\"name\":\"Morgane\",\"image\":{\"@type\":\"ImageObject\",\"inLanguage\":\"en-US\",\"@id\":\"https:\\\/\\\/secure.gravatar.com\\\/avatar\\\/aaef38f8fe29ef71f7e7758786a4353dd80166c3783061e2e3029314f79a2142?s=96&d=mm&r=g\",\"url\":\"https:\\\/\\\/secure.gravatar.com\\\/avatar\\\/aaef38f8fe29ef71f7e7758786a4353dd80166c3783061e2e3029314f79a2142?s=96&d=mm&r=g\",\"contentUrl\":\"https:\\\/\\\/secure.gravatar.com\\\/avatar\\\/aaef38f8fe29ef71f7e7758786a4353dd80166c3783061e2e3029314f79a2142?s=96&d=mm&r=g\",\"caption\":\"Morgane\"},\"url\":\"https:\\\/\\\/leherpeurparis.com\\\/en\\\/author\\\/webmasterwa\\\/\"}]}<\/script>\n<!-- \/ Yoast SEO plugin. -->","yoast_head_json":{"title":"L'\u0153il du Runway : Regard sur la Fashion Week Pr\u00eat-\u00e0-Porter PE26 | LeherpeurParis","description":"D\u00e9cryptage de la Fashion Week Pr\u00eat-\u00e0-Porter PE26: Relaxed Luxury, New tailoring et fi\u00e8vre chromatique | fashion","robots":{"index":"index","follow":"follow","max-snippet":"max-snippet:-1","max-image-preview":"max-image-preview:large","max-video-preview":"max-video-preview:-1"},"canonical":"https:\/\/leherpeurparis.com\/en\/fashion\/loeil-du-runway-regard-sur-la-fashion-week-pret-a-porter-pe26\/","og_locale":"en_US","og_type":"article","og_title":"L'\u0153il du Runway : Regard sur la Fashion Week Pr\u00eat-\u00e0-Porter PE26 | LeherpeurParis","og_description":"D\u00e9cryptage de la Fashion Week Pr\u00eat-\u00e0-Porter PE26: Relaxed Luxury, New tailoring et fi\u00e8vre chromatique | fashion","og_url":"https:\/\/leherpeurparis.com\/en\/fashion\/loeil-du-runway-regard-sur-la-fashion-week-pret-a-porter-pe26\/","og_site_name":"LeherpeurParis","article_published_time":"2025-10-23T09:35:10+00:00","article_modified_time":"2025-11-25T09:53:42+00:00","og_image":[{"width":1080,"height":828,"url":"https:\/\/leherpeurparis.com\/wp-content\/uploads\/2025\/10\/SnapInsta.to_559825306_18551665945000128_6255795634020959735_n-e1761212021165.jpg","type":"image\/jpeg"}],"author":"Morgane","twitter_card":"summary_large_image","twitter_misc":{"Written by":"Morgane","Est. reading time":"4 minutes"},"schema":{"@context":"https:\/\/schema.org","@graph":[{"@type":"Article","@id":"https:\/\/leherpeurparis.com\/en\/fashion\/loeil-du-runway-regard-sur-la-fashion-week-pret-a-porter-pe26\/#article","isPartOf":{"@id":"https:\/\/leherpeurparis.com\/en\/fashion\/loeil-du-runway-regard-sur-la-fashion-week-pret-a-porter-pe26\/"},"author":{"name":"Morgane","@id":"https:\/\/leherpeurparis.com\/en\/#\/schema\/person\/5836b46e700c1b6bada2f21f963569bf"},"headline":"L&#8217;\u0153il du Runway : Regard sur la Fashion Week Pr\u00eat-\u00e0-Porter PE26","datePublished":"2025-10-23T09:35:10+00:00","dateModified":"2025-11-25T09:53:42+00:00","mainEntityOfPage":{"@id":"https:\/\/leherpeurparis.com\/en\/fashion\/loeil-du-runway-regard-sur-la-fashion-week-pret-a-porter-pe26\/"},"wordCount":421,"publisher":{"@id":"https:\/\/leherpeurparis.com\/en\/#organization"},"image":{"@id":"https:\/\/leherpeurparis.com\/en\/fashion\/loeil-du-runway-regard-sur-la-fashion-week-pret-a-porter-pe26\/#primaryimage"},"thumbnailUrl":"https:\/\/leherpeurparis.com\/wp-content\/uploads\/2025\/10\/SnapInsta.to_559825306_18551665945000128_6255795634020959735_n-e1761212021165.jpg","keywords":["fashion","fashion week","luxe"],"articleSection":["fashion","luxe"],"inLanguage":"en-US"},{"@type":"WebPage","@id":"https:\/\/leherpeurparis.com\/en\/fashion\/loeil-du-runway-regard-sur-la-fashion-week-pret-a-porter-pe26\/","url":"https:\/\/leherpeurparis.com\/en\/fashion\/loeil-du-runway-regard-sur-la-fashion-week-pret-a-porter-pe26\/","name":"L'\u0153il du Runway : Regard sur la Fashion Week Pr\u00eat-\u00e0-Porter PE26 | LeherpeurParis","isPartOf":{"@id":"https:\/\/leherpeurparis.com\/en\/#website"},"primaryImageOfPage":{"@id":"https:\/\/leherpeurparis.com\/en\/fashion\/loeil-du-runway-regard-sur-la-fashion-week-pret-a-porter-pe26\/#primaryimage"},"image":{"@id":"https:\/\/leherpeurparis.com\/en\/fashion\/loeil-du-runway-regard-sur-la-fashion-week-pret-a-porter-pe26\/#primaryimage"},"thumbnailUrl":"https:\/\/leherpeurparis.com\/wp-content\/uploads\/2025\/10\/SnapInsta.to_559825306_18551665945000128_6255795634020959735_n-e1761212021165.jpg","datePublished":"2025-10-23T09:35:10+00:00","dateModified":"2025-11-25T09:53:42+00:00","description":"D\u00e9cryptage de la Fashion Week Pr\u00eat-\u00e0-Porter PE26: Relaxed Luxury, New tailoring et fi\u00e8vre chromatique | fashion","breadcrumb":{"@id":"https:\/\/leherpeurparis.com\/en\/fashion\/loeil-du-runway-regard-sur-la-fashion-week-pret-a-porter-pe26\/#breadcrumb"},"inLanguage":"en-US","potentialAction":[{"@type":"ReadAction","target":["https:\/\/leherpeurparis.com\/en\/fashion\/loeil-du-runway-regard-sur-la-fashion-week-pret-a-porter-pe26\/"]}]},{"@type":"ImageObject","inLanguage":"en-US","@id":"https:\/\/leherpeurparis.com\/en\/fashion\/loeil-du-runway-regard-sur-la-fashion-week-pret-a-porter-pe26\/#primaryimage","url":"https:\/\/leherpeurparis.com\/wp-content\/uploads\/2025\/10\/SnapInsta.to_559825306_18551665945000128_6255795634020959735_n-e1761212021165.jpg","contentUrl":"https:\/\/leherpeurparis.com\/wp-content\/uploads\/2025\/10\/SnapInsta.to_559825306_18551665945000128_6255795634020959735_n-e1761212021165.jpg","width":1080,"height":828},{"@type":"BreadcrumbList","@id":"https:\/\/leherpeurparis.com\/en\/fashion\/loeil-du-runway-regard-sur-la-fashion-week-pret-a-porter-pe26\/#breadcrumb","itemListElement":[{"@type":"ListItem","position":1,"name":"Accueil","item":"https:\/\/leherpeurparis.com\/en\/"},{"@type":"ListItem","position":2,"name":"L&rsquo;\u0153il du Runway : Regard sur la Fashion Week Pr\u00eat-\u00e0-Porter PE26"}]},{"@type":"WebSite","@id":"https:\/\/leherpeurparis.com\/en\/#website","url":"https:\/\/leherpeurparis.com\/en\/","name":"LeherpeurParis","description":"Consulting office - Paris and Shanghai","publisher":{"@id":"https:\/\/leherpeurparis.com\/en\/#organization"},"potentialAction":[{"@type":"SearchAction","target":{"@type":"EntryPoint","urlTemplate":"https:\/\/leherpeurparis.com\/en\/?s={search_term_string}"},"query-input":{"@type":"PropertyValueSpecification","valueRequired":true,"valueName":"search_term_string"}}],"inLanguage":"en-US"},{"@type":"Organization","@id":"https:\/\/leherpeurparis.com\/en\/#organization","name":"Leherpeur Paris","url":"https:\/\/leherpeurparis.com\/en\/","logo":{"@type":"ImageObject","inLanguage":"en-US","@id":"https:\/\/leherpeurparis.com\/en\/#\/schema\/logo\/image\/","url":"https:\/\/leherpeurparis.com\/wp-content\/uploads\/2022\/07\/Logo-Leherpeur-Paris.jpg","contentUrl":"https:\/\/leherpeurparis.com\/wp-content\/uploads\/2022\/07\/Logo-Leherpeur-Paris.jpg","width":800,"height":300,"caption":"Leherpeur Paris"},"image":{"@id":"https:\/\/leherpeurparis.com\/en\/#\/schema\/logo\/image\/"},"sameAs":["https:\/\/www.instagram.com\/leherpeurparis\/","https:\/\/www.pinterest.fr\/mlcparis\/","https:\/\/www.linkedin.com\/company\/bureauleherpeur\/"]},{"@type":"Person","@id":"https:\/\/leherpeurparis.com\/en\/#\/schema\/person\/5836b46e700c1b6bada2f21f963569bf","name":"Morgane","image":{"@type":"ImageObject","inLanguage":"en-US","@id":"https:\/\/secure.gravatar.com\/avatar\/aaef38f8fe29ef71f7e7758786a4353dd80166c3783061e2e3029314f79a2142?s=96&d=mm&r=g","url":"https:\/\/secure.gravatar.com\/avatar\/aaef38f8fe29ef71f7e7758786a4353dd80166c3783061e2e3029314f79a2142?s=96&d=mm&r=g","contentUrl":"https:\/\/secure.gravatar.com\/avatar\/aaef38f8fe29ef71f7e7758786a4353dd80166c3783061e2e3029314f79a2142?s=96&d=mm&r=g","caption":"Morgane"},"url":"https:\/\/leherpeurparis.com\/en\/author\/webmasterwa\/"}]}},"_links":{"self":[{"href":"https:\/\/leherpeurparis.com\/en\/wp-json\/wp\/v2\/posts\/5909","targetHints":{"allow":["GET"]}}],"collection":[{"href":"https:\/\/leherpeurparis.com\/en\/wp-json\/wp\/v2\/posts"}],"about":[{"href":"https:\/\/leherpeurparis.com\/en\/wp-json\/wp\/v2\/types\/post"}],"author":[{"embeddable":true,"href":"https:\/\/leherpeurparis.com\/en\/wp-json\/wp\/v2\/users\/3"}],"replies":[{"embeddable":true,"href":"https:\/\/leherpeurparis.com\/en\/wp-json\/wp\/v2\/comments?post=5909"}],"version-history":[{"count":4,"href":"https:\/\/leherpeurparis.com\/en\/wp-json\/wp\/v2\/posts\/5909\/revisions"}],"predecessor-version":[{"id":5934,"href":"https:\/\/leherpeurparis.com\/en\/wp-json\/wp\/v2\/posts\/5909\/revisions\/5934"}],"wp:featuredmedia":[{"embeddable":true,"href":"https:\/\/leherpeurparis.com\/en\/wp-json\/wp\/v2\/media\/5928"}],"wp:attachment":[{"href":"https:\/\/leherpeurparis.com\/en\/wp-json\/wp\/v2\/media?parent=5909"}],"wp:term":[{"taxonomy":"category","embeddable":true,"href":"https:\/\/leherpeurparis.com\/en\/wp-json\/wp\/v2\/categories?post=5909"},{"taxonomy":"post_tag","embeddable":true,"href":"https:\/\/leherpeurparis.com\/en\/wp-json\/wp\/v2\/tags?post=5909"}],"curies":[{"name":"wp","href":"https:\/\/api.w.org\/{rel}","templated":true}]}}