{"id":580,"date":"2018-11-09T00:00:00","date_gmt":"2018-11-08T23:00:00","guid":{"rendered":"https:\/\/leherpeurparis.com\/2018\/11\/09\/conference-i-foodistas-les-nouveaux-trendsetters-du-food\/"},"modified":"2021-11-22T11:53:00","modified_gmt":"2021-11-22T10:53:00","slug":"conference-i-foodistas-les-nouveaux-trendsetters-du-food","status":"publish","type":"post","link":"https:\/\/leherpeurparis.com\/en\/behaviour\/conference-i-foodistas-les-nouveaux-trendsetters-du-food\/","title":{"rendered":"Conf\u00e9rence\/ Foodista, les nouveaux trendsetters du food"},"content":{"rendered":"<p><a href=\"https:\/\/leherpeurparis.com\/wp-content\/uploads\/2020\/04\/Capture-d\u2019\u00e9cran-2018-11-09-\u00e0-12.05.46-copie.jpg\"><img decoding=\"async\" src=\"http:\/\/martineleherpeur.com\/wp-content\/uploads\/2018\/11\/Capture-d%E2%80%99%C3%A9cran-2018-11-09-%C3%A0-12.05.46-copie.jpg\"><\/a><\/p>\n<p>Instagram a rendu visible une multitude de nouvelles communaut\u00e9s, \u00e9rigeant l&#8217;exp\u00e9rience photog\u00e9nique au rang de nouveau mode de vie, &#8220;le lifestyle instagrammable&#8221;. Des habitudes chahut\u00e9es qui redistribuent les cartes pour tous les secteurs du plaisir et en particulier le food.<\/p>\n<p>Leherpeur Paris vous donne rendez-vous, <strong>LE LUNDI 12 NOVEMBRE&nbsp;<\/strong>2018, DE 16H30 \u00c0 17H30, au parc des expositions, porte de Versailles, \u00e0 l&#8217;occasion du salon <strong>EquipHotel, pour&nbsp;un d\u00e9codage de 5 communaut\u00e9s alimentaires influentes :<\/strong><\/p>\n<p><em>&nbsp;<\/em><em>_Les Bio-sounours, nouveaux gourous du \u00ab&nbsp;bien manger&nbsp;\u00bb.<\/em><\/p>\n<p><em>&nbsp;<\/em><em>_Les Pop Streets, fans de culture am\u00e9ricaine et de \u2018finger food\u2019, adeptes du fun et du mouvement.<\/em><\/p>\n<p><em>&nbsp;<\/em><em>_Les Wabi-foodies, esth\u00e8tes du lifestyle pour qui tout geste exprime de la po\u00e9sie.<\/em><\/p>\n<p><em>&nbsp;<\/em><em>_Les Wonderlesques, jouisseurs, curieux, addicts aux shots de plaisirs en tous genres.<\/em><\/p>\n<p><em>&nbsp;<\/em><em>_Les Power Food, adeptes d\u2019un nouveau pragmatisme alimentaire.<\/em><\/p>\n<p>Conf\u00e9rence r\u00e9serv\u00e9e aux professionnels pour plus d\u2019informations :&nbsp;ODILE.LECOEUR@MARTINELEHERPEUR.COM<\/p>\n","protected":false},"excerpt":{"rendered":"<p>Instagram a rendu visible une multitude de nouvelles communaut\u00e9s, \u00e9rigeant l&#8217;exp\u00e9rience photog\u00e9nique au rang de nouveau mode de vie, &#8220;le lifestyle instagrammable&#8221;. Des habitudes chahut\u00e9es qui redistribuent les cartes pour [&hellip;]<\/p>\n","protected":false},"author":2,"featured_media":1586,"comment_status":"open","ping_status":"open","sticky":false,"template":"","format":"standard","meta":{"_acf_changed":false,"footnotes":""},"categories":[166,157,150,139,155],"tags":[],"class_list":["post-580","post","type-post","status-publish","format-standard","has-post-thumbnail","hentry","category-behaviour","category-etudes","category-lifestyle","category-creation-concept-lieu","category-prospective"],"acf":[],"yoast_head":"<!-- This site is optimized with the Yoast SEO plugin v27.5 - https:\/\/yoast.com\/product\/yoast-seo-wordpress\/ -->\n<title>Conf\u00e9rence\/ Foodista, les nouveaux trendsetters du food | LeherpeurParis<\/title>\n<meta name=\"robots\" content=\"index, follow, max-snippet:-1, max-image-preview:large, max-video-preview:-1\" \/>\n<link rel=\"canonical\" href=\"https:\/\/leherpeurparis.com\/en\/behaviour\/conference-i-foodistas-les-nouveaux-trendsetters-du-food\/\" \/>\n<meta property=\"og:locale\" content=\"en_US\" \/>\n<meta property=\"og:type\" content=\"article\" \/>\n<meta property=\"og:title\" content=\"Conf\u00e9rence\/ Foodista, les nouveaux trendsetters du food | LeherpeurParis\" \/>\n<meta property=\"og:description\" content=\"Instagram a rendu visible une multitude de nouvelles communaut\u00e9s, \u00e9rigeant l&#8217;exp\u00e9rience photog\u00e9nique au rang de nouveau mode de vie, &#8220;le lifestyle instagrammable&#8221;. Des habitudes chahut\u00e9es qui redistribuent les cartes pour [&hellip;]\" \/>\n<meta property=\"og:url\" content=\"https:\/\/leherpeurparis.com\/en\/behaviour\/conference-i-foodistas-les-nouveaux-trendsetters-du-food\/\" \/>\n<meta property=\"og:site_name\" content=\"LeherpeurParis\" \/>\n<meta property=\"article:published_time\" content=\"2018-11-08T23:00:00+00:00\" \/>\n<meta property=\"article:modified_time\" content=\"2021-11-22T10:53:00+00:00\" \/>\n<meta property=\"og:image\" content=\"https:\/\/leherpeurparis.com\/wp-content\/uploads\/2018\/11\/conf\u00e9rence-foodista.jpg\" \/>\n\t<meta property=\"og:image:width\" content=\"1087\" \/>\n\t<meta property=\"og:image:height\" content=\"796\" \/>\n\t<meta property=\"og:image:type\" content=\"image\/jpeg\" \/>\n<meta name=\"author\" content=\"Simon\" \/>\n<meta name=\"twitter:card\" content=\"summary_large_image\" \/>\n<meta name=\"twitter:label1\" content=\"Written by\" \/>\n\t<meta name=\"twitter:data1\" content=\"Simon\" \/>\n\t<meta name=\"twitter:label2\" content=\"Est. reading time\" \/>\n\t<meta name=\"twitter:data2\" content=\"1 minute\" \/>\n<script type=\"application\/ld+json\" class=\"yoast-schema-graph\">{\"@context\":\"https:\\\/\\\/schema.org\",\"@graph\":[{\"@type\":\"Article\",\"@id\":\"https:\\\/\\\/leherpeurparis.com\\\/en\\\/behaviour\\\/conference-i-foodistas-les-nouveaux-trendsetters-du-food\\\/#article\",\"isPartOf\":{\"@id\":\"https:\\\/\\\/leherpeurparis.com\\\/en\\\/behaviour\\\/conference-i-foodistas-les-nouveaux-trendsetters-du-food\\\/\"},\"author\":{\"name\":\"Simon\",\"@id\":\"https:\\\/\\\/leherpeurparis.com\\\/en\\\/#\\\/schema\\\/person\\\/27c01fe4e84a72cc2d259d4baa3576ae\"},\"headline\":\"Conf\u00e9rence\\\/ Foodista, les nouveaux trendsetters du food\",\"datePublished\":\"2018-11-08T23:00:00+00:00\",\"dateModified\":\"2021-11-22T10:53:00+00:00\",\"mainEntityOfPage\":{\"@id\":\"https:\\\/\\\/leherpeurparis.com\\\/en\\\/behaviour\\\/conference-i-foodistas-les-nouveaux-trendsetters-du-food\\\/\"},\"wordCount\":169,\"commentCount\":0,\"publisher\":{\"@id\":\"https:\\\/\\\/leherpeurparis.com\\\/en\\\/#organization\"},\"image\":{\"@id\":\"https:\\\/\\\/leherpeurparis.com\\\/en\\\/behaviour\\\/conference-i-foodistas-les-nouveaux-trendsetters-du-food\\\/#primaryimage\"},\"thumbnailUrl\":\"https:\\\/\\\/leherpeurparis.com\\\/wp-content\\\/uploads\\\/2018\\\/11\\\/conf\u00e9rence-foodista.jpg\",\"articleSection\":[\"behaviour\",\"etudesLeherpeurParis\",\"lifestyle\",\"nosing\",\"prospective\"],\"inLanguage\":\"en-US\",\"potentialAction\":[{\"@type\":\"CommentAction\",\"name\":\"Comment\",\"target\":[\"https:\\\/\\\/leherpeurparis.com\\\/en\\\/behaviour\\\/conference-i-foodistas-les-nouveaux-trendsetters-du-food\\\/#respond\"]}]},{\"@type\":\"WebPage\",\"@id\":\"https:\\\/\\\/leherpeurparis.com\\\/en\\\/behaviour\\\/conference-i-foodistas-les-nouveaux-trendsetters-du-food\\\/\",\"url\":\"https:\\\/\\\/leherpeurparis.com\\\/en\\\/behaviour\\\/conference-i-foodistas-les-nouveaux-trendsetters-du-food\\\/\",\"name\":\"Conf\u00e9rence\\\/ Foodista, les nouveaux trendsetters du food | LeherpeurParis\",\"isPartOf\":{\"@id\":\"https:\\\/\\\/leherpeurparis.com\\\/en\\\/#website\"},\"primaryImageOfPage\":{\"@id\":\"https:\\\/\\\/leherpeurparis.com\\\/en\\\/behaviour\\\/conference-i-foodistas-les-nouveaux-trendsetters-du-food\\\/#primaryimage\"},\"image\":{\"@id\":\"https:\\\/\\\/leherpeurparis.com\\\/en\\\/behaviour\\\/conference-i-foodistas-les-nouveaux-trendsetters-du-food\\\/#primaryimage\"},\"thumbnailUrl\":\"https:\\\/\\\/leherpeurparis.com\\\/wp-content\\\/uploads\\\/2018\\\/11\\\/conf\u00e9rence-foodista.jpg\",\"datePublished\":\"2018-11-08T23:00:00+00:00\",\"dateModified\":\"2021-11-22T10:53:00+00:00\",\"breadcrumb\":{\"@id\":\"https:\\\/\\\/leherpeurparis.com\\\/en\\\/behaviour\\\/conference-i-foodistas-les-nouveaux-trendsetters-du-food\\\/#breadcrumb\"},\"inLanguage\":\"en-US\",\"potentialAction\":[{\"@type\":\"ReadAction\",\"target\":[\"https:\\\/\\\/leherpeurparis.com\\\/en\\\/behaviour\\\/conference-i-foodistas-les-nouveaux-trendsetters-du-food\\\/\"]}]},{\"@type\":\"ImageObject\",\"inLanguage\":\"en-US\",\"@id\":\"https:\\\/\\\/leherpeurparis.com\\\/en\\\/behaviour\\\/conference-i-foodistas-les-nouveaux-trendsetters-du-food\\\/#primaryimage\",\"url\":\"https:\\\/\\\/leherpeurparis.com\\\/wp-content\\\/uploads\\\/2018\\\/11\\\/conf\u00e9rence-foodista.jpg\",\"contentUrl\":\"https:\\\/\\\/leherpeurparis.com\\\/wp-content\\\/uploads\\\/2018\\\/11\\\/conf\u00e9rence-foodista.jpg\",\"width\":1087,\"height\":796},{\"@type\":\"BreadcrumbList\",\"@id\":\"https:\\\/\\\/leherpeurparis.com\\\/en\\\/behaviour\\\/conference-i-foodistas-les-nouveaux-trendsetters-du-food\\\/#breadcrumb\",\"itemListElement\":[{\"@type\":\"ListItem\",\"position\":1,\"name\":\"Accueil\",\"item\":\"https:\\\/\\\/leherpeurparis.com\\\/en\\\/\"},{\"@type\":\"ListItem\",\"position\":2,\"name\":\"Conf\u00e9rence\\\/ Foodista, les nouveaux trendsetters du food\"}]},{\"@type\":\"WebSite\",\"@id\":\"https:\\\/\\\/leherpeurparis.com\\\/en\\\/#website\",\"url\":\"https:\\\/\\\/leherpeurparis.com\\\/en\\\/\",\"name\":\"LeherpeurParis\",\"description\":\"Consulting office - Paris and Shanghai\",\"publisher\":{\"@id\":\"https:\\\/\\\/leherpeurparis.com\\\/en\\\/#organization\"},\"potentialAction\":[{\"@type\":\"SearchAction\",\"target\":{\"@type\":\"EntryPoint\",\"urlTemplate\":\"https:\\\/\\\/leherpeurparis.com\\\/en\\\/?s={search_term_string}\"},\"query-input\":{\"@type\":\"PropertyValueSpecification\",\"valueRequired\":true,\"valueName\":\"search_term_string\"}}],\"inLanguage\":\"en-US\"},{\"@type\":\"Organization\",\"@id\":\"https:\\\/\\\/leherpeurparis.com\\\/en\\\/#organization\",\"name\":\"Leherpeur Paris\",\"url\":\"https:\\\/\\\/leherpeurparis.com\\\/en\\\/\",\"logo\":{\"@type\":\"ImageObject\",\"inLanguage\":\"en-US\",\"@id\":\"https:\\\/\\\/leherpeurparis.com\\\/en\\\/#\\\/schema\\\/logo\\\/image\\\/\",\"url\":\"https:\\\/\\\/leherpeurparis.com\\\/wp-content\\\/uploads\\\/2022\\\/07\\\/Logo-Leherpeur-Paris.jpg\",\"contentUrl\":\"https:\\\/\\\/leherpeurparis.com\\\/wp-content\\\/uploads\\\/2022\\\/07\\\/Logo-Leherpeur-Paris.jpg\",\"width\":800,\"height\":300,\"caption\":\"Leherpeur Paris\"},\"image\":{\"@id\":\"https:\\\/\\\/leherpeurparis.com\\\/en\\\/#\\\/schema\\\/logo\\\/image\\\/\"},\"sameAs\":[\"https:\\\/\\\/www.instagram.com\\\/leherpeurparis\\\/\",\"https:\\\/\\\/www.pinterest.fr\\\/mlcparis\\\/\",\"https:\\\/\\\/www.linkedin.com\\\/company\\\/bureauleherpeur\\\/\"]},{\"@type\":\"Person\",\"@id\":\"https:\\\/\\\/leherpeurparis.com\\\/en\\\/#\\\/schema\\\/person\\\/27c01fe4e84a72cc2d259d4baa3576ae\",\"name\":\"Simon\",\"image\":{\"@type\":\"ImageObject\",\"inLanguage\":\"en-US\",\"@id\":\"https:\\\/\\\/secure.gravatar.com\\\/avatar\\\/1a29c5ce3ebd4e31a16bdc89f155e5ec147c35b0effb4174a77f34f9499ec2a8?s=96&d=mm&r=g\",\"url\":\"https:\\\/\\\/secure.gravatar.com\\\/avatar\\\/1a29c5ce3ebd4e31a16bdc89f155e5ec147c35b0effb4174a77f34f9499ec2a8?s=96&d=mm&r=g\",\"contentUrl\":\"https:\\\/\\\/secure.gravatar.com\\\/avatar\\\/1a29c5ce3ebd4e31a16bdc89f155e5ec147c35b0effb4174a77f34f9499ec2a8?s=96&d=mm&r=g\",\"caption\":\"Simon\"},\"url\":\"https:\\\/\\\/leherpeurparis.com\\\/en\\\/author\\\/adminleherpeur\\\/\"}]}<\/script>\n<!-- \/ Yoast SEO plugin. -->","yoast_head_json":{"title":"Conf\u00e9rence\/ Foodista, les nouveaux trendsetters du food | LeherpeurParis","robots":{"index":"index","follow":"follow","max-snippet":"max-snippet:-1","max-image-preview":"max-image-preview:large","max-video-preview":"max-video-preview:-1"},"canonical":"https:\/\/leherpeurparis.com\/en\/behaviour\/conference-i-foodistas-les-nouveaux-trendsetters-du-food\/","og_locale":"en_US","og_type":"article","og_title":"Conf\u00e9rence\/ Foodista, les nouveaux trendsetters du food | LeherpeurParis","og_description":"Instagram a rendu visible une multitude de nouvelles communaut\u00e9s, \u00e9rigeant l&#8217;exp\u00e9rience photog\u00e9nique au rang de nouveau mode de vie, &#8220;le lifestyle instagrammable&#8221;. Des habitudes chahut\u00e9es qui redistribuent les cartes pour [&hellip;]","og_url":"https:\/\/leherpeurparis.com\/en\/behaviour\/conference-i-foodistas-les-nouveaux-trendsetters-du-food\/","og_site_name":"LeherpeurParis","article_published_time":"2018-11-08T23:00:00+00:00","article_modified_time":"2021-11-22T10:53:00+00:00","og_image":[{"width":1087,"height":796,"url":"https:\/\/leherpeurparis.com\/wp-content\/uploads\/2018\/11\/conf\u00e9rence-foodista.jpg","type":"image\/jpeg"}],"author":"Simon","twitter_card":"summary_large_image","twitter_misc":{"Written by":"Simon","Est. reading time":"1 minute"},"schema":{"@context":"https:\/\/schema.org","@graph":[{"@type":"Article","@id":"https:\/\/leherpeurparis.com\/en\/behaviour\/conference-i-foodistas-les-nouveaux-trendsetters-du-food\/#article","isPartOf":{"@id":"https:\/\/leherpeurparis.com\/en\/behaviour\/conference-i-foodistas-les-nouveaux-trendsetters-du-food\/"},"author":{"name":"Simon","@id":"https:\/\/leherpeurparis.com\/en\/#\/schema\/person\/27c01fe4e84a72cc2d259d4baa3576ae"},"headline":"Conf\u00e9rence\/ Foodista, les nouveaux trendsetters du food","datePublished":"2018-11-08T23:00:00+00:00","dateModified":"2021-11-22T10:53:00+00:00","mainEntityOfPage":{"@id":"https:\/\/leherpeurparis.com\/en\/behaviour\/conference-i-foodistas-les-nouveaux-trendsetters-du-food\/"},"wordCount":169,"commentCount":0,"publisher":{"@id":"https:\/\/leherpeurparis.com\/en\/#organization"},"image":{"@id":"https:\/\/leherpeurparis.com\/en\/behaviour\/conference-i-foodistas-les-nouveaux-trendsetters-du-food\/#primaryimage"},"thumbnailUrl":"https:\/\/leherpeurparis.com\/wp-content\/uploads\/2018\/11\/conf\u00e9rence-foodista.jpg","articleSection":["behaviour","etudesLeherpeurParis","lifestyle","nosing","prospective"],"inLanguage":"en-US","potentialAction":[{"@type":"CommentAction","name":"Comment","target":["https:\/\/leherpeurparis.com\/en\/behaviour\/conference-i-foodistas-les-nouveaux-trendsetters-du-food\/#respond"]}]},{"@type":"WebPage","@id":"https:\/\/leherpeurparis.com\/en\/behaviour\/conference-i-foodistas-les-nouveaux-trendsetters-du-food\/","url":"https:\/\/leherpeurparis.com\/en\/behaviour\/conference-i-foodistas-les-nouveaux-trendsetters-du-food\/","name":"Conf\u00e9rence\/ Foodista, les nouveaux trendsetters du food | LeherpeurParis","isPartOf":{"@id":"https:\/\/leherpeurparis.com\/en\/#website"},"primaryImageOfPage":{"@id":"https:\/\/leherpeurparis.com\/en\/behaviour\/conference-i-foodistas-les-nouveaux-trendsetters-du-food\/#primaryimage"},"image":{"@id":"https:\/\/leherpeurparis.com\/en\/behaviour\/conference-i-foodistas-les-nouveaux-trendsetters-du-food\/#primaryimage"},"thumbnailUrl":"https:\/\/leherpeurparis.com\/wp-content\/uploads\/2018\/11\/conf\u00e9rence-foodista.jpg","datePublished":"2018-11-08T23:00:00+00:00","dateModified":"2021-11-22T10:53:00+00:00","breadcrumb":{"@id":"https:\/\/leherpeurparis.com\/en\/behaviour\/conference-i-foodistas-les-nouveaux-trendsetters-du-food\/#breadcrumb"},"inLanguage":"en-US","potentialAction":[{"@type":"ReadAction","target":["https:\/\/leherpeurparis.com\/en\/behaviour\/conference-i-foodistas-les-nouveaux-trendsetters-du-food\/"]}]},{"@type":"ImageObject","inLanguage":"en-US","@id":"https:\/\/leherpeurparis.com\/en\/behaviour\/conference-i-foodistas-les-nouveaux-trendsetters-du-food\/#primaryimage","url":"https:\/\/leherpeurparis.com\/wp-content\/uploads\/2018\/11\/conf\u00e9rence-foodista.jpg","contentUrl":"https:\/\/leherpeurparis.com\/wp-content\/uploads\/2018\/11\/conf\u00e9rence-foodista.jpg","width":1087,"height":796},{"@type":"BreadcrumbList","@id":"https:\/\/leherpeurparis.com\/en\/behaviour\/conference-i-foodistas-les-nouveaux-trendsetters-du-food\/#breadcrumb","itemListElement":[{"@type":"ListItem","position":1,"name":"Accueil","item":"https:\/\/leherpeurparis.com\/en\/"},{"@type":"ListItem","position":2,"name":"Conf\u00e9rence\/ Foodista, les nouveaux trendsetters du food"}]},{"@type":"WebSite","@id":"https:\/\/leherpeurparis.com\/en\/#website","url":"https:\/\/leherpeurparis.com\/en\/","name":"LeherpeurParis","description":"Consulting office - Paris and Shanghai","publisher":{"@id":"https:\/\/leherpeurparis.com\/en\/#organization"},"potentialAction":[{"@type":"SearchAction","target":{"@type":"EntryPoint","urlTemplate":"https:\/\/leherpeurparis.com\/en\/?s={search_term_string}"},"query-input":{"@type":"PropertyValueSpecification","valueRequired":true,"valueName":"search_term_string"}}],"inLanguage":"en-US"},{"@type":"Organization","@id":"https:\/\/leherpeurparis.com\/en\/#organization","name":"Leherpeur Paris","url":"https:\/\/leherpeurparis.com\/en\/","logo":{"@type":"ImageObject","inLanguage":"en-US","@id":"https:\/\/leherpeurparis.com\/en\/#\/schema\/logo\/image\/","url":"https:\/\/leherpeurparis.com\/wp-content\/uploads\/2022\/07\/Logo-Leherpeur-Paris.jpg","contentUrl":"https:\/\/leherpeurparis.com\/wp-content\/uploads\/2022\/07\/Logo-Leherpeur-Paris.jpg","width":800,"height":300,"caption":"Leherpeur Paris"},"image":{"@id":"https:\/\/leherpeurparis.com\/en\/#\/schema\/logo\/image\/"},"sameAs":["https:\/\/www.instagram.com\/leherpeurparis\/","https:\/\/www.pinterest.fr\/mlcparis\/","https:\/\/www.linkedin.com\/company\/bureauleherpeur\/"]},{"@type":"Person","@id":"https:\/\/leherpeurparis.com\/en\/#\/schema\/person\/27c01fe4e84a72cc2d259d4baa3576ae","name":"Simon","image":{"@type":"ImageObject","inLanguage":"en-US","@id":"https:\/\/secure.gravatar.com\/avatar\/1a29c5ce3ebd4e31a16bdc89f155e5ec147c35b0effb4174a77f34f9499ec2a8?s=96&d=mm&r=g","url":"https:\/\/secure.gravatar.com\/avatar\/1a29c5ce3ebd4e31a16bdc89f155e5ec147c35b0effb4174a77f34f9499ec2a8?s=96&d=mm&r=g","contentUrl":"https:\/\/secure.gravatar.com\/avatar\/1a29c5ce3ebd4e31a16bdc89f155e5ec147c35b0effb4174a77f34f9499ec2a8?s=96&d=mm&r=g","caption":"Simon"},"url":"https:\/\/leherpeurparis.com\/en\/author\/adminleherpeur\/"}]}},"_links":{"self":[{"href":"https:\/\/leherpeurparis.com\/en\/wp-json\/wp\/v2\/posts\/580","targetHints":{"allow":["GET"]}}],"collection":[{"href":"https:\/\/leherpeurparis.com\/en\/wp-json\/wp\/v2\/posts"}],"about":[{"href":"https:\/\/leherpeurparis.com\/en\/wp-json\/wp\/v2\/types\/post"}],"author":[{"embeddable":true,"href":"https:\/\/leherpeurparis.com\/en\/wp-json\/wp\/v2\/users\/2"}],"replies":[{"embeddable":true,"href":"https:\/\/leherpeurparis.com\/en\/wp-json\/wp\/v2\/comments?post=580"}],"version-history":[{"count":5,"href":"https:\/\/leherpeurparis.com\/en\/wp-json\/wp\/v2\/posts\/580\/revisions"}],"predecessor-version":[{"id":1764,"href":"https:\/\/leherpeurparis.com\/en\/wp-json\/wp\/v2\/posts\/580\/revisions\/1764"}],"wp:featuredmedia":[{"embeddable":true,"href":"https:\/\/leherpeurparis.com\/en\/wp-json\/wp\/v2\/media\/1586"}],"wp:attachment":[{"href":"https:\/\/leherpeurparis.com\/en\/wp-json\/wp\/v2\/media?parent=580"}],"wp:term":[{"taxonomy":"category","embeddable":true,"href":"https:\/\/leherpeurparis.com\/en\/wp-json\/wp\/v2\/categories?post=580"},{"taxonomy":"post_tag","embeddable":true,"href":"https:\/\/leherpeurparis.com\/en\/wp-json\/wp\/v2\/tags?post=580"}],"curies":[{"name":"wp","href":"https:\/\/api.w.org\/{rel}","templated":true}]}}