{"id":5698,"date":"2025-09-16T10:58:00","date_gmt":"2025-09-16T08:58:00","guid":{"rendered":"https:\/\/leherpeurparis.com\/?p=5698"},"modified":"2025-10-13T16:48:52","modified_gmt":"2025-10-13T14:48:52","slug":"loeil-paris-design-week-objets-de-conversations","status":"publish","type":"post","link":"https:\/\/leherpeurparis.com\/en\/etudes\/loeil-paris-design-week-objets-de-conversations\/","title":{"rendered":"L\u2019\u0152il : \u202f\u202fParis Design Week, objets de conversations"},"content":{"rendered":"\n<figure class=\"wp-block-image size-full is-resized\"><img loading=\"lazy\" decoding=\"async\" width=\"720\" height=\"540\" src=\"https:\/\/leherpeurparis.com\/wp-content\/uploads\/2025\/09\/j_Musee-de-la-Chasse-Sophia-taillet-PDW2026-106021_15.webp\" alt=\"\" class=\"wp-image-5699\" style=\"width:840px;height:auto\" srcset=\"https:\/\/leherpeurparis.com\/wp-content\/uploads\/2025\/09\/j_Musee-de-la-Chasse-Sophia-taillet-PDW2026-106021_15.webp 720w, https:\/\/leherpeurparis.com\/wp-content\/uploads\/2025\/09\/j_Musee-de-la-Chasse-Sophia-taillet-PDW2026-106021_15-300x225.webp 300w\" sizes=\"auto, (max-width: 720px) 100vw, 720px\" \/><figcaption class=\"wp-element-caption\"><em>Mus\u00e9e de la Chasse \u00a9 <a href=\"https:\/\/www.instagram.com\/sophia__taillet?utm_source=ig_web_button_share_sheet&amp;igsh=MXNsbXg0NGtnZ2YzMw==\">Sophia Taillet<\/a><\/em><\/figcaption><\/figure>\n\n\n\n<h2 class=\"wp-block-heading\"><br>La m\u00e9moire, la nature et l\u2019imperfection pour inventer de nouveaux r\u00e9cits.<\/h2>\n\n\n\n<p class=\"has-text-align-left\" style=\"font-size:18px\"><br>La semaine derni\u00e8re s\u2019est tenue la <strong>Paris Design Week<\/strong>, moment privil\u00e9gi\u00e9 pour d\u00e9couvrir des cr\u00e9ateurs qui red\u00e9finissent le r\u00f4le du design aujourd\u2019hui. Plut\u00f4t qu\u2019une simple d\u00e9monstration de savoir-faire, leurs \u0153uvres ouvrent un dialogue entre m\u00e9moire, mati\u00e8re et usages, r\u00e9v\u00e9lant un design en qu\u00eate de profondeur.<\/p>\n\n\n\n<div class=\"wp-block-columns is-layout-flex wp-container-core-columns-is-layout-9d6595d7 wp-block-columns-is-layout-flex\">\n<div class=\"wp-block-column is-layout-flow wp-block-column-is-layout-flow\">\n<div class=\"wp-block-columns is-layout-flex wp-container-core-columns-is-layout-9d6595d7 wp-block-columns-is-layout-flex\">\n<div class=\"wp-block-column is-layout-flow wp-block-column-is-layout-flow\" style=\"flex-basis:100%\">\n<figure class=\"wp-block-image size-large\"><img loading=\"lazy\" decoding=\"async\" width=\"810\" height=\"1080\" src=\"https:\/\/leherpeurparis.com\/wp-content\/uploads\/2025\/09\/SnapInsta.to_468464459_1575595529716851_2663902112444632005_n-2-edited.jpg\" alt=\"\" class=\"wp-image-5746\" srcset=\"https:\/\/leherpeurparis.com\/wp-content\/uploads\/2025\/09\/SnapInsta.to_468464459_1575595529716851_2663902112444632005_n-2-edited.jpg 810w, https:\/\/leherpeurparis.com\/wp-content\/uploads\/2025\/09\/SnapInsta.to_468464459_1575595529716851_2663902112444632005_n-2-edited-225x300.jpg 225w, https:\/\/leherpeurparis.com\/wp-content\/uploads\/2025\/09\/SnapInsta.to_468464459_1575595529716851_2663902112444632005_n-2-edited-768x1024.jpg 768w, https:\/\/leherpeurparis.com\/wp-content\/uploads\/2025\/09\/SnapInsta.to_468464459_1575595529716851_2663902112444632005_n-2-edited-330x440.jpg 330w\" sizes=\"auto, (max-width: 810px) 100vw, 810px\" \/><figcaption class=\"wp-element-caption\"><strong>\u00a9<\/strong> <a href=\"https:\/\/www.instagram.com\/luciegholam?utm_source=ig_web_button_share_sheet&amp;igsh=Njh4dzJobDMycDJv\">@luciegholam<\/a><\/figcaption><\/figure>\n<\/div>\n<\/div>\n<\/div>\n\n\n\n<div class=\"wp-block-column is-vertically-aligned-top is-layout-flow wp-block-column-is-layout-flow\">\n<div class=\"wp-block-columns is-layout-flex wp-container-core-columns-is-layout-9d6595d7 wp-block-columns-is-layout-flex\">\n<div class=\"wp-block-column is-layout-flow wp-block-column-is-layout-flow\" style=\"flex-basis:100%\">\n<figure class=\"wp-block-image size-large\"><img loading=\"lazy\" decoding=\"async\" width=\"1012\" height=\"1349\" src=\"https:\/\/leherpeurparis.com\/wp-content\/uploads\/2025\/09\/SnapInsta.to_470920672_560908453411641_3734037119849460050_n-2-edited.jpg\" alt=\"\" class=\"wp-image-5748\" srcset=\"https:\/\/leherpeurparis.com\/wp-content\/uploads\/2025\/09\/SnapInsta.to_470920672_560908453411641_3734037119849460050_n-2-edited.jpg 1012w, https:\/\/leherpeurparis.com\/wp-content\/uploads\/2025\/09\/SnapInsta.to_470920672_560908453411641_3734037119849460050_n-2-edited-225x300.jpg 225w, https:\/\/leherpeurparis.com\/wp-content\/uploads\/2025\/09\/SnapInsta.to_470920672_560908453411641_3734037119849460050_n-2-edited-768x1024.jpg 768w, https:\/\/leherpeurparis.com\/wp-content\/uploads\/2025\/09\/SnapInsta.to_470920672_560908453411641_3734037119849460050_n-2-edited-330x440.jpg 330w\" sizes=\"auto, (max-width: 1012px) 100vw, 1012px\" \/><\/figure>\n<\/div>\n<\/div>\n<\/div>\n<\/div>\n\n\n\n<p style=\"font-size:15px\"><br><strong>Lucie Gholam <\/strong>pour sa s\u00e9rie<em> Plaster Ruins<\/em>, r\u00e9cup\u00e8re des objets domestiques anachroniques, d\u00e9truits ou abandonn\u00e9s, pour en faire des sculptures charg\u00e9es de m\u00e9moire et d\u2019histoires discordantes.&nbsp;Ses oeuvres nous confronte \u00e0 la beaut\u00e9 des vestiges en nous rappelant que chaque objet porte la trace d\u2019une \u00e9poque, d\u2019un usage, d\u2019une vie.<\/p>\n\n\n\n<div class=\"wp-block-columns is-layout-flex wp-container-core-columns-is-layout-9d6595d7 wp-block-columns-is-layout-flex\">\n<div class=\"wp-block-column is-layout-flow wp-block-column-is-layout-flow\">\n<figure class=\"wp-block-image size-large\"><img loading=\"lazy\" decoding=\"async\" width=\"1828\" height=\"2437\" src=\"https:\/\/leherpeurparis.com\/wp-content\/uploads\/2025\/09\/Laugh-scaled-2-edited.jpg\" alt=\"\" class=\"wp-image-5752\" srcset=\"https:\/\/leherpeurparis.com\/wp-content\/uploads\/2025\/09\/Laugh-scaled-2-edited.jpg 1828w, https:\/\/leherpeurparis.com\/wp-content\/uploads\/2025\/09\/Laugh-scaled-2-edited-225x300.jpg 225w, https:\/\/leherpeurparis.com\/wp-content\/uploads\/2025\/09\/Laugh-scaled-2-edited-768x1024.jpg 768w, https:\/\/leherpeurparis.com\/wp-content\/uploads\/2025\/09\/Laugh-scaled-2-edited-1152x1536.jpg 1152w, https:\/\/leherpeurparis.com\/wp-content\/uploads\/2025\/09\/Laugh-scaled-2-edited-1536x2048.jpg 1536w, https:\/\/leherpeurparis.com\/wp-content\/uploads\/2025\/09\/Laugh-scaled-2-edited-330x440.jpg 330w, https:\/\/leherpeurparis.com\/wp-content\/uploads\/2025\/09\/Laugh-scaled-2-edited-1300x1733.jpg 1300w\" sizes=\"auto, (max-width: 1828px) 100vw, 1828px\" \/><\/figure>\n<\/div>\n\n\n\n<div class=\"wp-block-column has-small-font-size is-layout-flow wp-block-column-is-layout-flow\">\n<figure class=\"wp-block-image size-large\"><img loading=\"lazy\" decoding=\"async\" width=\"1013\" height=\"1350\" src=\"https:\/\/leherpeurparis.com\/wp-content\/uploads\/2025\/09\/SnapInsta.to_450398436_18230690389287120_2007774631560445607_n-1-edited.jpg\" alt=\"\" class=\"wp-image-5754\" srcset=\"https:\/\/leherpeurparis.com\/wp-content\/uploads\/2025\/09\/SnapInsta.to_450398436_18230690389287120_2007774631560445607_n-1-edited.jpg 1013w, https:\/\/leherpeurparis.com\/wp-content\/uploads\/2025\/09\/SnapInsta.to_450398436_18230690389287120_2007774631560445607_n-1-edited-225x300.jpg 225w, https:\/\/leherpeurparis.com\/wp-content\/uploads\/2025\/09\/SnapInsta.to_450398436_18230690389287120_2007774631560445607_n-1-edited-768x1023.jpg 768w, https:\/\/leherpeurparis.com\/wp-content\/uploads\/2025\/09\/SnapInsta.to_450398436_18230690389287120_2007774631560445607_n-1-edited-330x440.jpg 330w\" sizes=\"auto, (max-width: 1013px) 100vw, 1013px\" \/><figcaption class=\"wp-element-caption\"><strong>\u00a9<\/strong> <a href=\"https:\/\/www.instagram.com\/marieta_tedenac?utm_source=ig_web_button_share_sheet&amp;igsh=MTVzbTN3ZmMzYmhqOQ==\">@marieta_tedenac<\/a><\/figcaption><\/figure>\n<\/div>\n\n\n\n<div class=\"wp-block-column is-layout-flow wp-block-column-is-layout-flow\">\n<figure class=\"wp-block-image size-large\"><img loading=\"lazy\" decoding=\"async\" width=\"1828\" height=\"2437\" src=\"https:\/\/leherpeurparis.com\/wp-content\/uploads\/2025\/09\/Bubbegum-scaled-2-edited.jpg\" alt=\"\" class=\"wp-image-5756\" srcset=\"https:\/\/leherpeurparis.com\/wp-content\/uploads\/2025\/09\/Bubbegum-scaled-2-edited.jpg 1828w, https:\/\/leherpeurparis.com\/wp-content\/uploads\/2025\/09\/Bubbegum-scaled-2-edited-225x300.jpg 225w, https:\/\/leherpeurparis.com\/wp-content\/uploads\/2025\/09\/Bubbegum-scaled-2-edited-768x1024.jpg 768w, https:\/\/leherpeurparis.com\/wp-content\/uploads\/2025\/09\/Bubbegum-scaled-2-edited-1152x1536.jpg 1152w, https:\/\/leherpeurparis.com\/wp-content\/uploads\/2025\/09\/Bubbegum-scaled-2-edited-1536x2048.jpg 1536w, https:\/\/leherpeurparis.com\/wp-content\/uploads\/2025\/09\/Bubbegum-scaled-2-edited-330x440.jpg 330w, https:\/\/leherpeurparis.com\/wp-content\/uploads\/2025\/09\/Bubbegum-scaled-2-edited-1300x1733.jpg 1300w\" sizes=\"auto, (max-width: 1828px) 100vw, 1828px\" \/><\/figure>\n<\/div>\n<\/div>\n\n\n\n<p style=\"font-size:15px\"><strong>Marieta Tedenac<\/strong> est une verri\u00e8re qui d\u00e9truit pour mieux construire. Elle cr\u00e9e des vases qui d\u00e9fient les codes de la perfection. Le reflet de la r\u00e9alit\u00e9 est \u00e9vinc\u00e9 par ses portraits fragment\u00e9s, vivants et color\u00e9s.  Elle semble d\u00e9fendre l\u2019id\u00e9e que la beaut\u00e9 r\u00e9side dans l\u2019accident, dans ce qui \u00e9chappe \u00e0 la ma\u00eetrise.<\/p>\n\n\n\n<div class=\"wp-block-columns is-layout-flex wp-container-core-columns-is-layout-9d6595d7 wp-block-columns-is-layout-flex\">\n<div class=\"wp-block-column is-layout-flow wp-block-column-is-layout-flow\">\n<figure class=\"wp-block-image size-large\"><img loading=\"lazy\" decoding=\"async\" width=\"1013\" height=\"1350\" src=\"https:\/\/leherpeurparis.com\/wp-content\/uploads\/2025\/09\/SnapInsta.to_488656858_18029784392648065_338203704478600454_n-1-edited.jpg\" alt=\"\" class=\"wp-image-5758\" srcset=\"https:\/\/leherpeurparis.com\/wp-content\/uploads\/2025\/09\/SnapInsta.to_488656858_18029784392648065_338203704478600454_n-1-edited.jpg 1013w, https:\/\/leherpeurparis.com\/wp-content\/uploads\/2025\/09\/SnapInsta.to_488656858_18029784392648065_338203704478600454_n-1-edited-225x300.jpg 225w, https:\/\/leherpeurparis.com\/wp-content\/uploads\/2025\/09\/SnapInsta.to_488656858_18029784392648065_338203704478600454_n-1-edited-768x1023.jpg 768w, https:\/\/leherpeurparis.com\/wp-content\/uploads\/2025\/09\/SnapInsta.to_488656858_18029784392648065_338203704478600454_n-1-edited-330x440.jpg 330w\" sizes=\"auto, (max-width: 1013px) 100vw, 1013px\" \/><figcaption class=\"wp-element-caption\"><strong>\u00a9<\/strong> <a href=\"https:\/\/www.instagram.com\/manzonianouck?utm_source=ig_web_button_share_sheet&amp;igsh=MTlkdG5qc2ZkYXU5OQ==\">@manzonianouck<\/a><\/figcaption><\/figure>\n<\/div>\n\n\n\n<div class=\"wp-block-column is-layout-flow wp-block-column-is-layout-flow\">\n<figure class=\"wp-block-image size-large\"><img loading=\"lazy\" decoding=\"async\" width=\"768\" height=\"1024\" src=\"https:\/\/leherpeurparis.com\/wp-content\/uploads\/2025\/09\/SnapInsta.to_548930953_18047532980648065_8228583536117744888_n-2-768x1024.jpg\" alt=\"\" class=\"wp-image-5760\" srcset=\"https:\/\/leherpeurparis.com\/wp-content\/uploads\/2025\/09\/SnapInsta.to_548930953_18047532980648065_8228583536117744888_n-2-768x1024.jpg 768w, https:\/\/leherpeurparis.com\/wp-content\/uploads\/2025\/09\/SnapInsta.to_548930953_18047532980648065_8228583536117744888_n-2-225x300.jpg 225w, https:\/\/leherpeurparis.com\/wp-content\/uploads\/2025\/09\/SnapInsta.to_548930953_18047532980648065_8228583536117744888_n-2-330x440.jpg 330w, https:\/\/leherpeurparis.com\/wp-content\/uploads\/2025\/09\/SnapInsta.to_548930953_18047532980648065_8228583536117744888_n-2.jpg 1080w\" sizes=\"auto, (max-width: 768px) 100vw, 768px\" \/><\/figure>\n<\/div>\n<\/div>\n\n\n\n<p style=\"font-size:15px\"><strong>Anouck Manzoni<\/strong> a particip\u00e9 \u00e0 l\u2019exposition <strong><em>Lux Naturae<\/em><\/strong>, de <a href=\"https:\/\/www.instagram.com\/agencepaulinecarretta\/\">Pauline Carreta<\/a> \u00e0 la gallerie \/CARRETTA, A Gallery Project. Cette exposition est une v\u00e9ritable ode \u00e0 la nature sublim\u00e9e et \u00e0 l\u2019organique. Les \u0153uvres d&#8217;Anouck en encre pigment\u00e9e, \u00e9cho du vivant et de la terre, sont profondes, oniriques et existentielles. Sa d\u00e9marche illustre un design qui n\u2019imite pas la nature, mais en prolonge la puissance po\u00e9tique.<\/p>\n\n\n\n<div class=\"wp-block-columns is-layout-flex wp-container-core-columns-is-layout-9d6595d7 wp-block-columns-is-layout-flex\">\n<div class=\"wp-block-column is-layout-flow wp-block-column-is-layout-flow\">\n<figure class=\"wp-block-image size-full\"><img loading=\"lazy\" decoding=\"async\" width=\"1080\" height=\"1440\" src=\"https:\/\/leherpeurparis.com\/wp-content\/uploads\/2025\/09\/SnapInsta.to_542416018_18069508811183557_8223261417561046578_n.jpg\" alt=\"\" class=\"wp-image-5717\" srcset=\"https:\/\/leherpeurparis.com\/wp-content\/uploads\/2025\/09\/SnapInsta.to_542416018_18069508811183557_8223261417561046578_n.jpg 1080w, https:\/\/leherpeurparis.com\/wp-content\/uploads\/2025\/09\/SnapInsta.to_542416018_18069508811183557_8223261417561046578_n-225x300.jpg 225w, https:\/\/leherpeurparis.com\/wp-content\/uploads\/2025\/09\/SnapInsta.to_542416018_18069508811183557_8223261417561046578_n-768x1024.jpg 768w, https:\/\/leherpeurparis.com\/wp-content\/uploads\/2025\/09\/SnapInsta.to_542416018_18069508811183557_8223261417561046578_n-330x440.jpg 330w\" sizes=\"auto, (max-width: 1080px) 100vw, 1080px\" \/><figcaption class=\"wp-element-caption\"><strong>\u00a9<\/strong> <a href=\"https:\/\/www.instagram.com\/patricelortz?utm_source=ig_web_button_share_sheet&amp;igsh=NjBleGY5MnQyZHky\">@patricelortz<\/a><\/figcaption><\/figure>\n<\/div>\n\n\n\n<div class=\"wp-block-column has-small-font-size is-layout-flow wp-block-column-is-layout-flow\">\n<figure class=\"wp-block-image size-full\"><img loading=\"lazy\" decoding=\"async\" width=\"1078\" height=\"1437\" src=\"https:\/\/leherpeurparis.com\/wp-content\/uploads\/2025\/09\/SnapInsta.to_542252983_18069508820183557_3944917935892725602_n-edited.jpg\" alt=\"\" class=\"wp-image-5762\" srcset=\"https:\/\/leherpeurparis.com\/wp-content\/uploads\/2025\/09\/SnapInsta.to_542252983_18069508820183557_3944917935892725602_n-edited.jpg 1078w, https:\/\/leherpeurparis.com\/wp-content\/uploads\/2025\/09\/SnapInsta.to_542252983_18069508820183557_3944917935892725602_n-edited-225x300.jpg 225w, https:\/\/leherpeurparis.com\/wp-content\/uploads\/2025\/09\/SnapInsta.to_542252983_18069508820183557_3944917935892725602_n-edited-768x1024.jpg 768w, https:\/\/leherpeurparis.com\/wp-content\/uploads\/2025\/09\/SnapInsta.to_542252983_18069508820183557_3944917935892725602_n-edited-330x440.jpg 330w\" sizes=\"auto, (max-width: 1078px) 100vw, 1078px\" \/><\/figure>\n<\/div>\n<\/div>\n\n\n\n<p style=\"font-size:15px\"><strong>Patrice Lortz<\/strong>, \u00e9tudiant en \u00e9cole de design, s\u2019est empar\u00e9 d\u2019un objet familier : la bougie. Plut\u00f4t que de l\u2019associer uniquement \u00e0 la f\u00eate ou au rituel, il en fait un objet ornemental hybride, entre artisanat et virtualit\u00e9. Ses cr\u00e9ations questionnent la valeur symbolique de la bougie et ouvrent un champ de r\u00e9flexion sur l\u2019avenir des objets quotidiens, \u00e0 la crois\u00e9e du tangible et du num\u00e9rique.<\/p>\n\n\n\n<div style=\"height:63px\" aria-hidden=\"true\" class=\"wp-block-spacer\"><\/div>\n\n\n\n<p style=\"font-size:15px\">Ces artistes partagent une m\u00eame volont\u00e9 : <strong>d\u00e9passer la fonction pour faire du design un langage sensible<\/strong>, qui r\u00e9sonne avec nos imaginaires et nos \u00e9motions. Entre destruction et renaissance, imperfection et po\u00e9sie, mati\u00e8re et exp\u00e9rimentation, ils incarnent une nouvelle g\u00e9n\u00e9ration qui compose avec tous les langages \u00e0 sa disposition et r\u00e9invente la temporalit\u00e9 des usages.<\/p>\n","protected":false},"excerpt":{"rendered":"<p>La m\u00e9moire, la nature et l\u2019imperfection pour inventer de nouveaux r\u00e9cits. La semaine derni\u00e8re s\u2019est tenue la Paris Design Week, moment privil\u00e9gi\u00e9 pour d\u00e9couvrir des cr\u00e9ateurs qui red\u00e9finissent le r\u00f4le [&hellip;]<\/p>\n","protected":false},"author":3,"featured_media":5774,"comment_status":"closed","ping_status":"closed","sticky":false,"template":"","format":"standard","meta":{"_acf_changed":false,"footnotes":""},"categories":[157,1],"tags":[215,214,213,77],"class_list":["post-5698","post","type-post","status-publish","format-standard","has-post-thumbnail","hentry","category-etudes","category-non-classifiee","tag-art","tag-design","tag-paris-design-week","tag-trends"],"acf":[],"yoast_head":"<!-- This site is optimized with the Yoast SEO plugin v27.5 - https:\/\/yoast.com\/product\/yoast-seo-wordpress\/ -->\n<title>L\u2019\u0152il : \u202f\u202fParis Design Week, objets de conversations | LeherpeurParis<\/title>\n<meta name=\"robots\" content=\"index, follow, max-snippet:-1, max-image-preview:large, max-video-preview:-1\" \/>\n<link rel=\"canonical\" href=\"https:\/\/leherpeurparis.com\/en\/etudes\/loeil-paris-design-week-objets-de-conversations\/\" \/>\n<meta property=\"og:locale\" content=\"en_US\" \/>\n<meta property=\"og:type\" content=\"article\" \/>\n<meta property=\"og:title\" content=\"L\u2019\u0152il : \u202f\u202fParis Design Week, objets de conversations | LeherpeurParis\" \/>\n<meta property=\"og:description\" content=\"La m\u00e9moire, la nature et l\u2019imperfection pour inventer de nouveaux r\u00e9cits. La semaine derni\u00e8re s\u2019est tenue la Paris Design Week, moment privil\u00e9gi\u00e9 pour d\u00e9couvrir des cr\u00e9ateurs qui red\u00e9finissent le r\u00f4le [&hellip;]\" \/>\n<meta property=\"og:url\" content=\"https:\/\/leherpeurparis.com\/en\/etudes\/loeil-paris-design-week-objets-de-conversations\/\" \/>\n<meta property=\"og:site_name\" content=\"LeherpeurParis\" \/>\n<meta property=\"article:published_time\" content=\"2025-09-16T08:58:00+00:00\" \/>\n<meta property=\"article:modified_time\" content=\"2025-10-13T14:48:52+00:00\" \/>\n<meta property=\"og:image\" content=\"https:\/\/leherpeurparis.com\/wp-content\/uploads\/2025\/09\/Frame-1830.png\" \/>\n\t<meta property=\"og:image:width\" content=\"1014\" \/>\n\t<meta property=\"og:image:height\" content=\"802\" \/>\n\t<meta property=\"og:image:type\" content=\"image\/png\" \/>\n<meta name=\"author\" content=\"Morgane\" \/>\n<meta name=\"twitter:card\" content=\"summary_large_image\" \/>\n<meta name=\"twitter:label1\" content=\"Written by\" \/>\n\t<meta name=\"twitter:data1\" content=\"Morgane\" \/>\n\t<meta name=\"twitter:label2\" content=\"Est. reading time\" \/>\n\t<meta name=\"twitter:data2\" content=\"5 minutes\" \/>\n<script type=\"application\/ld+json\" class=\"yoast-schema-graph\">{\"@context\":\"https:\\\/\\\/schema.org\",\"@graph\":[{\"@type\":\"Article\",\"@id\":\"https:\\\/\\\/leherpeurparis.com\\\/en\\\/etudes\\\/loeil-paris-design-week-objets-de-conversations\\\/#article\",\"isPartOf\":{\"@id\":\"https:\\\/\\\/leherpeurparis.com\\\/en\\\/etudes\\\/loeil-paris-design-week-objets-de-conversations\\\/\"},\"author\":{\"name\":\"Morgane\",\"@id\":\"https:\\\/\\\/leherpeurparis.com\\\/en\\\/#\\\/schema\\\/person\\\/5836b46e700c1b6bada2f21f963569bf\"},\"headline\":\"L\u2019\u0152il : \u202f\u202fParis Design Week, objets de conversations\",\"datePublished\":\"2025-09-16T08:58:00+00:00\",\"dateModified\":\"2025-10-13T14:48:52+00:00\",\"mainEntityOfPage\":{\"@id\":\"https:\\\/\\\/leherpeurparis.com\\\/en\\\/etudes\\\/loeil-paris-design-week-objets-de-conversations\\\/\"},\"wordCount\":423,\"publisher\":{\"@id\":\"https:\\\/\\\/leherpeurparis.com\\\/en\\\/#organization\"},\"image\":{\"@id\":\"https:\\\/\\\/leherpeurparis.com\\\/en\\\/etudes\\\/loeil-paris-design-week-objets-de-conversations\\\/#primaryimage\"},\"thumbnailUrl\":\"https:\\\/\\\/leherpeurparis.com\\\/wp-content\\\/uploads\\\/2025\\\/09\\\/Frame-1830.png\",\"keywords\":[\"art\",\"design\",\"Paris Design Week\",\"trends\"],\"articleSection\":[\"etudesLeherpeurParis\",\"Non classifi\u00e9(e)\"],\"inLanguage\":\"en-US\"},{\"@type\":\"WebPage\",\"@id\":\"https:\\\/\\\/leherpeurparis.com\\\/en\\\/etudes\\\/loeil-paris-design-week-objets-de-conversations\\\/\",\"url\":\"https:\\\/\\\/leherpeurparis.com\\\/en\\\/etudes\\\/loeil-paris-design-week-objets-de-conversations\\\/\",\"name\":\"L\u2019\u0152il : \u202f\u202fParis Design Week, objets de conversations | LeherpeurParis\",\"isPartOf\":{\"@id\":\"https:\\\/\\\/leherpeurparis.com\\\/en\\\/#website\"},\"primaryImageOfPage\":{\"@id\":\"https:\\\/\\\/leherpeurparis.com\\\/en\\\/etudes\\\/loeil-paris-design-week-objets-de-conversations\\\/#primaryimage\"},\"image\":{\"@id\":\"https:\\\/\\\/leherpeurparis.com\\\/en\\\/etudes\\\/loeil-paris-design-week-objets-de-conversations\\\/#primaryimage\"},\"thumbnailUrl\":\"https:\\\/\\\/leherpeurparis.com\\\/wp-content\\\/uploads\\\/2025\\\/09\\\/Frame-1830.png\",\"datePublished\":\"2025-09-16T08:58:00+00:00\",\"dateModified\":\"2025-10-13T14:48:52+00:00\",\"breadcrumb\":{\"@id\":\"https:\\\/\\\/leherpeurparis.com\\\/en\\\/etudes\\\/loeil-paris-design-week-objets-de-conversations\\\/#breadcrumb\"},\"inLanguage\":\"en-US\",\"potentialAction\":[{\"@type\":\"ReadAction\",\"target\":[\"https:\\\/\\\/leherpeurparis.com\\\/en\\\/etudes\\\/loeil-paris-design-week-objets-de-conversations\\\/\"]}]},{\"@type\":\"ImageObject\",\"inLanguage\":\"en-US\",\"@id\":\"https:\\\/\\\/leherpeurparis.com\\\/en\\\/etudes\\\/loeil-paris-design-week-objets-de-conversations\\\/#primaryimage\",\"url\":\"https:\\\/\\\/leherpeurparis.com\\\/wp-content\\\/uploads\\\/2025\\\/09\\\/Frame-1830.png\",\"contentUrl\":\"https:\\\/\\\/leherpeurparis.com\\\/wp-content\\\/uploads\\\/2025\\\/09\\\/Frame-1830.png\",\"width\":1014,\"height\":802},{\"@type\":\"BreadcrumbList\",\"@id\":\"https:\\\/\\\/leherpeurparis.com\\\/en\\\/etudes\\\/loeil-paris-design-week-objets-de-conversations\\\/#breadcrumb\",\"itemListElement\":[{\"@type\":\"ListItem\",\"position\":1,\"name\":\"Accueil\",\"item\":\"https:\\\/\\\/leherpeurparis.com\\\/en\\\/\"},{\"@type\":\"ListItem\",\"position\":2,\"name\":\"L\u2019\u0152il : \u202f\u202fParis Design Week, objets de conversations\"}]},{\"@type\":\"WebSite\",\"@id\":\"https:\\\/\\\/leherpeurparis.com\\\/en\\\/#website\",\"url\":\"https:\\\/\\\/leherpeurparis.com\\\/en\\\/\",\"name\":\"LeherpeurParis\",\"description\":\"Consulting office - Paris and Shanghai\",\"publisher\":{\"@id\":\"https:\\\/\\\/leherpeurparis.com\\\/en\\\/#organization\"},\"potentialAction\":[{\"@type\":\"SearchAction\",\"target\":{\"@type\":\"EntryPoint\",\"urlTemplate\":\"https:\\\/\\\/leherpeurparis.com\\\/en\\\/?s={search_term_string}\"},\"query-input\":{\"@type\":\"PropertyValueSpecification\",\"valueRequired\":true,\"valueName\":\"search_term_string\"}}],\"inLanguage\":\"en-US\"},{\"@type\":\"Organization\",\"@id\":\"https:\\\/\\\/leherpeurparis.com\\\/en\\\/#organization\",\"name\":\"Leherpeur Paris\",\"url\":\"https:\\\/\\\/leherpeurparis.com\\\/en\\\/\",\"logo\":{\"@type\":\"ImageObject\",\"inLanguage\":\"en-US\",\"@id\":\"https:\\\/\\\/leherpeurparis.com\\\/en\\\/#\\\/schema\\\/logo\\\/image\\\/\",\"url\":\"https:\\\/\\\/leherpeurparis.com\\\/wp-content\\\/uploads\\\/2022\\\/07\\\/Logo-Leherpeur-Paris.jpg\",\"contentUrl\":\"https:\\\/\\\/leherpeurparis.com\\\/wp-content\\\/uploads\\\/2022\\\/07\\\/Logo-Leherpeur-Paris.jpg\",\"width\":800,\"height\":300,\"caption\":\"Leherpeur Paris\"},\"image\":{\"@id\":\"https:\\\/\\\/leherpeurparis.com\\\/en\\\/#\\\/schema\\\/logo\\\/image\\\/\"},\"sameAs\":[\"https:\\\/\\\/www.instagram.com\\\/leherpeurparis\\\/\",\"https:\\\/\\\/www.pinterest.fr\\\/mlcparis\\\/\",\"https:\\\/\\\/www.linkedin.com\\\/company\\\/bureauleherpeur\\\/\"]},{\"@type\":\"Person\",\"@id\":\"https:\\\/\\\/leherpeurparis.com\\\/en\\\/#\\\/schema\\\/person\\\/5836b46e700c1b6bada2f21f963569bf\",\"name\":\"Morgane\",\"image\":{\"@type\":\"ImageObject\",\"inLanguage\":\"en-US\",\"@id\":\"https:\\\/\\\/secure.gravatar.com\\\/avatar\\\/aaef38f8fe29ef71f7e7758786a4353dd80166c3783061e2e3029314f79a2142?s=96&d=mm&r=g\",\"url\":\"https:\\\/\\\/secure.gravatar.com\\\/avatar\\\/aaef38f8fe29ef71f7e7758786a4353dd80166c3783061e2e3029314f79a2142?s=96&d=mm&r=g\",\"contentUrl\":\"https:\\\/\\\/secure.gravatar.com\\\/avatar\\\/aaef38f8fe29ef71f7e7758786a4353dd80166c3783061e2e3029314f79a2142?s=96&d=mm&r=g\",\"caption\":\"Morgane\"},\"url\":\"https:\\\/\\\/leherpeurparis.com\\\/en\\\/author\\\/webmasterwa\\\/\"}]}<\/script>\n<!-- \/ Yoast SEO plugin. -->","yoast_head_json":{"title":"L\u2019\u0152il : \u202f\u202fParis Design Week, objets de conversations | LeherpeurParis","robots":{"index":"index","follow":"follow","max-snippet":"max-snippet:-1","max-image-preview":"max-image-preview:large","max-video-preview":"max-video-preview:-1"},"canonical":"https:\/\/leherpeurparis.com\/en\/etudes\/loeil-paris-design-week-objets-de-conversations\/","og_locale":"en_US","og_type":"article","og_title":"L\u2019\u0152il : \u202f\u202fParis Design Week, objets de conversations | LeherpeurParis","og_description":"La m\u00e9moire, la nature et l\u2019imperfection pour inventer de nouveaux r\u00e9cits. La semaine derni\u00e8re s\u2019est tenue la Paris Design Week, moment privil\u00e9gi\u00e9 pour d\u00e9couvrir des cr\u00e9ateurs qui red\u00e9finissent le r\u00f4le [&hellip;]","og_url":"https:\/\/leherpeurparis.com\/en\/etudes\/loeil-paris-design-week-objets-de-conversations\/","og_site_name":"LeherpeurParis","article_published_time":"2025-09-16T08:58:00+00:00","article_modified_time":"2025-10-13T14:48:52+00:00","og_image":[{"width":1014,"height":802,"url":"https:\/\/leherpeurparis.com\/wp-content\/uploads\/2025\/09\/Frame-1830.png","type":"image\/png"}],"author":"Morgane","twitter_card":"summary_large_image","twitter_misc":{"Written by":"Morgane","Est. reading time":"5 minutes"},"schema":{"@context":"https:\/\/schema.org","@graph":[{"@type":"Article","@id":"https:\/\/leherpeurparis.com\/en\/etudes\/loeil-paris-design-week-objets-de-conversations\/#article","isPartOf":{"@id":"https:\/\/leherpeurparis.com\/en\/etudes\/loeil-paris-design-week-objets-de-conversations\/"},"author":{"name":"Morgane","@id":"https:\/\/leherpeurparis.com\/en\/#\/schema\/person\/5836b46e700c1b6bada2f21f963569bf"},"headline":"L\u2019\u0152il : \u202f\u202fParis Design Week, objets de conversations","datePublished":"2025-09-16T08:58:00+00:00","dateModified":"2025-10-13T14:48:52+00:00","mainEntityOfPage":{"@id":"https:\/\/leherpeurparis.com\/en\/etudes\/loeil-paris-design-week-objets-de-conversations\/"},"wordCount":423,"publisher":{"@id":"https:\/\/leherpeurparis.com\/en\/#organization"},"image":{"@id":"https:\/\/leherpeurparis.com\/en\/etudes\/loeil-paris-design-week-objets-de-conversations\/#primaryimage"},"thumbnailUrl":"https:\/\/leherpeurparis.com\/wp-content\/uploads\/2025\/09\/Frame-1830.png","keywords":["art","design","Paris Design Week","trends"],"articleSection":["etudesLeherpeurParis","Non classifi\u00e9(e)"],"inLanguage":"en-US"},{"@type":"WebPage","@id":"https:\/\/leherpeurparis.com\/en\/etudes\/loeil-paris-design-week-objets-de-conversations\/","url":"https:\/\/leherpeurparis.com\/en\/etudes\/loeil-paris-design-week-objets-de-conversations\/","name":"L\u2019\u0152il : \u202f\u202fParis Design Week, objets de conversations | LeherpeurParis","isPartOf":{"@id":"https:\/\/leherpeurparis.com\/en\/#website"},"primaryImageOfPage":{"@id":"https:\/\/leherpeurparis.com\/en\/etudes\/loeil-paris-design-week-objets-de-conversations\/#primaryimage"},"image":{"@id":"https:\/\/leherpeurparis.com\/en\/etudes\/loeil-paris-design-week-objets-de-conversations\/#primaryimage"},"thumbnailUrl":"https:\/\/leherpeurparis.com\/wp-content\/uploads\/2025\/09\/Frame-1830.png","datePublished":"2025-09-16T08:58:00+00:00","dateModified":"2025-10-13T14:48:52+00:00","breadcrumb":{"@id":"https:\/\/leherpeurparis.com\/en\/etudes\/loeil-paris-design-week-objets-de-conversations\/#breadcrumb"},"inLanguage":"en-US","potentialAction":[{"@type":"ReadAction","target":["https:\/\/leherpeurparis.com\/en\/etudes\/loeil-paris-design-week-objets-de-conversations\/"]}]},{"@type":"ImageObject","inLanguage":"en-US","@id":"https:\/\/leherpeurparis.com\/en\/etudes\/loeil-paris-design-week-objets-de-conversations\/#primaryimage","url":"https:\/\/leherpeurparis.com\/wp-content\/uploads\/2025\/09\/Frame-1830.png","contentUrl":"https:\/\/leherpeurparis.com\/wp-content\/uploads\/2025\/09\/Frame-1830.png","width":1014,"height":802},{"@type":"BreadcrumbList","@id":"https:\/\/leherpeurparis.com\/en\/etudes\/loeil-paris-design-week-objets-de-conversations\/#breadcrumb","itemListElement":[{"@type":"ListItem","position":1,"name":"Accueil","item":"https:\/\/leherpeurparis.com\/en\/"},{"@type":"ListItem","position":2,"name":"L\u2019\u0152il : \u202f\u202fParis Design Week, objets de conversations"}]},{"@type":"WebSite","@id":"https:\/\/leherpeurparis.com\/en\/#website","url":"https:\/\/leherpeurparis.com\/en\/","name":"LeherpeurParis","description":"Consulting office - Paris and Shanghai","publisher":{"@id":"https:\/\/leherpeurparis.com\/en\/#organization"},"potentialAction":[{"@type":"SearchAction","target":{"@type":"EntryPoint","urlTemplate":"https:\/\/leherpeurparis.com\/en\/?s={search_term_string}"},"query-input":{"@type":"PropertyValueSpecification","valueRequired":true,"valueName":"search_term_string"}}],"inLanguage":"en-US"},{"@type":"Organization","@id":"https:\/\/leherpeurparis.com\/en\/#organization","name":"Leherpeur Paris","url":"https:\/\/leherpeurparis.com\/en\/","logo":{"@type":"ImageObject","inLanguage":"en-US","@id":"https:\/\/leherpeurparis.com\/en\/#\/schema\/logo\/image\/","url":"https:\/\/leherpeurparis.com\/wp-content\/uploads\/2022\/07\/Logo-Leherpeur-Paris.jpg","contentUrl":"https:\/\/leherpeurparis.com\/wp-content\/uploads\/2022\/07\/Logo-Leherpeur-Paris.jpg","width":800,"height":300,"caption":"Leherpeur Paris"},"image":{"@id":"https:\/\/leherpeurparis.com\/en\/#\/schema\/logo\/image\/"},"sameAs":["https:\/\/www.instagram.com\/leherpeurparis\/","https:\/\/www.pinterest.fr\/mlcparis\/","https:\/\/www.linkedin.com\/company\/bureauleherpeur\/"]},{"@type":"Person","@id":"https:\/\/leherpeurparis.com\/en\/#\/schema\/person\/5836b46e700c1b6bada2f21f963569bf","name":"Morgane","image":{"@type":"ImageObject","inLanguage":"en-US","@id":"https:\/\/secure.gravatar.com\/avatar\/aaef38f8fe29ef71f7e7758786a4353dd80166c3783061e2e3029314f79a2142?s=96&d=mm&r=g","url":"https:\/\/secure.gravatar.com\/avatar\/aaef38f8fe29ef71f7e7758786a4353dd80166c3783061e2e3029314f79a2142?s=96&d=mm&r=g","contentUrl":"https:\/\/secure.gravatar.com\/avatar\/aaef38f8fe29ef71f7e7758786a4353dd80166c3783061e2e3029314f79a2142?s=96&d=mm&r=g","caption":"Morgane"},"url":"https:\/\/leherpeurparis.com\/en\/author\/webmasterwa\/"}]}},"_links":{"self":[{"href":"https:\/\/leherpeurparis.com\/en\/wp-json\/wp\/v2\/posts\/5698","targetHints":{"allow":["GET"]}}],"collection":[{"href":"https:\/\/leherpeurparis.com\/en\/wp-json\/wp\/v2\/posts"}],"about":[{"href":"https:\/\/leherpeurparis.com\/en\/wp-json\/wp\/v2\/types\/post"}],"author":[{"embeddable":true,"href":"https:\/\/leherpeurparis.com\/en\/wp-json\/wp\/v2\/users\/3"}],"replies":[{"embeddable":true,"href":"https:\/\/leherpeurparis.com\/en\/wp-json\/wp\/v2\/comments?post=5698"}],"version-history":[{"count":14,"href":"https:\/\/leherpeurparis.com\/en\/wp-json\/wp\/v2\/posts\/5698\/revisions"}],"predecessor-version":[{"id":5776,"href":"https:\/\/leherpeurparis.com\/en\/wp-json\/wp\/v2\/posts\/5698\/revisions\/5776"}],"wp:featuredmedia":[{"embeddable":true,"href":"https:\/\/leherpeurparis.com\/en\/wp-json\/wp\/v2\/media\/5774"}],"wp:attachment":[{"href":"https:\/\/leherpeurparis.com\/en\/wp-json\/wp\/v2\/media?parent=5698"}],"wp:term":[{"taxonomy":"category","embeddable":true,"href":"https:\/\/leherpeurparis.com\/en\/wp-json\/wp\/v2\/categories?post=5698"},{"taxonomy":"post_tag","embeddable":true,"href":"https:\/\/leherpeurparis.com\/en\/wp-json\/wp\/v2\/tags?post=5698"}],"curies":[{"name":"wp","href":"https:\/\/api.w.org\/{rel}","templated":true}]}}