{"id":5555,"date":"2025-08-20T15:41:13","date_gmt":"2025-08-20T13:41:13","guid":{"rendered":"https:\/\/leherpeurparis.com\/?p=5555"},"modified":"2025-10-01T14:41:06","modified_gmt":"2025-10-01T12:41:06","slug":"retail-culture-du-lieu-de-vente-a-lespace-culturel-de-marque","status":"publish","type":"post","link":"https:\/\/leherpeurparis.com\/en\/non-classifiee\/retail-culture-du-lieu-de-vente-a-lespace-culturel-de-marque\/","title":{"rendered":"Retail culture : du lieu de vente \u00e0 l&#8217;espace culturel de marque"},"content":{"rendered":"<div class=\"wp-block-image\">\n<figure class=\"alignleft size-full is-resized\"><img loading=\"lazy\" decoding=\"async\" width=\"733\" height=\"916\" src=\"https:\/\/leherpeurparis.com\/wp-content\/uploads\/2025\/08\/PHOTO-2025-06-27-09-57-37-1.png\" alt=\"\" class=\"wp-image-5560\" style=\"width:546px;height:auto\" srcset=\"https:\/\/leherpeurparis.com\/wp-content\/uploads\/2025\/08\/PHOTO-2025-06-27-09-57-37-1.png 733w, https:\/\/leherpeurparis.com\/wp-content\/uploads\/2025\/08\/PHOTO-2025-06-27-09-57-37-1-240x300.png 240w\" sizes=\"auto, (max-width: 733px) 100vw, 733px\" \/><figcaption class=\"wp-element-caption\"><strong>\u00a9<\/strong> <a href=\"https:\/\/www.instagram.com\/aesop?utm_source=ig_web_button_share_sheet&amp;igsh=ZDNlZDc0MzIxNw==\"><strong>Aesop<\/strong><\/a> &#8211; <em><a href=\"https:\/\/www.milkdecoration.com\/barcelone-la-surprenante-boutique-minerale-aesop-par-mesura-studio\/\"><strong>Barcelone concept&nbsp;<\/strong><\/a><\/em><\/figcaption><\/figure><\/div>\n\n\n<div style=\"height:20px\" aria-hidden=\"true\" class=\"wp-block-spacer\"><\/div>\n\n\n\n<h2 class=\"wp-block-heading\"><strong><em>Comment faire \u00e9voluer le retail et les espaces physiques de vente des marques pour en faire des vecteurs de culture et de valeur ?<\/em><\/strong><\/h2>\n\n\n\n<p class=\"has-text-align-left\" style=\"font-size:18px\"><em><strong>85%&nbsp;<\/strong>des achats de luxe se font encore en boutique, mais&nbsp;<strong>90%&nbsp;<\/strong>des clients effectuent leur recherche en ligne avant l\u2019achat.&nbsp;(LVMH 2024)<\/em><\/p>\n\n\n\n<p class=\"has-text-align-left\" style=\"font-size:18px\">Surinform\u00e9s et experts, <strong>les clients ne vont plus en boutique en qu\u00eate d\u2019informations<\/strong> mais \u00e0 la recherche d\u2019une v\u00e9ritable relation avec la marque, une exp\u00e9rience, une conversation.&nbsp;<strong>De la boutique de quartier \u00e0 l\u2019espace immersif, du showroom au lieu de vie, de la vente au r\u00e9cit, de l\u2019objet au rituel, les boutiques se repensent comme des lieux \u00e0 vivre, \u00e0 ressentir, \u00e0 partager. <\/strong>Des espaces curat\u00e9s, con\u00e7us \u00e0 la fois comme des lieux du quotidien, ancr\u00e9s dans une culture locale que comme des espaces spectaculaires invitant <strong>\u00e0 l\u2019\u00e9l\u00e9vation po\u00e9tique et culturelle.&nbsp;<\/strong><\/p>\n\n\n\n<div style=\"height:52px\" aria-hidden=\"true\" class=\"wp-block-spacer\"><\/div>\n\n\n\n<div class=\"wp-block-columns is-layout-flex wp-container-core-columns-is-layout-9d6595d7 wp-block-columns-is-layout-flex\">\n<div class=\"wp-block-column is-layout-flow wp-block-column-is-layout-flow\">\n<div class=\"wp-block-columns is-layout-flex wp-container-core-columns-is-layout-9d6595d7 wp-block-columns-is-layout-flex\">\n<div class=\"wp-block-column is-layout-flow wp-block-column-is-layout-flow\">\n<div style=\"height:20px\" aria-hidden=\"true\" class=\"wp-block-spacer\"><\/div>\n\n\n\n<h2 class=\"wp-block-heading has-text-align-left\"><strong>Le &#8216;Store as home&#8217; : la singularit\u00e9 extra-locale<\/strong><\/h2>\n\n\n\n<p class=\"has-text-align-left\">Des exp\u00e9riences de quartier<strong>, des boutiques pens\u00e9es comme des maisons.<\/strong> Des espaces intimes comme chez Lemaire, des incarnations territoriales qui invitent \u00e0 la surprise, la lenteur, la fl\u00e2nerie. <strong>La d\u00e9couverte au profit de la viralit\u00e9.<\/strong><\/p>\n\n\n\n<p><em><strong><a href=\"https:\/\/www.instagram.com\/lemaire?utm_source=ig_web_button_share_sheet&amp;igsh=ZDNlZDc0MzIxNw==\">Lemaire<\/a> &#8211; <a href=\"https:\/\/www.lemaire.fr\/pages\/lemaire-ebisu-house\">Ebisu<\/a><\/strong><\/em><\/p>\n<\/div>\n\n\n\n<div class=\"wp-block-column is-layout-flow wp-block-column-is-layout-flow\">\n<figure class=\"wp-block-image size-large\"><img loading=\"lazy\" decoding=\"async\" width=\"819\" height=\"1024\" src=\"https:\/\/leherpeurparis.com\/wp-content\/uploads\/2025\/08\/Frame-1693-819x1024.png\" alt=\"\" class=\"wp-image-5568\" srcset=\"https:\/\/leherpeurparis.com\/wp-content\/uploads\/2025\/08\/Frame-1693-819x1024.png 819w, https:\/\/leherpeurparis.com\/wp-content\/uploads\/2025\/08\/Frame-1693-240x300.png 240w, https:\/\/leherpeurparis.com\/wp-content\/uploads\/2025\/08\/Frame-1693-768x960.png 768w, https:\/\/leherpeurparis.com\/wp-content\/uploads\/2025\/08\/Frame-1693.png 1080w\" sizes=\"auto, (max-width: 819px) 100vw, 819px\" \/><\/figure>\n<\/div>\n<\/div>\n<\/div>\n<\/div>\n\n\n\n<div class=\"wp-block-columns is-layout-flex wp-container-core-columns-is-layout-9d6595d7 wp-block-columns-is-layout-flex\">\n<div class=\"wp-block-column is-layout-flow wp-block-column-is-layout-flow\">\n<figure class=\"wp-block-image size-large\"><img loading=\"lazy\" decoding=\"async\" width=\"819\" height=\"1024\" src=\"https:\/\/leherpeurparis.com\/wp-content\/uploads\/2025\/08\/Frame-1431-819x1024.png\" alt=\"\" class=\"wp-image-5571\" srcset=\"https:\/\/leherpeurparis.com\/wp-content\/uploads\/2025\/08\/Frame-1431-819x1024.png 819w, https:\/\/leherpeurparis.com\/wp-content\/uploads\/2025\/08\/Frame-1431-240x300.png 240w, https:\/\/leherpeurparis.com\/wp-content\/uploads\/2025\/08\/Frame-1431-768x960.png 768w, https:\/\/leherpeurparis.com\/wp-content\/uploads\/2025\/08\/Frame-1431.png 1080w\" sizes=\"auto, (max-width: 819px) 100vw, 819px\" \/><\/figure>\n<\/div>\n\n\n\n<div class=\"wp-block-column is-layout-flow wp-block-column-is-layout-flow\">\n<div style=\"height:20px\" aria-hidden=\"true\" class=\"wp-block-spacer\"><\/div>\n\n\n\n<h2 class=\"wp-block-heading\"><strong>La boutique comme lieu social<\/strong><\/h2>\n\n\n\n<p><strong>Co-pens\u00e9e avec la communaut\u00e9 <\/strong>pour attirer des publics en qu\u00eate de connexions, la boutique, comme chez Supreme, devient<strong> une exp\u00e9rience<br>de liens<\/strong> avant d&#8217;\u00eatre un canal de vente.<\/p>\n\n\n\n<p><em><strong><a href=\"https:\/\/www.instagram.com\/supremenewyork\/?utm_source=ig_web_button_share_sheet\">Supreme<\/a> &#8211; <a href=\"https:\/\/supreme.com\/news\/916\/images\">West Hollywood<\/a><\/strong><\/em><\/p>\n<\/div>\n<\/div>\n\n\n\n<div class=\"wp-block-columns is-layout-flex wp-container-core-columns-is-layout-9d6595d7 wp-block-columns-is-layout-flex\">\n<div class=\"wp-block-column is-layout-flow wp-block-column-is-layout-flow\">\n<div style=\"height:20px\" aria-hidden=\"true\" class=\"wp-block-spacer\"><\/div>\n\n\n\n<h2 class=\"wp-block-heading\"><strong>De la vente au rendez-vous<br>sur-mesure<\/strong><\/h2>\n\n\n\n<p><strong>Boutique secr\u00e8te,<\/strong> ouverte sur rendez-vous, chez Cristeseyas le commerce devient un geste de soin. Parcours singulier, espaces polysensoriels, petites attentions et conseillers d&#8217;un genre nouveau, pour <strong>des exp\u00e9riences d&#8217;achats holistiques.<\/strong><\/p>\n\n\n\n<p><em><strong><a href=\"https:\/\/www.instagram.com\/cristaseya?utm_source=ig_web_button_share_sheet&amp;igsh=ZDNlZDc0MzIxNw==\">Cristaseyas<\/a> &#8211; <a href=\"https:\/\/cristaseya.co\/index.php?fc=module&amp;module=dw_editions&amp;controller=appointmentRequest\">Paris<\/a><\/strong><\/em><\/p>\n<\/div>\n\n\n\n<div class=\"wp-block-column is-layout-flow wp-block-column-is-layout-flow\">\n<figure class=\"wp-block-image size-large\"><img loading=\"lazy\" decoding=\"async\" width=\"819\" height=\"1024\" src=\"https:\/\/leherpeurparis.com\/wp-content\/uploads\/2025\/08\/Frame-1464-819x1024.png\" alt=\"\" class=\"wp-image-5578\" srcset=\"https:\/\/leherpeurparis.com\/wp-content\/uploads\/2025\/08\/Frame-1464-819x1024.png 819w, https:\/\/leherpeurparis.com\/wp-content\/uploads\/2025\/08\/Frame-1464-240x300.png 240w, https:\/\/leherpeurparis.com\/wp-content\/uploads\/2025\/08\/Frame-1464-768x960.png 768w, https:\/\/leherpeurparis.com\/wp-content\/uploads\/2025\/08\/Frame-1464.png 1080w\" sizes=\"auto, (max-width: 819px) 100vw, 819px\" \/><\/figure>\n<\/div>\n<\/div>\n\n\n\n<div class=\"wp-block-columns is-layout-flex wp-container-core-columns-is-layout-9d6595d7 wp-block-columns-is-layout-flex\">\n<div class=\"wp-block-column is-layout-flow wp-block-column-is-layout-flow\">\n<figure class=\"wp-block-image size-large\"><img loading=\"lazy\" decoding=\"async\" width=\"819\" height=\"1024\" src=\"https:\/\/leherpeurparis.com\/wp-content\/uploads\/2025\/08\/Frame-1423-819x1024.png\" alt=\"\" class=\"wp-image-5580\" srcset=\"https:\/\/leherpeurparis.com\/wp-content\/uploads\/2025\/08\/Frame-1423-819x1024.png 819w, https:\/\/leherpeurparis.com\/wp-content\/uploads\/2025\/08\/Frame-1423-240x300.png 240w, https:\/\/leherpeurparis.com\/wp-content\/uploads\/2025\/08\/Frame-1423-768x960.png 768w, https:\/\/leherpeurparis.com\/wp-content\/uploads\/2025\/08\/Frame-1423.png 1080w\" sizes=\"auto, (max-width: 819px) 100vw, 819px\" \/><\/figure>\n<\/div>\n\n\n\n<div class=\"wp-block-column is-layout-flow wp-block-column-is-layout-flow\">\n<div style=\"height:20px\" aria-hidden=\"true\" class=\"wp-block-spacer\"><\/div>\n\n\n\n<h2 class=\"wp-block-heading\">Les espaces contemplatifs<\/h2>\n\n\n\n<p>La boutique devient <strong>un \u00ab cercle de po\u00e9sie retrouv\u00e9e \u00bb,<\/strong> un lieu de lenteur qui stimule l&#8217;imaginaire pour porter <strong>des r\u00e9cits de marque<\/strong><br>comme des r\u00e9cits universels. <\/p>\n\n\n\n<p><\/p>\n\n\n\n<p><em><strong><a href=\"https:\/\/www.instagram.com\/maisonvalentino?utm_source=ig_web_button_share_sheet&amp;igsh=ZDNlZDc0MzIxNw==\">Valentino<\/a> &#8211; <a href=\"https:\/\/fr.fashionnetwork.com\/news\/Valentino-propose-une-inedite-experience-sonore-dans-sa-boutique-de-madison-avenue,1729058.html\">New York<\/a><\/strong><\/em><\/p>\n<\/div>\n<\/div>\n\n\n\n<div style=\"height:37px\" aria-hidden=\"true\" class=\"wp-block-spacer\"><\/div>\n\n\n\n<h2 class=\"wp-block-heading\"><strong><strong>Envie de poursuivre la r\u00e9flexion ?<\/strong><\/strong><\/h2>\n\n\n\n<p><strong><em>Venez en savoir plus <strong>sur nos savoir-faire prospectifs<\/strong><\/em><\/strong>.<\/p>\n\n\n\n<div style=\"height:40px\" aria-hidden=\"true\" class=\"wp-block-spacer\"><\/div>\n\n\n\n<div class=\"wp-block-buttons is-layout-flex wp-block-buttons-is-layout-flex\">\n<div class=\"wp-block-button is-style-fill\"><a class=\"wp-block-button__link wp-element-button\" href=\"mailto:contact@leherpeurparis.com?subject=Demande%20de%20r%C3%A9servation%20pour%20une%20consultation%20%27%C3%A9ditorialisation%20e-commerce%27%20sur-mesure&amp;body=Bonjour,%0A%0AJe%20souhaite%20r%C3%A9server%20une%20consultation%20sur%20mesure.%20Voici%20mes%20informations%20:%0A%0ANom%20:%20%5BVotre%20nom%5D%0APr%C3%A9nom%20:%20%5BVotre%20pr%C3%A9nom%5D%0AT%C3%A9l%C3%A9phone%20:%20%5BVotre%20num%C3%A9ro%5D%0ADisponibilit%C3%A9s%20:%20%5BIndiquez%20vos%20cr%C3%A9neaux%20disponibles%5D%0AObjet%20de%20la%20consultation%20:%20%5BD%C3%A9crivez%20bri%C3%A8vement%20votre%20besoin%5D%0A%0AMerci%20d%E2%80%99avance%20pour%20votre%20retour.%0A%0ABien%20cordialement,%0A%5BVotre%20nom%5D\">CONTACTER LEHERPEURPARIS<\/a><\/div>\n<\/div>\n\n\n\n<div style=\"height:62px\" aria-hidden=\"true\" class=\"wp-block-spacer\"><\/div>\n\n\n<div class=\"wp-block-image\">\n<figure class=\"aligncenter size-large is-resized\"><img loading=\"lazy\" decoding=\"async\" width=\"1024\" height=\"81\" src=\"https:\/\/leherpeurparis.com\/wp-content\/uploads\/2025\/06\/Group-267-1024x81.png\" alt=\"\" class=\"wp-image-5429\" style=\"width:430px;height:auto\" srcset=\"https:\/\/leherpeurparis.com\/wp-content\/uploads\/2025\/06\/Group-267-1024x81.png 1024w, https:\/\/leherpeurparis.com\/wp-content\/uploads\/2025\/06\/Group-267-300x24.png 300w, https:\/\/leherpeurparis.com\/wp-content\/uploads\/2025\/06\/Group-267-768x61.png 768w, https:\/\/leherpeurparis.com\/wp-content\/uploads\/2025\/06\/Group-267-1536x121.png 1536w, https:\/\/leherpeurparis.com\/wp-content\/uploads\/2025\/06\/Group-267-2048x162.png 2048w, https:\/\/leherpeurparis.com\/wp-content\/uploads\/2025\/06\/Group-267-1300x103.png 1300w\" sizes=\"auto, (max-width: 1024px) 100vw, 1024px\" \/><\/figure><\/div>","protected":false},"excerpt":{"rendered":"<p>Comment faire \u00e9voluer le retail et les espaces physiques de vente des marques pour en faire des vecteurs de culture et de valeur ? 85%&nbsp;des achats de luxe se font [&hellip;]<\/p>\n","protected":false},"author":3,"featured_media":5585,"comment_status":"closed","ping_status":"closed","sticky":false,"template":"","format":"standard","meta":{"_acf_changed":false,"footnotes":""},"categories":[1],"tags":[],"class_list":["post-5555","post","type-post","status-publish","format-standard","has-post-thumbnail","hentry","category-non-classifiee"],"acf":[],"yoast_head":"<!-- This site is optimized with the Yoast SEO plugin v27.5 - https:\/\/yoast.com\/product\/yoast-seo-wordpress\/ -->\n<title>Retail culture : du lieu de vente \u00e0 l&#039;espace culturel de marque | LeherpeurParis<\/title>\n<meta name=\"robots\" content=\"index, follow, max-snippet:-1, max-image-preview:large, max-video-preview:-1\" \/>\n<link rel=\"canonical\" href=\"https:\/\/leherpeurparis.com\/en\/non-classifiee\/retail-culture-du-lieu-de-vente-a-lespace-culturel-de-marque\/\" \/>\n<meta property=\"og:locale\" content=\"en_US\" \/>\n<meta property=\"og:type\" content=\"article\" \/>\n<meta property=\"og:title\" content=\"Retail culture : du lieu de vente \u00e0 l&#039;espace culturel de marque | LeherpeurParis\" \/>\n<meta property=\"og:description\" content=\"Comment faire \u00e9voluer le retail et les espaces physiques de vente des marques pour en faire des vecteurs de culture et de valeur ? 85%&nbsp;des achats de luxe se font [&hellip;]\" \/>\n<meta property=\"og:url\" content=\"https:\/\/leherpeurparis.com\/en\/non-classifiee\/retail-culture-du-lieu-de-vente-a-lespace-culturel-de-marque\/\" \/>\n<meta property=\"og:site_name\" content=\"LeherpeurParis\" \/>\n<meta property=\"article:published_time\" content=\"2025-08-20T13:41:13+00:00\" \/>\n<meta property=\"article:modified_time\" content=\"2025-10-01T12:41:06+00:00\" \/>\n<meta property=\"og:image\" content=\"https:\/\/leherpeurparis.com\/wp-content\/uploads\/2025\/08\/image-623.png\" \/>\n\t<meta property=\"og:image:width\" content=\"1139\" \/>\n\t<meta property=\"og:image:height\" content=\"1026\" \/>\n\t<meta property=\"og:image:type\" content=\"image\/png\" \/>\n<meta name=\"author\" content=\"Morgane\" \/>\n<meta name=\"twitter:card\" content=\"summary_large_image\" \/>\n<meta name=\"twitter:label1\" content=\"Written by\" \/>\n\t<meta name=\"twitter:data1\" content=\"Morgane\" \/>\n\t<meta name=\"twitter:label2\" content=\"Est. reading time\" \/>\n\t<meta name=\"twitter:data2\" content=\"3 minutes\" \/>\n<script type=\"application\/ld+json\" class=\"yoast-schema-graph\">{\"@context\":\"https:\\\/\\\/schema.org\",\"@graph\":[{\"@type\":\"Article\",\"@id\":\"https:\\\/\\\/leherpeurparis.com\\\/en\\\/non-classifiee\\\/retail-culture-du-lieu-de-vente-a-lespace-culturel-de-marque\\\/#article\",\"isPartOf\":{\"@id\":\"https:\\\/\\\/leherpeurparis.com\\\/en\\\/non-classifiee\\\/retail-culture-du-lieu-de-vente-a-lespace-culturel-de-marque\\\/\"},\"author\":{\"name\":\"Morgane\",\"@id\":\"https:\\\/\\\/leherpeurparis.com\\\/en\\\/#\\\/schema\\\/person\\\/5836b46e700c1b6bada2f21f963569bf\"},\"headline\":\"Retail culture : du lieu de vente \u00e0 l&#8217;espace culturel de marque\",\"datePublished\":\"2025-08-20T13:41:13+00:00\",\"dateModified\":\"2025-10-01T12:41:06+00:00\",\"mainEntityOfPage\":{\"@id\":\"https:\\\/\\\/leherpeurparis.com\\\/en\\\/non-classifiee\\\/retail-culture-du-lieu-de-vente-a-lespace-culturel-de-marque\\\/\"},\"wordCount\":344,\"publisher\":{\"@id\":\"https:\\\/\\\/leherpeurparis.com\\\/en\\\/#organization\"},\"image\":{\"@id\":\"https:\\\/\\\/leherpeurparis.com\\\/en\\\/non-classifiee\\\/retail-culture-du-lieu-de-vente-a-lespace-culturel-de-marque\\\/#primaryimage\"},\"thumbnailUrl\":\"https:\\\/\\\/leherpeurparis.com\\\/wp-content\\\/uploads\\\/2025\\\/08\\\/image-623.png\",\"articleSection\":[\"Non classifi\u00e9(e)\"],\"inLanguage\":\"en-US\"},{\"@type\":\"WebPage\",\"@id\":\"https:\\\/\\\/leherpeurparis.com\\\/en\\\/non-classifiee\\\/retail-culture-du-lieu-de-vente-a-lespace-culturel-de-marque\\\/\",\"url\":\"https:\\\/\\\/leherpeurparis.com\\\/en\\\/non-classifiee\\\/retail-culture-du-lieu-de-vente-a-lespace-culturel-de-marque\\\/\",\"name\":\"Retail culture : du lieu de vente \u00e0 l'espace culturel de marque | LeherpeurParis\",\"isPartOf\":{\"@id\":\"https:\\\/\\\/leherpeurparis.com\\\/en\\\/#website\"},\"primaryImageOfPage\":{\"@id\":\"https:\\\/\\\/leherpeurparis.com\\\/en\\\/non-classifiee\\\/retail-culture-du-lieu-de-vente-a-lespace-culturel-de-marque\\\/#primaryimage\"},\"image\":{\"@id\":\"https:\\\/\\\/leherpeurparis.com\\\/en\\\/non-classifiee\\\/retail-culture-du-lieu-de-vente-a-lespace-culturel-de-marque\\\/#primaryimage\"},\"thumbnailUrl\":\"https:\\\/\\\/leherpeurparis.com\\\/wp-content\\\/uploads\\\/2025\\\/08\\\/image-623.png\",\"datePublished\":\"2025-08-20T13:41:13+00:00\",\"dateModified\":\"2025-10-01T12:41:06+00:00\",\"breadcrumb\":{\"@id\":\"https:\\\/\\\/leherpeurparis.com\\\/en\\\/non-classifiee\\\/retail-culture-du-lieu-de-vente-a-lespace-culturel-de-marque\\\/#breadcrumb\"},\"inLanguage\":\"en-US\",\"potentialAction\":[{\"@type\":\"ReadAction\",\"target\":[\"https:\\\/\\\/leherpeurparis.com\\\/en\\\/non-classifiee\\\/retail-culture-du-lieu-de-vente-a-lespace-culturel-de-marque\\\/\"]}]},{\"@type\":\"ImageObject\",\"inLanguage\":\"en-US\",\"@id\":\"https:\\\/\\\/leherpeurparis.com\\\/en\\\/non-classifiee\\\/retail-culture-du-lieu-de-vente-a-lespace-culturel-de-marque\\\/#primaryimage\",\"url\":\"https:\\\/\\\/leherpeurparis.com\\\/wp-content\\\/uploads\\\/2025\\\/08\\\/image-623.png\",\"contentUrl\":\"https:\\\/\\\/leherpeurparis.com\\\/wp-content\\\/uploads\\\/2025\\\/08\\\/image-623.png\",\"width\":1139,\"height\":1026},{\"@type\":\"BreadcrumbList\",\"@id\":\"https:\\\/\\\/leherpeurparis.com\\\/en\\\/non-classifiee\\\/retail-culture-du-lieu-de-vente-a-lespace-culturel-de-marque\\\/#breadcrumb\",\"itemListElement\":[{\"@type\":\"ListItem\",\"position\":1,\"name\":\"Accueil\",\"item\":\"https:\\\/\\\/leherpeurparis.com\\\/en\\\/\"},{\"@type\":\"ListItem\",\"position\":2,\"name\":\"Retail culture : du lieu de vente \u00e0 l&rsquo;espace culturel de marque\"}]},{\"@type\":\"WebSite\",\"@id\":\"https:\\\/\\\/leherpeurparis.com\\\/en\\\/#website\",\"url\":\"https:\\\/\\\/leherpeurparis.com\\\/en\\\/\",\"name\":\"LeherpeurParis\",\"description\":\"Consulting office - Paris and Shanghai\",\"publisher\":{\"@id\":\"https:\\\/\\\/leherpeurparis.com\\\/en\\\/#organization\"},\"potentialAction\":[{\"@type\":\"SearchAction\",\"target\":{\"@type\":\"EntryPoint\",\"urlTemplate\":\"https:\\\/\\\/leherpeurparis.com\\\/en\\\/?s={search_term_string}\"},\"query-input\":{\"@type\":\"PropertyValueSpecification\",\"valueRequired\":true,\"valueName\":\"search_term_string\"}}],\"inLanguage\":\"en-US\"},{\"@type\":\"Organization\",\"@id\":\"https:\\\/\\\/leherpeurparis.com\\\/en\\\/#organization\",\"name\":\"Leherpeur Paris\",\"url\":\"https:\\\/\\\/leherpeurparis.com\\\/en\\\/\",\"logo\":{\"@type\":\"ImageObject\",\"inLanguage\":\"en-US\",\"@id\":\"https:\\\/\\\/leherpeurparis.com\\\/en\\\/#\\\/schema\\\/logo\\\/image\\\/\",\"url\":\"https:\\\/\\\/leherpeurparis.com\\\/wp-content\\\/uploads\\\/2022\\\/07\\\/Logo-Leherpeur-Paris.jpg\",\"contentUrl\":\"https:\\\/\\\/leherpeurparis.com\\\/wp-content\\\/uploads\\\/2022\\\/07\\\/Logo-Leherpeur-Paris.jpg\",\"width\":800,\"height\":300,\"caption\":\"Leherpeur Paris\"},\"image\":{\"@id\":\"https:\\\/\\\/leherpeurparis.com\\\/en\\\/#\\\/schema\\\/logo\\\/image\\\/\"},\"sameAs\":[\"https:\\\/\\\/www.instagram.com\\\/leherpeurparis\\\/\",\"https:\\\/\\\/www.pinterest.fr\\\/mlcparis\\\/\",\"https:\\\/\\\/www.linkedin.com\\\/company\\\/bureauleherpeur\\\/\"]},{\"@type\":\"Person\",\"@id\":\"https:\\\/\\\/leherpeurparis.com\\\/en\\\/#\\\/schema\\\/person\\\/5836b46e700c1b6bada2f21f963569bf\",\"name\":\"Morgane\",\"image\":{\"@type\":\"ImageObject\",\"inLanguage\":\"en-US\",\"@id\":\"https:\\\/\\\/secure.gravatar.com\\\/avatar\\\/aaef38f8fe29ef71f7e7758786a4353dd80166c3783061e2e3029314f79a2142?s=96&d=mm&r=g\",\"url\":\"https:\\\/\\\/secure.gravatar.com\\\/avatar\\\/aaef38f8fe29ef71f7e7758786a4353dd80166c3783061e2e3029314f79a2142?s=96&d=mm&r=g\",\"contentUrl\":\"https:\\\/\\\/secure.gravatar.com\\\/avatar\\\/aaef38f8fe29ef71f7e7758786a4353dd80166c3783061e2e3029314f79a2142?s=96&d=mm&r=g\",\"caption\":\"Morgane\"},\"url\":\"https:\\\/\\\/leherpeurparis.com\\\/en\\\/author\\\/webmasterwa\\\/\"}]}<\/script>\n<!-- \/ Yoast SEO plugin. -->","yoast_head_json":{"title":"Retail culture : du lieu de vente \u00e0 l'espace culturel de marque | LeherpeurParis","robots":{"index":"index","follow":"follow","max-snippet":"max-snippet:-1","max-image-preview":"max-image-preview:large","max-video-preview":"max-video-preview:-1"},"canonical":"https:\/\/leherpeurparis.com\/en\/non-classifiee\/retail-culture-du-lieu-de-vente-a-lespace-culturel-de-marque\/","og_locale":"en_US","og_type":"article","og_title":"Retail culture : du lieu de vente \u00e0 l'espace culturel de marque | LeherpeurParis","og_description":"Comment faire \u00e9voluer le retail et les espaces physiques de vente des marques pour en faire des vecteurs de culture et de valeur ? 85%&nbsp;des achats de luxe se font [&hellip;]","og_url":"https:\/\/leherpeurparis.com\/en\/non-classifiee\/retail-culture-du-lieu-de-vente-a-lespace-culturel-de-marque\/","og_site_name":"LeherpeurParis","article_published_time":"2025-08-20T13:41:13+00:00","article_modified_time":"2025-10-01T12:41:06+00:00","og_image":[{"width":1139,"height":1026,"url":"https:\/\/leherpeurparis.com\/wp-content\/uploads\/2025\/08\/image-623.png","type":"image\/png"}],"author":"Morgane","twitter_card":"summary_large_image","twitter_misc":{"Written by":"Morgane","Est. reading time":"3 minutes"},"schema":{"@context":"https:\/\/schema.org","@graph":[{"@type":"Article","@id":"https:\/\/leherpeurparis.com\/en\/non-classifiee\/retail-culture-du-lieu-de-vente-a-lespace-culturel-de-marque\/#article","isPartOf":{"@id":"https:\/\/leherpeurparis.com\/en\/non-classifiee\/retail-culture-du-lieu-de-vente-a-lespace-culturel-de-marque\/"},"author":{"name":"Morgane","@id":"https:\/\/leherpeurparis.com\/en\/#\/schema\/person\/5836b46e700c1b6bada2f21f963569bf"},"headline":"Retail culture : du lieu de vente \u00e0 l&#8217;espace culturel de marque","datePublished":"2025-08-20T13:41:13+00:00","dateModified":"2025-10-01T12:41:06+00:00","mainEntityOfPage":{"@id":"https:\/\/leherpeurparis.com\/en\/non-classifiee\/retail-culture-du-lieu-de-vente-a-lespace-culturel-de-marque\/"},"wordCount":344,"publisher":{"@id":"https:\/\/leherpeurparis.com\/en\/#organization"},"image":{"@id":"https:\/\/leherpeurparis.com\/en\/non-classifiee\/retail-culture-du-lieu-de-vente-a-lespace-culturel-de-marque\/#primaryimage"},"thumbnailUrl":"https:\/\/leherpeurparis.com\/wp-content\/uploads\/2025\/08\/image-623.png","articleSection":["Non classifi\u00e9(e)"],"inLanguage":"en-US"},{"@type":"WebPage","@id":"https:\/\/leherpeurparis.com\/en\/non-classifiee\/retail-culture-du-lieu-de-vente-a-lespace-culturel-de-marque\/","url":"https:\/\/leherpeurparis.com\/en\/non-classifiee\/retail-culture-du-lieu-de-vente-a-lespace-culturel-de-marque\/","name":"Retail culture : du lieu de vente \u00e0 l'espace culturel de marque | LeherpeurParis","isPartOf":{"@id":"https:\/\/leherpeurparis.com\/en\/#website"},"primaryImageOfPage":{"@id":"https:\/\/leherpeurparis.com\/en\/non-classifiee\/retail-culture-du-lieu-de-vente-a-lespace-culturel-de-marque\/#primaryimage"},"image":{"@id":"https:\/\/leherpeurparis.com\/en\/non-classifiee\/retail-culture-du-lieu-de-vente-a-lespace-culturel-de-marque\/#primaryimage"},"thumbnailUrl":"https:\/\/leherpeurparis.com\/wp-content\/uploads\/2025\/08\/image-623.png","datePublished":"2025-08-20T13:41:13+00:00","dateModified":"2025-10-01T12:41:06+00:00","breadcrumb":{"@id":"https:\/\/leherpeurparis.com\/en\/non-classifiee\/retail-culture-du-lieu-de-vente-a-lespace-culturel-de-marque\/#breadcrumb"},"inLanguage":"en-US","potentialAction":[{"@type":"ReadAction","target":["https:\/\/leherpeurparis.com\/en\/non-classifiee\/retail-culture-du-lieu-de-vente-a-lespace-culturel-de-marque\/"]}]},{"@type":"ImageObject","inLanguage":"en-US","@id":"https:\/\/leherpeurparis.com\/en\/non-classifiee\/retail-culture-du-lieu-de-vente-a-lespace-culturel-de-marque\/#primaryimage","url":"https:\/\/leherpeurparis.com\/wp-content\/uploads\/2025\/08\/image-623.png","contentUrl":"https:\/\/leherpeurparis.com\/wp-content\/uploads\/2025\/08\/image-623.png","width":1139,"height":1026},{"@type":"BreadcrumbList","@id":"https:\/\/leherpeurparis.com\/en\/non-classifiee\/retail-culture-du-lieu-de-vente-a-lespace-culturel-de-marque\/#breadcrumb","itemListElement":[{"@type":"ListItem","position":1,"name":"Accueil","item":"https:\/\/leherpeurparis.com\/en\/"},{"@type":"ListItem","position":2,"name":"Retail culture : du lieu de vente \u00e0 l&rsquo;espace culturel de marque"}]},{"@type":"WebSite","@id":"https:\/\/leherpeurparis.com\/en\/#website","url":"https:\/\/leherpeurparis.com\/en\/","name":"LeherpeurParis","description":"Consulting office - Paris and Shanghai","publisher":{"@id":"https:\/\/leherpeurparis.com\/en\/#organization"},"potentialAction":[{"@type":"SearchAction","target":{"@type":"EntryPoint","urlTemplate":"https:\/\/leherpeurparis.com\/en\/?s={search_term_string}"},"query-input":{"@type":"PropertyValueSpecification","valueRequired":true,"valueName":"search_term_string"}}],"inLanguage":"en-US"},{"@type":"Organization","@id":"https:\/\/leherpeurparis.com\/en\/#organization","name":"Leherpeur Paris","url":"https:\/\/leherpeurparis.com\/en\/","logo":{"@type":"ImageObject","inLanguage":"en-US","@id":"https:\/\/leherpeurparis.com\/en\/#\/schema\/logo\/image\/","url":"https:\/\/leherpeurparis.com\/wp-content\/uploads\/2022\/07\/Logo-Leherpeur-Paris.jpg","contentUrl":"https:\/\/leherpeurparis.com\/wp-content\/uploads\/2022\/07\/Logo-Leherpeur-Paris.jpg","width":800,"height":300,"caption":"Leherpeur Paris"},"image":{"@id":"https:\/\/leherpeurparis.com\/en\/#\/schema\/logo\/image\/"},"sameAs":["https:\/\/www.instagram.com\/leherpeurparis\/","https:\/\/www.pinterest.fr\/mlcparis\/","https:\/\/www.linkedin.com\/company\/bureauleherpeur\/"]},{"@type":"Person","@id":"https:\/\/leherpeurparis.com\/en\/#\/schema\/person\/5836b46e700c1b6bada2f21f963569bf","name":"Morgane","image":{"@type":"ImageObject","inLanguage":"en-US","@id":"https:\/\/secure.gravatar.com\/avatar\/aaef38f8fe29ef71f7e7758786a4353dd80166c3783061e2e3029314f79a2142?s=96&d=mm&r=g","url":"https:\/\/secure.gravatar.com\/avatar\/aaef38f8fe29ef71f7e7758786a4353dd80166c3783061e2e3029314f79a2142?s=96&d=mm&r=g","contentUrl":"https:\/\/secure.gravatar.com\/avatar\/aaef38f8fe29ef71f7e7758786a4353dd80166c3783061e2e3029314f79a2142?s=96&d=mm&r=g","caption":"Morgane"},"url":"https:\/\/leherpeurparis.com\/en\/author\/webmasterwa\/"}]}},"_links":{"self":[{"href":"https:\/\/leherpeurparis.com\/en\/wp-json\/wp\/v2\/posts\/5555","targetHints":{"allow":["GET"]}}],"collection":[{"href":"https:\/\/leherpeurparis.com\/en\/wp-json\/wp\/v2\/posts"}],"about":[{"href":"https:\/\/leherpeurparis.com\/en\/wp-json\/wp\/v2\/types\/post"}],"author":[{"embeddable":true,"href":"https:\/\/leherpeurparis.com\/en\/wp-json\/wp\/v2\/users\/3"}],"replies":[{"embeddable":true,"href":"https:\/\/leherpeurparis.com\/en\/wp-json\/wp\/v2\/comments?post=5555"}],"version-history":[{"count":18,"href":"https:\/\/leherpeurparis.com\/en\/wp-json\/wp\/v2\/posts\/5555\/revisions"}],"predecessor-version":[{"id":5660,"href":"https:\/\/leherpeurparis.com\/en\/wp-json\/wp\/v2\/posts\/5555\/revisions\/5660"}],"wp:featuredmedia":[{"embeddable":true,"href":"https:\/\/leherpeurparis.com\/en\/wp-json\/wp\/v2\/media\/5585"}],"wp:attachment":[{"href":"https:\/\/leherpeurparis.com\/en\/wp-json\/wp\/v2\/media?parent=5555"}],"wp:term":[{"taxonomy":"category","embeddable":true,"href":"https:\/\/leherpeurparis.com\/en\/wp-json\/wp\/v2\/categories?post=5555"},{"taxonomy":"post_tag","embeddable":true,"href":"https:\/\/leherpeurparis.com\/en\/wp-json\/wp\/v2\/tags?post=5555"}],"curies":[{"name":"wp","href":"https:\/\/api.w.org\/{rel}","templated":true}]}}