{"id":5320,"date":"2025-04-22T16:59:21","date_gmt":"2025-04-22T14:59:21","guid":{"rendered":"https:\/\/leherpeurparis.com\/?p=5320"},"modified":"2025-07-29T17:14:02","modified_gmt":"2025-07-29T15:14:02","slug":"loeil-la-mode-interagit-a-la-milan-design-week","status":"publish","type":"post","link":"https:\/\/leherpeurparis.com\/en\/non-classifiee\/loeil-la-mode-interagit-a-la-milan-design-week\/","title":{"rendered":"L\u2019\u0152il : La mode interagit \u00e0 la Milan Design Week"},"content":{"rendered":"\n<figure class=\"wp-block-image size-full\"><img loading=\"lazy\" decoding=\"async\" width=\"772\" height=\"535\" src=\"https:\/\/leherpeurparis.com\/wp-content\/uploads\/2025\/04\/SnapInsta.to_488997834_18504668338022721_6471842021735779736_n-3.png\" alt=\"\" class=\"wp-image-5325\" srcset=\"https:\/\/leherpeurparis.com\/wp-content\/uploads\/2025\/04\/SnapInsta.to_488997834_18504668338022721_6471842021735779736_n-3.png 772w, https:\/\/leherpeurparis.com\/wp-content\/uploads\/2025\/04\/SnapInsta.to_488997834_18504668338022721_6471842021735779736_n-3-300x208.png 300w, https:\/\/leherpeurparis.com\/wp-content\/uploads\/2025\/04\/SnapInsta.to_488997834_18504668338022721_6471842021735779736_n-3-768x532.png 768w\" sizes=\"auto, (max-width: 772px) 100vw, 772px\" \/><figcaption class=\"wp-element-caption\"><strong>\u00a9<\/strong> <a href=\"https:\/\/www.instagram.com\/p\/DIRZbAmsEwn\/?utm_source=ig_web_copy_link&amp;igsh=MzRlODBiNWFlZA==\">Herm\u00e8s<\/a><\/figcaption><\/figure>\n\n\n\n<h2 class=\"wp-block-heading\">Histoires &amp; Cr\u00e9ativit\u00e9 Collective au service du Beau<\/h2>\n\n\n\n<p class=\"has-text-align-left\" style=\"font-size:18px\">Nous nous sommes immerg\u00e9s dans la semaine du design \u00e0 Milan, observant le r\u00f4le que la mode joue dans la sph\u00e8re du design. Celle-ci interagit en mettant en avant les savoir-faire artistiques et explore l\u2019intelligence collective des domaines cr\u00e9atifs.\u2028<\/p>\n\n\n\n<div class=\"wp-block-columns is-layout-flex wp-container-core-columns-is-layout-9d6595d7 wp-block-columns-is-layout-flex\">\n<div class=\"wp-block-column is-layout-flow wp-block-column-is-layout-flow\"><div class=\"wp-block-image\">\n<figure class=\"alignleft size-full\"><img loading=\"lazy\" decoding=\"async\" width=\"1080\" height=\"1350\" src=\"https:\/\/leherpeurparis.com\/wp-content\/uploads\/2025\/04\/SnapInsta.to_490102874_18497970958059840_4499875542409043960_n.jpg\" alt=\"\" class=\"wp-image-5328\" srcset=\"https:\/\/leherpeurparis.com\/wp-content\/uploads\/2025\/04\/SnapInsta.to_490102874_18497970958059840_4499875542409043960_n.jpg 1080w, https:\/\/leherpeurparis.com\/wp-content\/uploads\/2025\/04\/SnapInsta.to_490102874_18497970958059840_4499875542409043960_n-240x300.jpg 240w, https:\/\/leherpeurparis.com\/wp-content\/uploads\/2025\/04\/SnapInsta.to_490102874_18497970958059840_4499875542409043960_n-819x1024.jpg 819w, https:\/\/leherpeurparis.com\/wp-content\/uploads\/2025\/04\/SnapInsta.to_490102874_18497970958059840_4499875542409043960_n-768x960.jpg 768w\" sizes=\"auto, (max-width: 1080px) 100vw, 1080px\" \/><figcaption class=\"wp-element-caption\"><strong>\u00a9<\/strong> <a href=\"https:\/\/www.instagram.com\/p\/DITChEvCI3k\/?utm_source=ig_web_copy_link&amp;igsh=MzRlODBiNWFlZA==\">Miu Miu<\/a><\/figcaption><\/figure><\/div><\/div>\n\n\n\n<div class=\"wp-block-column is-vertically-aligned-top is-layout-flow wp-block-column-is-layout-flow\"><div class=\"wp-block-image\">\n<figure class=\"alignleft size-large\"><img loading=\"lazy\" decoding=\"async\" width=\"819\" height=\"1024\" src=\"https:\/\/leherpeurparis.com\/wp-content\/uploads\/2025\/04\/Frame-1248-1-819x1024.png\" alt=\"\" class=\"wp-image-5354\" srcset=\"https:\/\/leherpeurparis.com\/wp-content\/uploads\/2025\/04\/Frame-1248-1-819x1024.png 819w, https:\/\/leherpeurparis.com\/wp-content\/uploads\/2025\/04\/Frame-1248-1-240x300.png 240w, https:\/\/leherpeurparis.com\/wp-content\/uploads\/2025\/04\/Frame-1248-1-768x960.png 768w, https:\/\/leherpeurparis.com\/wp-content\/uploads\/2025\/04\/Frame-1248-1.png 1080w\" sizes=\"auto, (max-width: 819px) 100vw, 819px\" \/><\/figure><\/div><\/div>\n<\/div>\n\n\n\n<p style=\"font-size:15px\"><a href=\"https:\/\/www.instagram.com\/miumiu\/\">@miumiu<\/a> ouvre un dialogue sur la f\u00e9minit\u00e9 intellectuelle avec un salon litt\u00e9raire install\u00e9 au Circolo Filologico. Ce projet met \u00e0 l\u2019honneur la red\u00e9couverte de grandes \u00e9crivaines oubli\u00e9es et interroge la place de la litt\u00e9rature f\u00e9minine dans le paysage culturel contemporain. Il se concentre sur les th\u00e8mes de la jeunesse, de l\u2019amour et de l\u2019\u00e9ducation sexuelle, \u00e0 travers deux figures fondamentales : <strong>Simone de Beauvoir et Fumiko Enchi<\/strong>. Un format de dialogue sensible et singulier, qui transforme la lecture en conversation et propose une autre mani\u00e8re de penser ensemble \u2014 dans un moment intime, \u00e0 travers les mots, le temps et la m\u00e9moire.<\/p>\n\n\n\n<div class=\"wp-block-columns is-layout-flex wp-container-core-columns-is-layout-9d6595d7 wp-block-columns-is-layout-flex\">\n<div class=\"wp-block-column is-layout-flow wp-block-column-is-layout-flow\">\n<figure class=\"wp-block-image size-full\"><img loading=\"lazy\" decoding=\"async\" width=\"1080\" height=\"1350\" src=\"https:\/\/leherpeurparis.com\/wp-content\/uploads\/2025\/04\/Frame-1244.png\" alt=\"\" class=\"wp-image-5333\" srcset=\"https:\/\/leherpeurparis.com\/wp-content\/uploads\/2025\/04\/Frame-1244.png 1080w, https:\/\/leherpeurparis.com\/wp-content\/uploads\/2025\/04\/Frame-1244-240x300.png 240w, https:\/\/leherpeurparis.com\/wp-content\/uploads\/2025\/04\/Frame-1244-819x1024.png 819w, https:\/\/leherpeurparis.com\/wp-content\/uploads\/2025\/04\/Frame-1244-768x960.png 768w\" sizes=\"auto, (max-width: 1080px) 100vw, 1080px\" \/><figcaption class=\"wp-element-caption\"><strong>\u00a9<\/strong> <a href=\"https:\/\/www.instagram.com\/p\/DIPDCIAI2Gw\/?utm_source=ig_web_copy_link\">Loewe<\/a><\/figcaption><\/figure>\n<\/div>\n\n\n\n<div class=\"wp-block-column has-small-font-size is-layout-flow wp-block-column-is-layout-flow\">\n<figure class=\"wp-block-image size-full\"><img loading=\"lazy\" decoding=\"async\" width=\"1080\" height=\"1350\" src=\"https:\/\/leherpeurparis.com\/wp-content\/uploads\/2025\/04\/Frame-1245.png\" alt=\"\" class=\"wp-image-5335\" srcset=\"https:\/\/leherpeurparis.com\/wp-content\/uploads\/2025\/04\/Frame-1245.png 1080w, https:\/\/leherpeurparis.com\/wp-content\/uploads\/2025\/04\/Frame-1245-240x300.png 240w, https:\/\/leherpeurparis.com\/wp-content\/uploads\/2025\/04\/Frame-1245-819x1024.png 819w, https:\/\/leherpeurparis.com\/wp-content\/uploads\/2025\/04\/Frame-1245-768x960.png 768w\" sizes=\"auto, (max-width: 1080px) 100vw, 1080px\" \/><\/figure>\n<\/div>\n\n\n\n<div class=\"wp-block-column is-layout-flow wp-block-column-is-layout-flow\">\n<figure class=\"wp-block-image size-full\"><img loading=\"lazy\" decoding=\"async\" width=\"1080\" height=\"1350\" src=\"https:\/\/leherpeurparis.com\/wp-content\/uploads\/2025\/04\/Frame-1246.png\" alt=\"\" class=\"wp-image-5337\" srcset=\"https:\/\/leherpeurparis.com\/wp-content\/uploads\/2025\/04\/Frame-1246.png 1080w, https:\/\/leherpeurparis.com\/wp-content\/uploads\/2025\/04\/Frame-1246-240x300.png 240w, https:\/\/leherpeurparis.com\/wp-content\/uploads\/2025\/04\/Frame-1246-819x1024.png 819w, https:\/\/leherpeurparis.com\/wp-content\/uploads\/2025\/04\/Frame-1246-768x960.png 768w\" sizes=\"auto, (max-width: 1080px) 100vw, 1080px\" \/><figcaption class=\"wp-element-caption\"><br><br><\/figcaption><\/figure>\n<\/div>\n<\/div>\n\n\n\n<p style=\"font-size:15px\"><a href=\"https:\/\/www.instagram.com\/loewe\/\">@loewe<\/a>\u00a0repense un objet du quotidien, la th\u00e9i\u00e8re, <strong>en invitant 25 artistes, designers et architectes internationaux<\/strong> \u00e0 r\u00e9interpr\u00e9ter sa forme sculpturale et le rituel qui l\u2019accompagne. Une initiative qui transforme cet objet en un v\u00e9ritable acte de cr\u00e9ation, repoussant les limites de sa fonction pour en explorer la signification et l\u2019esth\u00e9tique. Pr\u00e9sent\u00e9e lors du Fuorisalone au Palazzo Citterio, cette exposition s&#8217;inscrit dans la tradition de la marque, qui d\u00e9veloppe le design et l&#8217;artisanat de mani\u00e8re innovante.<\/p>\n\n\n\n<div class=\"wp-block-columns is-layout-flex wp-container-core-columns-is-layout-9d6595d7 wp-block-columns-is-layout-flex\">\n<div class=\"wp-block-column is-layout-flow wp-block-column-is-layout-flow\">\n<figure class=\"wp-block-image size-full\"><img loading=\"lazy\" decoding=\"async\" width=\"1080\" height=\"1350\" src=\"https:\/\/leherpeurparis.com\/wp-content\/uploads\/2025\/04\/Frame-1247.png\" alt=\"\" class=\"wp-image-5341\" srcset=\"https:\/\/leherpeurparis.com\/wp-content\/uploads\/2025\/04\/Frame-1247.png 1080w, https:\/\/leherpeurparis.com\/wp-content\/uploads\/2025\/04\/Frame-1247-240x300.png 240w, https:\/\/leherpeurparis.com\/wp-content\/uploads\/2025\/04\/Frame-1247-819x1024.png 819w, https:\/\/leherpeurparis.com\/wp-content\/uploads\/2025\/04\/Frame-1247-768x960.png 768w\" sizes=\"auto, (max-width: 1080px) 100vw, 1080px\" \/><figcaption class=\"wp-element-caption\"><strong>\u00a9<\/strong> <a href=\"https:\/\/www.instagram.com\/p\/DIUXFgmgeNU\/?utm_source=ig_web_copy_link&amp;igsh=MzRlODBiNWFlZA==\">Jil Sander, Cassina &amp; Formafantasma<\/a><\/figcaption><\/figure>\n<\/div>\n\n\n\n<div class=\"wp-block-column is-layout-flow wp-block-column-is-layout-flow\">\n<figure class=\"wp-block-image size-large\"><img loading=\"lazy\" decoding=\"async\" width=\"819\" height=\"1024\" src=\"https:\/\/leherpeurparis.com\/wp-content\/uploads\/2025\/04\/SnapInsta.to_489845829_1096924649146740_4327847201001970839_n-1-819x1024.jpg\" alt=\"\" class=\"wp-image-5330\" srcset=\"https:\/\/leherpeurparis.com\/wp-content\/uploads\/2025\/04\/SnapInsta.to_489845829_1096924649146740_4327847201001970839_n-1-819x1024.jpg 819w, https:\/\/leherpeurparis.com\/wp-content\/uploads\/2025\/04\/SnapInsta.to_489845829_1096924649146740_4327847201001970839_n-1-240x300.jpg 240w, https:\/\/leherpeurparis.com\/wp-content\/uploads\/2025\/04\/SnapInsta.to_489845829_1096924649146740_4327847201001970839_n-1-768x960.jpg 768w, https:\/\/leherpeurparis.com\/wp-content\/uploads\/2025\/04\/SnapInsta.to_489845829_1096924649146740_4327847201001970839_n-1.jpg 1080w\" sizes=\"auto, (max-width: 819px) 100vw, 819px\" \/><\/figure>\n<\/div>\n<\/div>\n\n\n\n<p style=\"font-size:15px\"><a href=\"https:\/\/www.instagram.com\/jilsander\/\">@jilsander<\/a>\u00a0prend part \u00e0 l\u2019installation \u00ab Staging Modernity \u00bb, pr\u00e9sent\u00e9e par <a href=\"https:\/\/www.instagram.com\/cassinaofficial?utm_source=ig_web_button_share_sheet&amp;igsh=ZDNlZDc0MzIxNw==\">@cassinaofficial <\/a>et dirig\u00e9e par <a href=\"https:\/\/www.instagram.com\/formafantasma?utm_source=ig_web_button_share_sheet&amp;igsh=ZDNlZDc0MzIxNw==\">@formafantasma<\/a>. Cette intervention, un hommage critique \u00e0 la vision r\u00e9volutionnaire de <strong>Le Corbusier<\/strong>, <strong>Pierre Jeanneret<\/strong> et <strong>Charlotte Perriand<\/strong>, explore la tension entre les id\u00e9aux modernistes et les r\u00e9alit\u00e9s contemporaines, tout en cr\u00e9ant un espace propice \u00e0 de nouveaux dialogues et performances.<\/p>\n\n\n\n<div class=\"wp-block-columns is-layout-flex wp-container-core-columns-is-layout-9d6595d7 wp-block-columns-is-layout-flex\">\n<div class=\"wp-block-column is-layout-flow wp-block-column-is-layout-flow\">\n<figure class=\"wp-block-image size-full\"><img loading=\"lazy\" decoding=\"async\" width=\"1080\" height=\"1350\" src=\"https:\/\/leherpeurparis.com\/wp-content\/uploads\/2025\/04\/Frame-1248.png\" alt=\"\" class=\"wp-image-5344\" srcset=\"https:\/\/leherpeurparis.com\/wp-content\/uploads\/2025\/04\/Frame-1248.png 1080w, https:\/\/leherpeurparis.com\/wp-content\/uploads\/2025\/04\/Frame-1248-240x300.png 240w, https:\/\/leherpeurparis.com\/wp-content\/uploads\/2025\/04\/Frame-1248-819x1024.png 819w, https:\/\/leherpeurparis.com\/wp-content\/uploads\/2025\/04\/Frame-1248-768x960.png 768w\" sizes=\"auto, (max-width: 1080px) 100vw, 1080px\" \/><figcaption class=\"wp-element-caption\"><strong>\u00a9<\/strong> <a href=\"https:\/\/www.instagram.com\/p\/DIRZbAmsEwn\/?utm_source=ig_web_copy_link&amp;igsh=MzRlODBiNWFlZA==\">Herm\u00e8s<\/a><\/figcaption><\/figure>\n<\/div>\n\n\n\n<div class=\"wp-block-column has-small-font-size is-layout-flow wp-block-column-is-layout-flow\">\n<figure class=\"wp-block-image size-full\"><img loading=\"lazy\" decoding=\"async\" width=\"1080\" height=\"1350\" src=\"https:\/\/leherpeurparis.com\/wp-content\/uploads\/2025\/04\/Frame-1250.png\" alt=\"\" class=\"wp-image-5346\" srcset=\"https:\/\/leherpeurparis.com\/wp-content\/uploads\/2025\/04\/Frame-1250.png 1080w, https:\/\/leherpeurparis.com\/wp-content\/uploads\/2025\/04\/Frame-1250-240x300.png 240w, https:\/\/leherpeurparis.com\/wp-content\/uploads\/2025\/04\/Frame-1250-819x1024.png 819w, https:\/\/leherpeurparis.com\/wp-content\/uploads\/2025\/04\/Frame-1250-768x960.png 768w\" sizes=\"auto, (max-width: 1080px) 100vw, 1080px\" \/><\/figure>\n<\/div>\n\n\n\n<div class=\"wp-block-column is-layout-flow wp-block-column-is-layout-flow\">\n<figure class=\"wp-block-image size-full\"><img loading=\"lazy\" decoding=\"async\" width=\"1080\" height=\"1350\" src=\"https:\/\/leherpeurparis.com\/wp-content\/uploads\/2025\/04\/Frame-1249.png\" alt=\"\" class=\"wp-image-5348\" srcset=\"https:\/\/leherpeurparis.com\/wp-content\/uploads\/2025\/04\/Frame-1249.png 1080w, https:\/\/leherpeurparis.com\/wp-content\/uploads\/2025\/04\/Frame-1249-240x300.png 240w, https:\/\/leherpeurparis.com\/wp-content\/uploads\/2025\/04\/Frame-1249-819x1024.png 819w, https:\/\/leherpeurparis.com\/wp-content\/uploads\/2025\/04\/Frame-1249-768x960.png 768w\" sizes=\"auto, (max-width: 1080px) 100vw, 1080px\" \/><figcaption class=\"wp-element-caption\"><br><br><\/figcaption><\/figure>\n<\/div>\n<\/div>\n\n\n\n<p style=\"font-size:15px\"><strong><a href=\"https:\/\/www.instagram.com\/hermes?utm_source=ig_web_button_share_sheet&amp;igsh=ZDNlZDc0MzIxNw==\">@Herm\u00e8s<\/a><\/strong> pr\u00e9sente ses nouvelles cr\u00e9ations en jouant sur l\u2019immat\u00e9rialit\u00e9, \u00e0 travers des jeux de lumi\u00e8re, de couleurs et de vibrations o\u00f9 l\u2019objet devient r\u00e9ceptacle d\u2019\u00e9motion. Suspendues dans des bo\u00eetes presque incolores \u00e0 force d\u2019\u00eatre blanches, elles projettent au sol des halos de couleurs vives. Verre laqu\u00e9, pi\u00e8ces souffl\u00e9es bouche, cachemires et porcelaine illustr\u00e9e r\u00e9v\u00e8lent tour \u00e0 tour leur texture et font vibrer l\u2019espace.<\/p>\n\n\n\n<div class=\"wp-block-columns is-layout-flex wp-container-core-columns-is-layout-9d6595d7 wp-block-columns-is-layout-flex\">\n<div class=\"wp-block-column is-layout-flow wp-block-column-is-layout-flow\">\n<figure class=\"wp-block-image size-full\"><img loading=\"lazy\" decoding=\"async\" width=\"1080\" height=\"1350\" src=\"https:\/\/leherpeurparis.com\/wp-content\/uploads\/2025\/04\/Frame-1246-1.png\" alt=\"\" class=\"wp-image-5350\" srcset=\"https:\/\/leherpeurparis.com\/wp-content\/uploads\/2025\/04\/Frame-1246-1.png 1080w, https:\/\/leherpeurparis.com\/wp-content\/uploads\/2025\/04\/Frame-1246-1-240x300.png 240w, https:\/\/leherpeurparis.com\/wp-content\/uploads\/2025\/04\/Frame-1246-1-819x1024.png 819w, https:\/\/leherpeurparis.com\/wp-content\/uploads\/2025\/04\/Frame-1246-1-768x960.png 768w\" sizes=\"auto, (max-width: 1080px) 100vw, 1080px\" \/><figcaption class=\"wp-element-caption\"><strong>\u00a9<\/strong> <a href=\"https:\/\/www.instagram.com\/p\/DIL1CDoNmsf\/?utm_source=ig_web_copy_link&amp;igsh=MzRlODBiNWFlZA==\">Gucci<\/a> &#8211; <a href=\"https:\/\/www.instagram.com\/anton_alvarez?utm_source=ig_web_button_share_sheet&amp;igsh=ZDNlZDc0MzIxNw==\">Anton Alvarez<\/a><\/figcaption><\/figure>\n<\/div>\n\n\n\n<div class=\"wp-block-column is-layout-flow wp-block-column-is-layout-flow\">\n<figure class=\"wp-block-image size-large\"><img loading=\"lazy\" decoding=\"async\" width=\"819\" height=\"1024\" src=\"https:\/\/leherpeurparis.com\/wp-content\/uploads\/2025\/04\/Frame-1245-1-819x1024.png\" alt=\"\" class=\"wp-image-5352\" srcset=\"https:\/\/leherpeurparis.com\/wp-content\/uploads\/2025\/04\/Frame-1245-1-819x1024.png 819w, https:\/\/leherpeurparis.com\/wp-content\/uploads\/2025\/04\/Frame-1245-1-240x300.png 240w, https:\/\/leherpeurparis.com\/wp-content\/uploads\/2025\/04\/Frame-1245-1-768x960.png 768w, https:\/\/leherpeurparis.com\/wp-content\/uploads\/2025\/04\/Frame-1245-1.png 1080w\" sizes=\"auto, (max-width: 819px) 100vw, 819px\" \/><figcaption class=\"wp-element-caption\"><strong>\u00a9<\/strong> <a href=\"https:\/\/www.instagram.com\/p\/DIL1CDoNmsf\/?utm_source=ig_web_copy_link&amp;igsh=MzRlODBiNWFlZA==\">Gucci<\/a> &#8211; <a href=\"https:\/\/www.instagram.com\/theartofnathaliedupasquier?utm_source=ig_web_button_share_sheet&amp;igsh=ZDNlZDc0MzIxNw==\">Nathalie Du Pasquier<\/a><\/figcaption><\/figure>\n<\/div>\n<\/div>\n\n\n\n<p style=\"font-size:15px\"><a href=\"https:\/\/www.instagram.com\/gucci\/\">@gucci<\/a>\u00a0explore le bambou \u00e0 travers des cr\u00e9ations d\u2019artistes contemporains. <strong>Anton Alvarez<\/strong> rend hommage \u00e0 la forme et \u00e0 la croissance du bambou avec sa sculpture \u00ab\u202f1802251226\u202f\u00bb, m\u00ealant les \u00e9l\u00e9ments naturels de la plante et le mouvement de l\u2019eau pour symboliser stabilit\u00e9 et d\u00e9fi. <strong>Nathalie du Pasquier<\/strong>, quant \u00e0 elle, r\u00e9invente ce mat\u00e9riau sous la forme d\u2019un paravent rabattable, o\u00f9 des panneaux l\u00e9gers en soie encadrent des imprim\u00e9s, opposant la nature brute du bambou \u00e0 la d\u00e9licatesse du tissu. Ces cr\u00e9ations nous invite \u00e0 r\u00e9fl\u00e9chir sur la mat\u00e9rialit\u00e9 et l\u2019adaptabilit\u00e9 de ce mat\u00e9riau.<\/p>\n","protected":false},"excerpt":{"rendered":"<p>Histoires &amp; Cr\u00e9ativit\u00e9 Collective au service du Beau Nous nous sommes immerg\u00e9s dans la semaine du design \u00e0 Milan, observant le r\u00f4le que la mode joue dans la sph\u00e8re du [&hellip;]<\/p>\n","protected":false},"author":3,"featured_media":5321,"comment_status":"closed","ping_status":"closed","sticky":false,"template":"","format":"standard","meta":{"_acf_changed":false,"footnotes":""},"categories":[1],"tags":[],"class_list":["post-5320","post","type-post","status-publish","format-standard","has-post-thumbnail","hentry","category-non-classifiee"],"acf":[],"yoast_head":"<!-- This site is optimized with the Yoast SEO plugin v27.5 - https:\/\/yoast.com\/product\/yoast-seo-wordpress\/ -->\n<title>L\u2019\u0152il : La mode interagit \u00e0 la Milan Design Week | LeherpeurParis<\/title>\n<meta name=\"robots\" content=\"index, follow, max-snippet:-1, max-image-preview:large, max-video-preview:-1\" \/>\n<link rel=\"canonical\" href=\"https:\/\/leherpeurparis.com\/en\/non-classifiee\/loeil-la-mode-interagit-a-la-milan-design-week\/\" \/>\n<meta property=\"og:locale\" content=\"en_US\" \/>\n<meta property=\"og:type\" content=\"article\" \/>\n<meta property=\"og:title\" content=\"L\u2019\u0152il : La mode interagit \u00e0 la Milan Design Week | LeherpeurParis\" \/>\n<meta property=\"og:description\" content=\"Histoires &amp; Cr\u00e9ativit\u00e9 Collective au service du Beau Nous nous sommes immerg\u00e9s dans la semaine du design \u00e0 Milan, observant le r\u00f4le que la mode joue dans la sph\u00e8re du [&hellip;]\" \/>\n<meta property=\"og:url\" content=\"https:\/\/leherpeurparis.com\/en\/non-classifiee\/loeil-la-mode-interagit-a-la-milan-design-week\/\" \/>\n<meta property=\"og:site_name\" content=\"LeherpeurParis\" \/>\n<meta property=\"article:published_time\" content=\"2025-04-22T14:59:21+00:00\" \/>\n<meta property=\"article:modified_time\" content=\"2025-07-29T15:14:02+00:00\" \/>\n<meta property=\"og:image\" content=\"https:\/\/leherpeurparis.com\/wp-content\/uploads\/2025\/04\/Frame-1192-2.png\" \/>\n\t<meta property=\"og:image:width\" content=\"1200\" \/>\n\t<meta property=\"og:image:height\" content=\"900\" \/>\n\t<meta property=\"og:image:type\" content=\"image\/png\" \/>\n<meta name=\"author\" content=\"Morgane\" \/>\n<meta name=\"twitter:card\" content=\"summary_large_image\" \/>\n<meta name=\"twitter:label1\" content=\"Written by\" \/>\n\t<meta name=\"twitter:data1\" content=\"Morgane\" \/>\n\t<meta name=\"twitter:label2\" content=\"Est. reading time\" \/>\n\t<meta name=\"twitter:data2\" content=\"1 minute\" \/>\n<script type=\"application\/ld+json\" class=\"yoast-schema-graph\">{\"@context\":\"https:\\\/\\\/schema.org\",\"@graph\":[{\"@type\":\"Article\",\"@id\":\"https:\\\/\\\/leherpeurparis.com\\\/en\\\/non-classifiee\\\/loeil-la-mode-interagit-a-la-milan-design-week\\\/#article\",\"isPartOf\":{\"@id\":\"https:\\\/\\\/leherpeurparis.com\\\/en\\\/non-classifiee\\\/loeil-la-mode-interagit-a-la-milan-design-week\\\/\"},\"author\":{\"name\":\"Morgane\",\"@id\":\"https:\\\/\\\/leherpeurparis.com\\\/en\\\/#\\\/schema\\\/person\\\/5836b46e700c1b6bada2f21f963569bf\"},\"headline\":\"L\u2019\u0152il : La mode interagit \u00e0 la Milan Design Week\",\"datePublished\":\"2025-04-22T14:59:21+00:00\",\"dateModified\":\"2025-07-29T15:14:02+00:00\",\"mainEntityOfPage\":{\"@id\":\"https:\\\/\\\/leherpeurparis.com\\\/en\\\/non-classifiee\\\/loeil-la-mode-interagit-a-la-milan-design-week\\\/\"},\"wordCount\":519,\"publisher\":{\"@id\":\"https:\\\/\\\/leherpeurparis.com\\\/en\\\/#organization\"},\"image\":{\"@id\":\"https:\\\/\\\/leherpeurparis.com\\\/en\\\/non-classifiee\\\/loeil-la-mode-interagit-a-la-milan-design-week\\\/#primaryimage\"},\"thumbnailUrl\":\"https:\\\/\\\/leherpeurparis.com\\\/wp-content\\\/uploads\\\/2025\\\/04\\\/Frame-1192-2.png\",\"articleSection\":[\"Non classifi\u00e9(e)\"],\"inLanguage\":\"en-US\"},{\"@type\":\"WebPage\",\"@id\":\"https:\\\/\\\/leherpeurparis.com\\\/en\\\/non-classifiee\\\/loeil-la-mode-interagit-a-la-milan-design-week\\\/\",\"url\":\"https:\\\/\\\/leherpeurparis.com\\\/en\\\/non-classifiee\\\/loeil-la-mode-interagit-a-la-milan-design-week\\\/\",\"name\":\"L\u2019\u0152il : La mode interagit \u00e0 la Milan Design Week | LeherpeurParis\",\"isPartOf\":{\"@id\":\"https:\\\/\\\/leherpeurparis.com\\\/en\\\/#website\"},\"primaryImageOfPage\":{\"@id\":\"https:\\\/\\\/leherpeurparis.com\\\/en\\\/non-classifiee\\\/loeil-la-mode-interagit-a-la-milan-design-week\\\/#primaryimage\"},\"image\":{\"@id\":\"https:\\\/\\\/leherpeurparis.com\\\/en\\\/non-classifiee\\\/loeil-la-mode-interagit-a-la-milan-design-week\\\/#primaryimage\"},\"thumbnailUrl\":\"https:\\\/\\\/leherpeurparis.com\\\/wp-content\\\/uploads\\\/2025\\\/04\\\/Frame-1192-2.png\",\"datePublished\":\"2025-04-22T14:59:21+00:00\",\"dateModified\":\"2025-07-29T15:14:02+00:00\",\"breadcrumb\":{\"@id\":\"https:\\\/\\\/leherpeurparis.com\\\/en\\\/non-classifiee\\\/loeil-la-mode-interagit-a-la-milan-design-week\\\/#breadcrumb\"},\"inLanguage\":\"en-US\",\"potentialAction\":[{\"@type\":\"ReadAction\",\"target\":[\"https:\\\/\\\/leherpeurparis.com\\\/en\\\/non-classifiee\\\/loeil-la-mode-interagit-a-la-milan-design-week\\\/\"]}]},{\"@type\":\"ImageObject\",\"inLanguage\":\"en-US\",\"@id\":\"https:\\\/\\\/leherpeurparis.com\\\/en\\\/non-classifiee\\\/loeil-la-mode-interagit-a-la-milan-design-week\\\/#primaryimage\",\"url\":\"https:\\\/\\\/leherpeurparis.com\\\/wp-content\\\/uploads\\\/2025\\\/04\\\/Frame-1192-2.png\",\"contentUrl\":\"https:\\\/\\\/leherpeurparis.com\\\/wp-content\\\/uploads\\\/2025\\\/04\\\/Frame-1192-2.png\",\"width\":1200,\"height\":900},{\"@type\":\"BreadcrumbList\",\"@id\":\"https:\\\/\\\/leherpeurparis.com\\\/en\\\/non-classifiee\\\/loeil-la-mode-interagit-a-la-milan-design-week\\\/#breadcrumb\",\"itemListElement\":[{\"@type\":\"ListItem\",\"position\":1,\"name\":\"Accueil\",\"item\":\"https:\\\/\\\/leherpeurparis.com\\\/en\\\/\"},{\"@type\":\"ListItem\",\"position\":2,\"name\":\"L\u2019\u0152il : La mode interagit \u00e0 la Milan Design Week\"}]},{\"@type\":\"WebSite\",\"@id\":\"https:\\\/\\\/leherpeurparis.com\\\/en\\\/#website\",\"url\":\"https:\\\/\\\/leherpeurparis.com\\\/en\\\/\",\"name\":\"LeherpeurParis\",\"description\":\"Consulting office - Paris and Shanghai\",\"publisher\":{\"@id\":\"https:\\\/\\\/leherpeurparis.com\\\/en\\\/#organization\"},\"potentialAction\":[{\"@type\":\"SearchAction\",\"target\":{\"@type\":\"EntryPoint\",\"urlTemplate\":\"https:\\\/\\\/leherpeurparis.com\\\/en\\\/?s={search_term_string}\"},\"query-input\":{\"@type\":\"PropertyValueSpecification\",\"valueRequired\":true,\"valueName\":\"search_term_string\"}}],\"inLanguage\":\"en-US\"},{\"@type\":\"Organization\",\"@id\":\"https:\\\/\\\/leherpeurparis.com\\\/en\\\/#organization\",\"name\":\"Leherpeur Paris\",\"url\":\"https:\\\/\\\/leherpeurparis.com\\\/en\\\/\",\"logo\":{\"@type\":\"ImageObject\",\"inLanguage\":\"en-US\",\"@id\":\"https:\\\/\\\/leherpeurparis.com\\\/en\\\/#\\\/schema\\\/logo\\\/image\\\/\",\"url\":\"https:\\\/\\\/leherpeurparis.com\\\/wp-content\\\/uploads\\\/2022\\\/07\\\/Logo-Leherpeur-Paris.jpg\",\"contentUrl\":\"https:\\\/\\\/leherpeurparis.com\\\/wp-content\\\/uploads\\\/2022\\\/07\\\/Logo-Leherpeur-Paris.jpg\",\"width\":800,\"height\":300,\"caption\":\"Leherpeur Paris\"},\"image\":{\"@id\":\"https:\\\/\\\/leherpeurparis.com\\\/en\\\/#\\\/schema\\\/logo\\\/image\\\/\"},\"sameAs\":[\"https:\\\/\\\/www.instagram.com\\\/leherpeurparis\\\/\",\"https:\\\/\\\/www.pinterest.fr\\\/mlcparis\\\/\",\"https:\\\/\\\/www.linkedin.com\\\/company\\\/bureauleherpeur\\\/\"]},{\"@type\":\"Person\",\"@id\":\"https:\\\/\\\/leherpeurparis.com\\\/en\\\/#\\\/schema\\\/person\\\/5836b46e700c1b6bada2f21f963569bf\",\"name\":\"Morgane\",\"image\":{\"@type\":\"ImageObject\",\"inLanguage\":\"en-US\",\"@id\":\"https:\\\/\\\/secure.gravatar.com\\\/avatar\\\/aaef38f8fe29ef71f7e7758786a4353dd80166c3783061e2e3029314f79a2142?s=96&d=mm&r=g\",\"url\":\"https:\\\/\\\/secure.gravatar.com\\\/avatar\\\/aaef38f8fe29ef71f7e7758786a4353dd80166c3783061e2e3029314f79a2142?s=96&d=mm&r=g\",\"contentUrl\":\"https:\\\/\\\/secure.gravatar.com\\\/avatar\\\/aaef38f8fe29ef71f7e7758786a4353dd80166c3783061e2e3029314f79a2142?s=96&d=mm&r=g\",\"caption\":\"Morgane\"},\"url\":\"https:\\\/\\\/leherpeurparis.com\\\/en\\\/author\\\/webmasterwa\\\/\"}]}<\/script>\n<!-- \/ Yoast SEO plugin. -->","yoast_head_json":{"title":"L\u2019\u0152il : La mode interagit \u00e0 la Milan Design Week | LeherpeurParis","robots":{"index":"index","follow":"follow","max-snippet":"max-snippet:-1","max-image-preview":"max-image-preview:large","max-video-preview":"max-video-preview:-1"},"canonical":"https:\/\/leherpeurparis.com\/en\/non-classifiee\/loeil-la-mode-interagit-a-la-milan-design-week\/","og_locale":"en_US","og_type":"article","og_title":"L\u2019\u0152il : La mode interagit \u00e0 la Milan Design Week | LeherpeurParis","og_description":"Histoires &amp; Cr\u00e9ativit\u00e9 Collective au service du Beau Nous nous sommes immerg\u00e9s dans la semaine du design \u00e0 Milan, observant le r\u00f4le que la mode joue dans la sph\u00e8re du [&hellip;]","og_url":"https:\/\/leherpeurparis.com\/en\/non-classifiee\/loeil-la-mode-interagit-a-la-milan-design-week\/","og_site_name":"LeherpeurParis","article_published_time":"2025-04-22T14:59:21+00:00","article_modified_time":"2025-07-29T15:14:02+00:00","og_image":[{"width":1200,"height":900,"url":"https:\/\/leherpeurparis.com\/wp-content\/uploads\/2025\/04\/Frame-1192-2.png","type":"image\/png"}],"author":"Morgane","twitter_card":"summary_large_image","twitter_misc":{"Written by":"Morgane","Est. reading time":"1 minute"},"schema":{"@context":"https:\/\/schema.org","@graph":[{"@type":"Article","@id":"https:\/\/leherpeurparis.com\/en\/non-classifiee\/loeil-la-mode-interagit-a-la-milan-design-week\/#article","isPartOf":{"@id":"https:\/\/leherpeurparis.com\/en\/non-classifiee\/loeil-la-mode-interagit-a-la-milan-design-week\/"},"author":{"name":"Morgane","@id":"https:\/\/leherpeurparis.com\/en\/#\/schema\/person\/5836b46e700c1b6bada2f21f963569bf"},"headline":"L\u2019\u0152il : La mode interagit \u00e0 la Milan Design Week","datePublished":"2025-04-22T14:59:21+00:00","dateModified":"2025-07-29T15:14:02+00:00","mainEntityOfPage":{"@id":"https:\/\/leherpeurparis.com\/en\/non-classifiee\/loeil-la-mode-interagit-a-la-milan-design-week\/"},"wordCount":519,"publisher":{"@id":"https:\/\/leherpeurparis.com\/en\/#organization"},"image":{"@id":"https:\/\/leherpeurparis.com\/en\/non-classifiee\/loeil-la-mode-interagit-a-la-milan-design-week\/#primaryimage"},"thumbnailUrl":"https:\/\/leherpeurparis.com\/wp-content\/uploads\/2025\/04\/Frame-1192-2.png","articleSection":["Non classifi\u00e9(e)"],"inLanguage":"en-US"},{"@type":"WebPage","@id":"https:\/\/leherpeurparis.com\/en\/non-classifiee\/loeil-la-mode-interagit-a-la-milan-design-week\/","url":"https:\/\/leherpeurparis.com\/en\/non-classifiee\/loeil-la-mode-interagit-a-la-milan-design-week\/","name":"L\u2019\u0152il : La mode interagit \u00e0 la Milan Design Week | LeherpeurParis","isPartOf":{"@id":"https:\/\/leherpeurparis.com\/en\/#website"},"primaryImageOfPage":{"@id":"https:\/\/leherpeurparis.com\/en\/non-classifiee\/loeil-la-mode-interagit-a-la-milan-design-week\/#primaryimage"},"image":{"@id":"https:\/\/leherpeurparis.com\/en\/non-classifiee\/loeil-la-mode-interagit-a-la-milan-design-week\/#primaryimage"},"thumbnailUrl":"https:\/\/leherpeurparis.com\/wp-content\/uploads\/2025\/04\/Frame-1192-2.png","datePublished":"2025-04-22T14:59:21+00:00","dateModified":"2025-07-29T15:14:02+00:00","breadcrumb":{"@id":"https:\/\/leherpeurparis.com\/en\/non-classifiee\/loeil-la-mode-interagit-a-la-milan-design-week\/#breadcrumb"},"inLanguage":"en-US","potentialAction":[{"@type":"ReadAction","target":["https:\/\/leherpeurparis.com\/en\/non-classifiee\/loeil-la-mode-interagit-a-la-milan-design-week\/"]}]},{"@type":"ImageObject","inLanguage":"en-US","@id":"https:\/\/leherpeurparis.com\/en\/non-classifiee\/loeil-la-mode-interagit-a-la-milan-design-week\/#primaryimage","url":"https:\/\/leherpeurparis.com\/wp-content\/uploads\/2025\/04\/Frame-1192-2.png","contentUrl":"https:\/\/leherpeurparis.com\/wp-content\/uploads\/2025\/04\/Frame-1192-2.png","width":1200,"height":900},{"@type":"BreadcrumbList","@id":"https:\/\/leherpeurparis.com\/en\/non-classifiee\/loeil-la-mode-interagit-a-la-milan-design-week\/#breadcrumb","itemListElement":[{"@type":"ListItem","position":1,"name":"Accueil","item":"https:\/\/leherpeurparis.com\/en\/"},{"@type":"ListItem","position":2,"name":"L\u2019\u0152il : La mode interagit \u00e0 la Milan Design Week"}]},{"@type":"WebSite","@id":"https:\/\/leherpeurparis.com\/en\/#website","url":"https:\/\/leherpeurparis.com\/en\/","name":"LeherpeurParis","description":"Consulting office - Paris and Shanghai","publisher":{"@id":"https:\/\/leherpeurparis.com\/en\/#organization"},"potentialAction":[{"@type":"SearchAction","target":{"@type":"EntryPoint","urlTemplate":"https:\/\/leherpeurparis.com\/en\/?s={search_term_string}"},"query-input":{"@type":"PropertyValueSpecification","valueRequired":true,"valueName":"search_term_string"}}],"inLanguage":"en-US"},{"@type":"Organization","@id":"https:\/\/leherpeurparis.com\/en\/#organization","name":"Leherpeur Paris","url":"https:\/\/leherpeurparis.com\/en\/","logo":{"@type":"ImageObject","inLanguage":"en-US","@id":"https:\/\/leherpeurparis.com\/en\/#\/schema\/logo\/image\/","url":"https:\/\/leherpeurparis.com\/wp-content\/uploads\/2022\/07\/Logo-Leherpeur-Paris.jpg","contentUrl":"https:\/\/leherpeurparis.com\/wp-content\/uploads\/2022\/07\/Logo-Leherpeur-Paris.jpg","width":800,"height":300,"caption":"Leherpeur Paris"},"image":{"@id":"https:\/\/leherpeurparis.com\/en\/#\/schema\/logo\/image\/"},"sameAs":["https:\/\/www.instagram.com\/leherpeurparis\/","https:\/\/www.pinterest.fr\/mlcparis\/","https:\/\/www.linkedin.com\/company\/bureauleherpeur\/"]},{"@type":"Person","@id":"https:\/\/leherpeurparis.com\/en\/#\/schema\/person\/5836b46e700c1b6bada2f21f963569bf","name":"Morgane","image":{"@type":"ImageObject","inLanguage":"en-US","@id":"https:\/\/secure.gravatar.com\/avatar\/aaef38f8fe29ef71f7e7758786a4353dd80166c3783061e2e3029314f79a2142?s=96&d=mm&r=g","url":"https:\/\/secure.gravatar.com\/avatar\/aaef38f8fe29ef71f7e7758786a4353dd80166c3783061e2e3029314f79a2142?s=96&d=mm&r=g","contentUrl":"https:\/\/secure.gravatar.com\/avatar\/aaef38f8fe29ef71f7e7758786a4353dd80166c3783061e2e3029314f79a2142?s=96&d=mm&r=g","caption":"Morgane"},"url":"https:\/\/leherpeurparis.com\/en\/author\/webmasterwa\/"}]}},"_links":{"self":[{"href":"https:\/\/leherpeurparis.com\/en\/wp-json\/wp\/v2\/posts\/5320","targetHints":{"allow":["GET"]}}],"collection":[{"href":"https:\/\/leherpeurparis.com\/en\/wp-json\/wp\/v2\/posts"}],"about":[{"href":"https:\/\/leherpeurparis.com\/en\/wp-json\/wp\/v2\/types\/post"}],"author":[{"embeddable":true,"href":"https:\/\/leherpeurparis.com\/en\/wp-json\/wp\/v2\/users\/3"}],"replies":[{"embeddable":true,"href":"https:\/\/leherpeurparis.com\/en\/wp-json\/wp\/v2\/comments?post=5320"}],"version-history":[{"count":12,"href":"https:\/\/leherpeurparis.com\/en\/wp-json\/wp\/v2\/posts\/5320\/revisions"}],"predecessor-version":[{"id":5362,"href":"https:\/\/leherpeurparis.com\/en\/wp-json\/wp\/v2\/posts\/5320\/revisions\/5362"}],"wp:featuredmedia":[{"embeddable":true,"href":"https:\/\/leherpeurparis.com\/en\/wp-json\/wp\/v2\/media\/5321"}],"wp:attachment":[{"href":"https:\/\/leherpeurparis.com\/en\/wp-json\/wp\/v2\/media?parent=5320"}],"wp:term":[{"taxonomy":"category","embeddable":true,"href":"https:\/\/leherpeurparis.com\/en\/wp-json\/wp\/v2\/categories?post=5320"},{"taxonomy":"post_tag","embeddable":true,"href":"https:\/\/leherpeurparis.com\/en\/wp-json\/wp\/v2\/tags?post=5320"}],"curies":[{"name":"wp","href":"https:\/\/api.w.org\/{rel}","templated":true}]}}