{"id":433,"date":"2017-09-10T00:00:00","date_gmt":"2017-09-09T22:00:00","guid":{"rendered":"https:\/\/leherpeurparis.com\/2017\/09\/10\/les-grands-parisiens-i-esthetiques-peripheriques\/"},"modified":"2021-08-09T16:30:11","modified_gmt":"2021-08-09T14:30:11","slug":"les-grands-parisiens-i-esthetiques-peripheriques","status":"publish","type":"post","link":"https:\/\/leherpeurparis.com\/en\/non-classifiee\/les-grands-parisiens-i-esthetiques-peripheriques\/","title":{"rendered":"Les Grands Parisiens, esth\u00e9tiques p\u00e9riph\u00e9riques"},"content":{"rendered":"<div id=\"attachment_2052\" style=\"width: 564px\" class=\"wp-caption alignnone\"><a href=\"https:\/\/leherpeurparis.com\/wp-content\/uploads\/2020\/04\/56af478d1fc20504946e8241bf16fdeb.jpg\"><img loading=\"lazy\" decoding=\"async\" aria-describedby=\"caption-attachment-2052\" class=\"wp-image-2052 \" src=\"https:\/\/leherpeurparis.com\/wp-content\/uploads\/2020\/04\/56af478d1fc20504946e8241bf16fdeb.jpg\" alt=\"\" width=\"554\" height=\"371\"><\/a><p id=\"caption-attachment-2052\" class=\"wp-caption-text\">Givenchy &#8211; Resort 2018<\/p><\/div>\n<p>Le sujet de la banlieue n&#8217;est pas nouveau. Les papiers qui se sont attel\u00e9s \u00e0 traiter de l\u2019engouement esth\u00e9tique pour celle-ci pourraient donner le sentiment d\u2019en avoir d\u00e9j\u00e0 fait le tour. N\u00e9anmoins s\u2019il y a trois ans, celle-ci s&#8217;invitait&nbsp;timidement dans les \u00e9ditoriaux et les photoshoots, aujourd\u2019hui, elle a presque envahi l\u2019univers de la mode et du luxe, devenant un vrai ph\u00e9nom\u00e8ne de fond. \u00c9clatant les fronti\u00e8res, imposant de nouveaux rapports de forces, de nouveaux contrastes, la banlieue am\u00e8ne du relief, de la brutalit\u00e9 et de la densit\u00e9 \u00e0 des&nbsp;milieux qui arrivaient \u00e0 court d\u2019inspiration.<\/p>\n<p>Alors&nbsp;oui, l\u2019int\u00e9r\u00eat pour celle-ci&nbsp;n\u2019est pas nouveau. Les architectures brutalistes, massives et imposantes de l\u2019apr\u00e8s-guerre en d\u00e9cor de fond des shoots l\u00e9ch\u00e9s, non plus. Mais ce qu\u2019il y a de nouveau, d\u00e9sormais, c\u2019est qu&#8217;elle&nbsp;ne pla\u00eet plus seulement pour cette touche grin\u00e7ante et irr\u00e9v\u00e9rente qu\u2019elle amenait \u00e0 des milieux cr\u00e9atifs antipodiques, mais pour ce qu\u2019elle a \u00e0 l\u2019int\u00e9rieur. Un fourmillement cr\u00e9atif qui en \u00e9mane et qui&nbsp;cr\u00e9e du beau dans ce qui d\u2019apparence ne r\u00e9pond pas aux normes archa\u00efques de ce qui s\u2019apparente comme tel.<\/p>\n<p><strong>ESTH\u00c9TIQUES EN BLOCS<\/strong><\/p>\n<div id=\"attachment_2046\" style=\"width: 765px\" class=\"wp-caption alignnone\"><img loading=\"lazy\" decoding=\"async\" aria-describedby=\"caption-attachment-2046\" class=\"wp-image-2046 \" src=\"https:\/\/leherpeurparis.com\/wp-content\/uploads\/2020\/04\/blocbrut.jpg\" alt=\"\" width=\"755\" height=\"187\"><p id=\"caption-attachment-2046\" class=\"wp-caption-text\">Nicolas Oran &#8211; Sasha Kurmaz &#8211; Laurent Kronental<\/p><\/div>\n<p>Longtemps vilipend\u00e9e pour ses infrastructures massives, al\u00e9atoires et originales, la banlieue alimente, aujourd\u2019hui, par ces m\u00eames architectures, les inspirations photographiques, vid\u00e9ographiques et autres. Pour rappel, le brutalisme&nbsp;est un style architectural&nbsp;issu du&nbsp;modernisme. C\u00e9l\u00e8bre et plut\u00f4t impopulaire dans les&nbsp;ann\u00e9es 1950&nbsp;et&nbsp;1970, il compile toutes les constructions dites &#8220;laides&#8221;, en b\u00e9ton, parmi lesquelles la Cit\u00e9 Radieuse du Corbusier, les Choux cristoliens de G\u00e9rard Grandval ou encore le centre de la danse de Pantin de Jacques Kalisz.<\/p>\n<p>Le regain r\u00e9cent pour cette forme d&#8217;architecture&nbsp;a permis de r\u00e9v\u00e9ler des p\u00e9pites&nbsp;souvent bien cach\u00e9es au fin fond des p\u00e9riph\u00e9ries. Les utopies cr\u00e9atives des architectes, qui ont assign\u00e9 leurs marques dans ces espaces, pr\u00e9c\u00e8dent celles des g\u00e9n\u00e9rations actuelles. Pas d\u00e9sillusionn\u00e9es, mais avec un rapport plus rude, plus brutal \u00e0&nbsp;la r\u00e9alit\u00e9 qui g\u00e9n\u00e8re une affinit\u00e9 nouvelle \u00e0 la notion de beau. Le beau est ailleurs. Il n&#8217;est plus&nbsp;parfait. Il a du relief, des asp\u00e9rit\u00e9s et des imperfections.<\/p>\n<p><strong>CONSTRUCTIONS BRUTES<\/strong><\/p>\n<div id=\"attachment_2048\" style=\"width: 677px\" class=\"wp-caption alignnone\"><a href=\"https:\/\/leherpeurparis.com\/wp-content\/uploads\/2020\/04\/vrusil.jpg\"><img loading=\"lazy\" decoding=\"async\" aria-describedby=\"caption-attachment-2048\" class=\"wp-image-2048 \" src=\"https:\/\/leherpeurparis.com\/wp-content\/uploads\/2020\/04\/vrusil.jpg\" alt=\"\" width=\"667\" height=\"241\"><\/a><p id=\"caption-attachment-2048\" class=\"wp-caption-text\">Balenciaga &#8211; AVOC &#8211; Y\/project<\/p><\/div>\n<p>Par ailleurs, les derniers d\u00e9fil\u00e9s et pr\u00e9sentations donnent le sentiment que les architectures brutalistes se sont d\u00e9port\u00e9es sur les catwalks pour h\u00e9berger les corps. Elles nourrissent des constructions de silhouettes pens\u00e9es comme des blocs, des \u00e9paules carr\u00e9es, massives, des jeux d\u2019extr\u00eames longueurs, rigides et des gammes de couleurs gris\u00e9es, b\u00e9tonn\u00e9es. Des nouveaux mix entre tailoring et sportwear qui illustrent la fusion des univers, ainsi que des nouveaux it-accessoires, mieux connus comme embl\u00e8mes des banlieues (claquettes, bananes, sacoches bandouli\u00e8res\u2026).<\/p>\n<p><strong>LIFE FROM THE BLOCKS<\/strong><\/p>\n<p>Si les lignes architecturales inspirent, la vie qui&nbsp;s\u2019y passe \u00e0 l\u2019int\u00e9rieur aussi. Un r\u00e9el besoin se manifeste&nbsp;: celui de r\u00e9v\u00e9ler la banlieue dans tout ce qu\u2019elle a d\u2019optimiste, de f\u00e9d\u00e9rateur, de cr\u00e9atif et de sinc\u00e8re. Une volont\u00e9 qui d\u00e9passe l\u2019unique int\u00e9r\u00eat pour l&#8217;architecture.&nbsp;Elle&nbsp;va plus loin ; celle de d\u00e9celer ce qui compose ces p\u00e9riph\u00e9ries, les nouvelles \u00e9nergies, synergies. Des lieux qui regorgent de tr\u00e9sors. Des gens qui r\u00e9veillent des esth\u00e9tiques, celle de la d\u00e9brouille, du syst\u00e8me D.<\/p>\n<p>Une volont\u00e9 de s\u2019arr\u00eater sur les gens, les personnalit\u00e9s qui y vivent. Aux vies qui s\u2019y d\u00e9ploient, \u00e0 celle qui se construit. \u00c0 cette cr\u00e9ation qui grouille et qui excelle&nbsp;dans la mani\u00e8re de puiser des ressources dans un environnement o\u00f9 il y en a peu. Pour en offrir beaucoup.<\/p>\n<div id=\"attachment_2047\" style=\"width: 636px\" class=\"wp-caption alignnone\"><img loading=\"lazy\" decoding=\"async\" aria-describedby=\"caption-attachment-2047\" class=\"wp-image-2047 \" src=\"https:\/\/leherpeurparis.com\/wp-content\/uploads\/2020\/04\/ban.jpg\" alt=\"\" width=\"626\" height=\"237\"><p id=\"caption-attachment-2047\" class=\"wp-caption-text\">s\u00e9rie photos Marvin Bonheur &#8211; la banlieue comme on ne l&#8217;a jamais vu &amp; L\u00e9a D&#8217;Oriano pour i-D magazine<\/p><\/div>\n<p>&nbsp;<\/p>\n","protected":false},"excerpt":{"rendered":"<p>Le sujet de la banlieue n&#8217;est pas nouveau. Les papiers qui se sont attel\u00e9s \u00e0 traiter de l\u2019engouement esth\u00e9tique pour celle-ci pourraient donner le sentiment d\u2019en avoir d\u00e9j\u00e0 fait le [&hellip;]<\/p>\n","protected":false},"author":2,"featured_media":434,"comment_status":"open","ping_status":"open","sticky":false,"template":"","format":"standard","meta":{"_acf_changed":false,"footnotes":""},"categories":[1],"tags":[],"class_list":["post-433","post","type-post","status-publish","format-standard","has-post-thumbnail","hentry","category-non-classifiee"],"acf":[],"yoast_head":"<!-- This site is optimized with the Yoast SEO plugin v27.5 - https:\/\/yoast.com\/product\/yoast-seo-wordpress\/ -->\n<title>Les Grands Parisiens, esth\u00e9tiques p\u00e9riph\u00e9riques | LeherpeurParis<\/title>\n<meta name=\"robots\" content=\"index, follow, max-snippet:-1, max-image-preview:large, max-video-preview:-1\" \/>\n<link rel=\"canonical\" href=\"https:\/\/leherpeurparis.com\/en\/non-classifiee\/les-grands-parisiens-i-esthetiques-peripheriques\/\" \/>\n<meta property=\"og:locale\" content=\"en_US\" \/>\n<meta property=\"og:type\" content=\"article\" \/>\n<meta property=\"og:title\" content=\"Les Grands Parisiens, esth\u00e9tiques p\u00e9riph\u00e9riques | LeherpeurParis\" \/>\n<meta property=\"og:description\" content=\"Le sujet de la banlieue n&#8217;est pas nouveau. Les papiers qui se sont attel\u00e9s \u00e0 traiter de l\u2019engouement esth\u00e9tique pour celle-ci pourraient donner le sentiment d\u2019en avoir d\u00e9j\u00e0 fait le [&hellip;]\" \/>\n<meta property=\"og:url\" content=\"https:\/\/leherpeurparis.com\/en\/non-classifiee\/les-grands-parisiens-i-esthetiques-peripheriques\/\" \/>\n<meta property=\"og:site_name\" content=\"LeherpeurParis\" \/>\n<meta property=\"article:published_time\" content=\"2017-09-09T22:00:00+00:00\" \/>\n<meta property=\"article:modified_time\" content=\"2021-08-09T14:30:11+00:00\" \/>\n<meta property=\"og:image\" content=\"https:\/\/leherpeurparis.com\/wp-content\/uploads\/2020\/04\/56af478d1fc20504946e8241bf16fdeb.jpg\" \/>\n\t<meta property=\"og:image:width\" content=\"521\" \/>\n\t<meta property=\"og:image:height\" content=\"349\" \/>\n\t<meta property=\"og:image:type\" content=\"image\/jpeg\" \/>\n<meta name=\"author\" content=\"Simon\" \/>\n<meta name=\"twitter:card\" content=\"summary_large_image\" \/>\n<meta name=\"twitter:label1\" content=\"Written by\" \/>\n\t<meta name=\"twitter:data1\" content=\"Simon\" \/>\n\t<meta name=\"twitter:label2\" content=\"Est. reading time\" \/>\n\t<meta name=\"twitter:data2\" content=\"4 minutes\" \/>\n<script type=\"application\/ld+json\" class=\"yoast-schema-graph\">{\"@context\":\"https:\\\/\\\/schema.org\",\"@graph\":[{\"@type\":\"Article\",\"@id\":\"https:\\\/\\\/leherpeurparis.com\\\/en\\\/non-classifiee\\\/les-grands-parisiens-i-esthetiques-peripheriques\\\/#article\",\"isPartOf\":{\"@id\":\"https:\\\/\\\/leherpeurparis.com\\\/en\\\/non-classifiee\\\/les-grands-parisiens-i-esthetiques-peripheriques\\\/\"},\"author\":{\"name\":\"Simon\",\"@id\":\"https:\\\/\\\/leherpeurparis.com\\\/en\\\/#\\\/schema\\\/person\\\/27c01fe4e84a72cc2d259d4baa3576ae\"},\"headline\":\"Les Grands Parisiens, esth\u00e9tiques p\u00e9riph\u00e9riques\",\"datePublished\":\"2017-09-09T22:00:00+00:00\",\"dateModified\":\"2021-08-09T14:30:11+00:00\",\"mainEntityOfPage\":{\"@id\":\"https:\\\/\\\/leherpeurparis.com\\\/en\\\/non-classifiee\\\/les-grands-parisiens-i-esthetiques-peripheriques\\\/\"},\"wordCount\":757,\"commentCount\":0,\"publisher\":{\"@id\":\"https:\\\/\\\/leherpeurparis.com\\\/en\\\/#organization\"},\"image\":{\"@id\":\"https:\\\/\\\/leherpeurparis.com\\\/en\\\/non-classifiee\\\/les-grands-parisiens-i-esthetiques-peripheriques\\\/#primaryimage\"},\"thumbnailUrl\":\"https:\\\/\\\/leherpeurparis.com\\\/wp-content\\\/uploads\\\/2020\\\/04\\\/56af478d1fc20504946e8241bf16fdeb.jpg\",\"articleSection\":[\"Non classifi\u00e9(e)\"],\"inLanguage\":\"en-US\",\"potentialAction\":[{\"@type\":\"CommentAction\",\"name\":\"Comment\",\"target\":[\"https:\\\/\\\/leherpeurparis.com\\\/en\\\/non-classifiee\\\/les-grands-parisiens-i-esthetiques-peripheriques\\\/#respond\"]}]},{\"@type\":\"WebPage\",\"@id\":\"https:\\\/\\\/leherpeurparis.com\\\/en\\\/non-classifiee\\\/les-grands-parisiens-i-esthetiques-peripheriques\\\/\",\"url\":\"https:\\\/\\\/leherpeurparis.com\\\/en\\\/non-classifiee\\\/les-grands-parisiens-i-esthetiques-peripheriques\\\/\",\"name\":\"Les Grands Parisiens, esth\u00e9tiques p\u00e9riph\u00e9riques | LeherpeurParis\",\"isPartOf\":{\"@id\":\"https:\\\/\\\/leherpeurparis.com\\\/en\\\/#website\"},\"primaryImageOfPage\":{\"@id\":\"https:\\\/\\\/leherpeurparis.com\\\/en\\\/non-classifiee\\\/les-grands-parisiens-i-esthetiques-peripheriques\\\/#primaryimage\"},\"image\":{\"@id\":\"https:\\\/\\\/leherpeurparis.com\\\/en\\\/non-classifiee\\\/les-grands-parisiens-i-esthetiques-peripheriques\\\/#primaryimage\"},\"thumbnailUrl\":\"https:\\\/\\\/leherpeurparis.com\\\/wp-content\\\/uploads\\\/2020\\\/04\\\/56af478d1fc20504946e8241bf16fdeb.jpg\",\"datePublished\":\"2017-09-09T22:00:00+00:00\",\"dateModified\":\"2021-08-09T14:30:11+00:00\",\"breadcrumb\":{\"@id\":\"https:\\\/\\\/leherpeurparis.com\\\/en\\\/non-classifiee\\\/les-grands-parisiens-i-esthetiques-peripheriques\\\/#breadcrumb\"},\"inLanguage\":\"en-US\",\"potentialAction\":[{\"@type\":\"ReadAction\",\"target\":[\"https:\\\/\\\/leherpeurparis.com\\\/en\\\/non-classifiee\\\/les-grands-parisiens-i-esthetiques-peripheriques\\\/\"]}]},{\"@type\":\"ImageObject\",\"inLanguage\":\"en-US\",\"@id\":\"https:\\\/\\\/leherpeurparis.com\\\/en\\\/non-classifiee\\\/les-grands-parisiens-i-esthetiques-peripheriques\\\/#primaryimage\",\"url\":\"https:\\\/\\\/leherpeurparis.com\\\/wp-content\\\/uploads\\\/2020\\\/04\\\/56af478d1fc20504946e8241bf16fdeb.jpg\",\"contentUrl\":\"https:\\\/\\\/leherpeurparis.com\\\/wp-content\\\/uploads\\\/2020\\\/04\\\/56af478d1fc20504946e8241bf16fdeb.jpg\",\"width\":521,\"height\":349},{\"@type\":\"BreadcrumbList\",\"@id\":\"https:\\\/\\\/leherpeurparis.com\\\/en\\\/non-classifiee\\\/les-grands-parisiens-i-esthetiques-peripheriques\\\/#breadcrumb\",\"itemListElement\":[{\"@type\":\"ListItem\",\"position\":1,\"name\":\"Accueil\",\"item\":\"https:\\\/\\\/leherpeurparis.com\\\/en\\\/\"},{\"@type\":\"ListItem\",\"position\":2,\"name\":\"Les Grands Parisiens, esth\u00e9tiques p\u00e9riph\u00e9riques\"}]},{\"@type\":\"WebSite\",\"@id\":\"https:\\\/\\\/leherpeurparis.com\\\/en\\\/#website\",\"url\":\"https:\\\/\\\/leherpeurparis.com\\\/en\\\/\",\"name\":\"LeherpeurParis\",\"description\":\"Consulting office - Paris and Shanghai\",\"publisher\":{\"@id\":\"https:\\\/\\\/leherpeurparis.com\\\/en\\\/#organization\"},\"potentialAction\":[{\"@type\":\"SearchAction\",\"target\":{\"@type\":\"EntryPoint\",\"urlTemplate\":\"https:\\\/\\\/leherpeurparis.com\\\/en\\\/?s={search_term_string}\"},\"query-input\":{\"@type\":\"PropertyValueSpecification\",\"valueRequired\":true,\"valueName\":\"search_term_string\"}}],\"inLanguage\":\"en-US\"},{\"@type\":\"Organization\",\"@id\":\"https:\\\/\\\/leherpeurparis.com\\\/en\\\/#organization\",\"name\":\"Leherpeur Paris\",\"url\":\"https:\\\/\\\/leherpeurparis.com\\\/en\\\/\",\"logo\":{\"@type\":\"ImageObject\",\"inLanguage\":\"en-US\",\"@id\":\"https:\\\/\\\/leherpeurparis.com\\\/en\\\/#\\\/schema\\\/logo\\\/image\\\/\",\"url\":\"https:\\\/\\\/leherpeurparis.com\\\/wp-content\\\/uploads\\\/2022\\\/07\\\/Logo-Leherpeur-Paris.jpg\",\"contentUrl\":\"https:\\\/\\\/leherpeurparis.com\\\/wp-content\\\/uploads\\\/2022\\\/07\\\/Logo-Leherpeur-Paris.jpg\",\"width\":800,\"height\":300,\"caption\":\"Leherpeur Paris\"},\"image\":{\"@id\":\"https:\\\/\\\/leherpeurparis.com\\\/en\\\/#\\\/schema\\\/logo\\\/image\\\/\"},\"sameAs\":[\"https:\\\/\\\/www.instagram.com\\\/leherpeurparis\\\/\",\"https:\\\/\\\/www.pinterest.fr\\\/mlcparis\\\/\",\"https:\\\/\\\/www.linkedin.com\\\/company\\\/bureauleherpeur\\\/\"]},{\"@type\":\"Person\",\"@id\":\"https:\\\/\\\/leherpeurparis.com\\\/en\\\/#\\\/schema\\\/person\\\/27c01fe4e84a72cc2d259d4baa3576ae\",\"name\":\"Simon\",\"image\":{\"@type\":\"ImageObject\",\"inLanguage\":\"en-US\",\"@id\":\"https:\\\/\\\/secure.gravatar.com\\\/avatar\\\/1a29c5ce3ebd4e31a16bdc89f155e5ec147c35b0effb4174a77f34f9499ec2a8?s=96&d=mm&r=g\",\"url\":\"https:\\\/\\\/secure.gravatar.com\\\/avatar\\\/1a29c5ce3ebd4e31a16bdc89f155e5ec147c35b0effb4174a77f34f9499ec2a8?s=96&d=mm&r=g\",\"contentUrl\":\"https:\\\/\\\/secure.gravatar.com\\\/avatar\\\/1a29c5ce3ebd4e31a16bdc89f155e5ec147c35b0effb4174a77f34f9499ec2a8?s=96&d=mm&r=g\",\"caption\":\"Simon\"},\"url\":\"https:\\\/\\\/leherpeurparis.com\\\/en\\\/author\\\/adminleherpeur\\\/\"}]}<\/script>\n<!-- \/ Yoast SEO plugin. -->","yoast_head_json":{"title":"Les Grands Parisiens, esth\u00e9tiques p\u00e9riph\u00e9riques | LeherpeurParis","robots":{"index":"index","follow":"follow","max-snippet":"max-snippet:-1","max-image-preview":"max-image-preview:large","max-video-preview":"max-video-preview:-1"},"canonical":"https:\/\/leherpeurparis.com\/en\/non-classifiee\/les-grands-parisiens-i-esthetiques-peripheriques\/","og_locale":"en_US","og_type":"article","og_title":"Les Grands Parisiens, esth\u00e9tiques p\u00e9riph\u00e9riques | LeherpeurParis","og_description":"Le sujet de la banlieue n&#8217;est pas nouveau. Les papiers qui se sont attel\u00e9s \u00e0 traiter de l\u2019engouement esth\u00e9tique pour celle-ci pourraient donner le sentiment d\u2019en avoir d\u00e9j\u00e0 fait le [&hellip;]","og_url":"https:\/\/leherpeurparis.com\/en\/non-classifiee\/les-grands-parisiens-i-esthetiques-peripheriques\/","og_site_name":"LeherpeurParis","article_published_time":"2017-09-09T22:00:00+00:00","article_modified_time":"2021-08-09T14:30:11+00:00","og_image":[{"width":521,"height":349,"url":"https:\/\/leherpeurparis.com\/wp-content\/uploads\/2020\/04\/56af478d1fc20504946e8241bf16fdeb.jpg","type":"image\/jpeg"}],"author":"Simon","twitter_card":"summary_large_image","twitter_misc":{"Written by":"Simon","Est. reading time":"4 minutes"},"schema":{"@context":"https:\/\/schema.org","@graph":[{"@type":"Article","@id":"https:\/\/leherpeurparis.com\/en\/non-classifiee\/les-grands-parisiens-i-esthetiques-peripheriques\/#article","isPartOf":{"@id":"https:\/\/leherpeurparis.com\/en\/non-classifiee\/les-grands-parisiens-i-esthetiques-peripheriques\/"},"author":{"name":"Simon","@id":"https:\/\/leherpeurparis.com\/en\/#\/schema\/person\/27c01fe4e84a72cc2d259d4baa3576ae"},"headline":"Les Grands Parisiens, esth\u00e9tiques p\u00e9riph\u00e9riques","datePublished":"2017-09-09T22:00:00+00:00","dateModified":"2021-08-09T14:30:11+00:00","mainEntityOfPage":{"@id":"https:\/\/leherpeurparis.com\/en\/non-classifiee\/les-grands-parisiens-i-esthetiques-peripheriques\/"},"wordCount":757,"commentCount":0,"publisher":{"@id":"https:\/\/leherpeurparis.com\/en\/#organization"},"image":{"@id":"https:\/\/leherpeurparis.com\/en\/non-classifiee\/les-grands-parisiens-i-esthetiques-peripheriques\/#primaryimage"},"thumbnailUrl":"https:\/\/leherpeurparis.com\/wp-content\/uploads\/2020\/04\/56af478d1fc20504946e8241bf16fdeb.jpg","articleSection":["Non classifi\u00e9(e)"],"inLanguage":"en-US","potentialAction":[{"@type":"CommentAction","name":"Comment","target":["https:\/\/leherpeurparis.com\/en\/non-classifiee\/les-grands-parisiens-i-esthetiques-peripheriques\/#respond"]}]},{"@type":"WebPage","@id":"https:\/\/leherpeurparis.com\/en\/non-classifiee\/les-grands-parisiens-i-esthetiques-peripheriques\/","url":"https:\/\/leherpeurparis.com\/en\/non-classifiee\/les-grands-parisiens-i-esthetiques-peripheriques\/","name":"Les Grands Parisiens, esth\u00e9tiques p\u00e9riph\u00e9riques | LeherpeurParis","isPartOf":{"@id":"https:\/\/leherpeurparis.com\/en\/#website"},"primaryImageOfPage":{"@id":"https:\/\/leherpeurparis.com\/en\/non-classifiee\/les-grands-parisiens-i-esthetiques-peripheriques\/#primaryimage"},"image":{"@id":"https:\/\/leherpeurparis.com\/en\/non-classifiee\/les-grands-parisiens-i-esthetiques-peripheriques\/#primaryimage"},"thumbnailUrl":"https:\/\/leherpeurparis.com\/wp-content\/uploads\/2020\/04\/56af478d1fc20504946e8241bf16fdeb.jpg","datePublished":"2017-09-09T22:00:00+00:00","dateModified":"2021-08-09T14:30:11+00:00","breadcrumb":{"@id":"https:\/\/leherpeurparis.com\/en\/non-classifiee\/les-grands-parisiens-i-esthetiques-peripheriques\/#breadcrumb"},"inLanguage":"en-US","potentialAction":[{"@type":"ReadAction","target":["https:\/\/leherpeurparis.com\/en\/non-classifiee\/les-grands-parisiens-i-esthetiques-peripheriques\/"]}]},{"@type":"ImageObject","inLanguage":"en-US","@id":"https:\/\/leherpeurparis.com\/en\/non-classifiee\/les-grands-parisiens-i-esthetiques-peripheriques\/#primaryimage","url":"https:\/\/leherpeurparis.com\/wp-content\/uploads\/2020\/04\/56af478d1fc20504946e8241bf16fdeb.jpg","contentUrl":"https:\/\/leherpeurparis.com\/wp-content\/uploads\/2020\/04\/56af478d1fc20504946e8241bf16fdeb.jpg","width":521,"height":349},{"@type":"BreadcrumbList","@id":"https:\/\/leherpeurparis.com\/en\/non-classifiee\/les-grands-parisiens-i-esthetiques-peripheriques\/#breadcrumb","itemListElement":[{"@type":"ListItem","position":1,"name":"Accueil","item":"https:\/\/leherpeurparis.com\/en\/"},{"@type":"ListItem","position":2,"name":"Les Grands Parisiens, esth\u00e9tiques p\u00e9riph\u00e9riques"}]},{"@type":"WebSite","@id":"https:\/\/leherpeurparis.com\/en\/#website","url":"https:\/\/leherpeurparis.com\/en\/","name":"LeherpeurParis","description":"Consulting office - Paris and Shanghai","publisher":{"@id":"https:\/\/leherpeurparis.com\/en\/#organization"},"potentialAction":[{"@type":"SearchAction","target":{"@type":"EntryPoint","urlTemplate":"https:\/\/leherpeurparis.com\/en\/?s={search_term_string}"},"query-input":{"@type":"PropertyValueSpecification","valueRequired":true,"valueName":"search_term_string"}}],"inLanguage":"en-US"},{"@type":"Organization","@id":"https:\/\/leherpeurparis.com\/en\/#organization","name":"Leherpeur Paris","url":"https:\/\/leherpeurparis.com\/en\/","logo":{"@type":"ImageObject","inLanguage":"en-US","@id":"https:\/\/leherpeurparis.com\/en\/#\/schema\/logo\/image\/","url":"https:\/\/leherpeurparis.com\/wp-content\/uploads\/2022\/07\/Logo-Leherpeur-Paris.jpg","contentUrl":"https:\/\/leherpeurparis.com\/wp-content\/uploads\/2022\/07\/Logo-Leherpeur-Paris.jpg","width":800,"height":300,"caption":"Leherpeur Paris"},"image":{"@id":"https:\/\/leherpeurparis.com\/en\/#\/schema\/logo\/image\/"},"sameAs":["https:\/\/www.instagram.com\/leherpeurparis\/","https:\/\/www.pinterest.fr\/mlcparis\/","https:\/\/www.linkedin.com\/company\/bureauleherpeur\/"]},{"@type":"Person","@id":"https:\/\/leherpeurparis.com\/en\/#\/schema\/person\/27c01fe4e84a72cc2d259d4baa3576ae","name":"Simon","image":{"@type":"ImageObject","inLanguage":"en-US","@id":"https:\/\/secure.gravatar.com\/avatar\/1a29c5ce3ebd4e31a16bdc89f155e5ec147c35b0effb4174a77f34f9499ec2a8?s=96&d=mm&r=g","url":"https:\/\/secure.gravatar.com\/avatar\/1a29c5ce3ebd4e31a16bdc89f155e5ec147c35b0effb4174a77f34f9499ec2a8?s=96&d=mm&r=g","contentUrl":"https:\/\/secure.gravatar.com\/avatar\/1a29c5ce3ebd4e31a16bdc89f155e5ec147c35b0effb4174a77f34f9499ec2a8?s=96&d=mm&r=g","caption":"Simon"},"url":"https:\/\/leherpeurparis.com\/en\/author\/adminleherpeur\/"}]}},"_links":{"self":[{"href":"https:\/\/leherpeurparis.com\/en\/wp-json\/wp\/v2\/posts\/433","targetHints":{"allow":["GET"]}}],"collection":[{"href":"https:\/\/leherpeurparis.com\/en\/wp-json\/wp\/v2\/posts"}],"about":[{"href":"https:\/\/leherpeurparis.com\/en\/wp-json\/wp\/v2\/types\/post"}],"author":[{"embeddable":true,"href":"https:\/\/leherpeurparis.com\/en\/wp-json\/wp\/v2\/users\/2"}],"replies":[{"embeddable":true,"href":"https:\/\/leherpeurparis.com\/en\/wp-json\/wp\/v2\/comments?post=433"}],"version-history":[{"count":1,"href":"https:\/\/leherpeurparis.com\/en\/wp-json\/wp\/v2\/posts\/433\/revisions"}],"predecessor-version":[{"id":1315,"href":"https:\/\/leherpeurparis.com\/en\/wp-json\/wp\/v2\/posts\/433\/revisions\/1315"}],"wp:featuredmedia":[{"embeddable":true,"href":"https:\/\/leherpeurparis.com\/en\/wp-json\/wp\/v2\/media\/434"}],"wp:attachment":[{"href":"https:\/\/leherpeurparis.com\/en\/wp-json\/wp\/v2\/media?parent=433"}],"wp:term":[{"taxonomy":"category","embeddable":true,"href":"https:\/\/leherpeurparis.com\/en\/wp-json\/wp\/v2\/categories?post=433"},{"taxonomy":"post_tag","embeddable":true,"href":"https:\/\/leherpeurparis.com\/en\/wp-json\/wp\/v2\/tags?post=433"}],"curies":[{"name":"wp","href":"https:\/\/api.w.org\/{rel}","templated":true}]}}