{"id":401,"date":"2017-07-19T00:00:00","date_gmt":"2017-07-18T22:00:00","guid":{"rendered":"https:\/\/leherpeurparis.com\/2017\/07\/19\/les-grands-parisiens-youssouf-fofana-maison-chateau-rouge\/"},"modified":"2017-07-19T00:00:00","modified_gmt":"2017-07-18T22:00:00","slug":"les-grands-parisiens-youssouf-fofana-maison-chateau-rouge","status":"publish","type":"post","link":"https:\/\/leherpeurparis.com\/en\/non-classifiee\/les-grands-parisiens-youssouf-fofana-maison-chateau-rouge\/","title":{"rendered":"LES GRANDS PARISIENS \/\/ YOUSSOUF FOFANA, &#8216;MAISON CH\u00c2TEAU ROUGE&#8217;"},"content":{"rendered":"<p><strong><a href=\"https:\/\/leherpeurparis.com\/wp-content\/uploads\/2020\/04\/DSCF9079.jpg\"><img loading=\"lazy\" decoding=\"async\" class=\"alignnone wp-image-1978\" src=\"https:\/\/leherpeurparis.com\/wp-content\/uploads\/2020\/04\/DSCF9079.jpg\" alt=\"\" width=\"608\" height=\"405\" \/><\/a> \u00a0\u00a0<\/strong><\/p>\n<p>Dans le cadre de notre conf\u00e9rence \u2018Les Grands Parisiens\u2019, nous sommes all\u00e9s \u00e0 la rencontre de parisiens intra et extra-muros qui font voir la vie en Grand. Nous partageons les histoires de celles et ceux que nous avons\u00a0interview\u00e9.<\/p>\n<p>Nous suivons l\u2019\u00e9volution du label parisien &#8216;Maison Ch\u00e2teau Rouge&#8217; depuis le d\u00e9but. Aujourd\u2019hui, c\u2019est avec fiert\u00e9 que nous nous sommes rendus au sein de leur boutique. Un espace color\u00e9 et m\u00e9tiss\u00e9, riche de dynamisme et de maturit\u00e9\u2026\u00e0 l\u2019image de son co-fondateur Youssouf Fofana. Rencontre.<\/p>\n<p><strong>MON HISTOIRE<\/strong><\/p>\n<p>Je m\u2019appelle Youssouf, j\u2019ai 28 ans. J\u2019ai lanc\u00e9 il y a deux ans, les Oiseaux Migrateurs avec mon fr\u00e8re, une association qui permet de financer des projets au S\u00e9n\u00e9gal, le pays d\u2019origine de mes parents. En\u00a0parall\u00e8le, nous avons cr\u00e9\u00e9 notre marque de v\u00eatements Maison Ch\u00e2teau Rouge, lanc\u00e9e en mai 2015.<\/p>\n<p><strong>MAISON CH\u00c2TEAU ROUGE<\/strong><\/p>\n<p>Nous avons d\u00e9marr\u00e9 avec un simple site internet pour vendre nos premiers tops en wax, sans penser que \u00e7a allait prendre. Aujourd\u2019hui, notre marque Maison Ch\u00e2teau Rouge est vendue chez Merci, au Bon March\u00e9, aux Galeries Lafayette\u2026Elle est \u00e9galement pr\u00e9sente \u00e0 l\u2019international : aux USA, en Australie, \u00e0 Copenhague, au Japon, en Chine\u2026Cela fait deux ans que je n\u2019ai pas fait de pause. C\u2019est \u00e0 la fois tr\u00e8s excitant et \u00e0 chaque fois, je me demande ce qui va se passer, si je vais \u00eatre capable de relever le d\u00e9fi ! D\u00e8s que j\u2019ai des \u00e9ch\u00e9ances importantes, je ne me coupe pas les cheveux durant toute cette p\u00e9riode. J\u2019ai besoin de cela pour garder le cap. Une fois cette \u00e9tape pass\u00e9e, je me rase les cheveux et je passe \u00e0 autre chose.<\/p>\n<p><strong><img loading=\"lazy\" decoding=\"async\" class=\"alignnone wp-image-1982\" src=\"https:\/\/leherpeurparis.com\/wp-content\/uploads\/2020\/04\/DSCF9143.jpg\" alt=\"\" width=\"345\" height=\"518\" \/>\u00a0\u00a0<img loading=\"lazy\" decoding=\"async\" class=\"alignnone wp-image-1981\" src=\"https:\/\/leherpeurparis.com\/wp-content\/uploads\/2020\/04\/DSCF9135.jpg\" alt=\"\" width=\"345\" height=\"517\" \/><\/strong><\/p>\n<p><strong>MON STYLE<\/strong><\/p>\n<p>De la m\u00eame fa\u00e7on que la parole est la prolongation de l\u2019esprit, pour moi, le v\u00eatement, refl\u00e8te ce que l\u2019on a en nous, de ce que l&#8217;on est. Mon style est un carrefour culturel, un mix d\u2019influences. Je m\u2019amuse toujours \u00e0 mixer une pi\u00e8ce africaine avec d\u2019autres pi\u00e8ces plus classiques. Je vis en Banlieue \u00e0 Villepinte. Ce qui est dr\u00f4le, c\u2019est que mes potes m\u2019appellent le mec de Paname alors qu\u2019\u00e0 l\u2019\u00e9cole, \u00e0 Paris, dans le 18\u00e8me, j\u2019\u00e9tais consid\u00e9r\u00e9 comme un mec de banlieue. Avant, il pouvait y avoir un vrai foss\u00e9 entre le look parisien et le look de banlieusard. Avec les r\u00e9seaux sociaux, cette diff\u00e9rence tend \u00e0 dispara\u00eetre. En effet, tout le monde peut aujourd\u2019hui avoir acc\u00e8s \u00e0 l\u2019image, \u00e0 l\u2019information et \u00e0 ce qui est tendance \u00e0 Paris en ce moment.<\/p>\n<p><strong>LE QUARTIER DE LA GOUTTE D\u2019OR<\/strong><\/p>\n<p>J\u2019ai choisi la rue Myrrha pour installer ma boutique. La Goutte d\u2019or, c\u2019est un vrai petit village. Les commer\u00e7ants et les habitants \u00e9changent beaucoup. L\u2019\u00e9nergie est palpable. Pour moi, c\u2019est le dernier quartier populaire de Paris. Je ne connais aucune capitale o\u00f9 un tel mixage culturel est possible. Ici, toutes les origines se m\u00e9langent. C\u2019est beau et fort.<\/p>\n<p><strong><a href=\"https:\/\/leherpeurparis.com\/wp-content\/uploads\/2020\/04\/DSCF9099.jpg\"><img loading=\"lazy\" decoding=\"async\" class=\"alignnone wp-image-1979\" src=\"https:\/\/leherpeurparis.com\/wp-content\/uploads\/2020\/04\/DSCF9099.jpg\" alt=\"\" width=\"607\" height=\"404\" \/><\/a><\/strong><\/p>\n<p><strong>LE GRAND PARIS POUR R\u00c9DUIRE LES IN\u00c9GALIT\u00c9S<\/strong><\/p>\n<p>Gr\u00e2ce au projet du Grand Paris, j\u2019esp\u00e8re assister \u00e0 la rencontre de Paris et sa banlieue. J\u2019esp\u00e8re que le Grand Paris donnera acc\u00e8s \u00e0 la culture pour tous. On rel\u00e8ve encore trop d\u2019in\u00e9galit\u00e9s sur ce point entre les jeunes de banlieues et les jeunes de Paris. Se d\u00e9placer \u00e0 Paris pour visiter une exposition reste r\u00e9serv\u00e9 aux familles qui en ont les ressources. Si vous n\u2019en avez pas les moyens, vous pouvez tr\u00e8s vite vous retrouver clo\u00eetr\u00e9s dans les quartiers et manquer d\u2019ouverture. Si je devais tenir un r\u00f4le dans le Grand Paris de demain, je m\u2019engagerais certainement pour lutter contre les in\u00e9galit\u00e9s et les r\u00e9duire. Des hommes comme Thomas Sankara qui s\u2019est battu pour le Burkina Fasso ou Muhammad Yunus, fondateur du micro-cr\u00e9dit m\u2019inspirent \u00e9norm\u00e9ment. C\u2019est tr\u00e8s fort ce qu\u2019ils ont \u00e9t\u00e9 capables de faire. Aujourd\u2019hui, les in\u00e9galit\u00e9s entre les riches et les pauvres se creusent chaque jour un peu plus. On ne pas fermer les yeux l\u00e0-dessus.<\/p>\n<p>J\u2019esp\u00e8re que le Grand Paris donnera naissance \u00e0 de nouvelles zones hors de Paris, o\u00f9 se d\u00e9velopperont de nouvelles activit\u00e9s \u00e9conomiques. Cela permettrait de r\u00e9duire le ch\u00f4mage en banlieue, qui est, malheureusement, encore trop important et incitera les Parisiens \u00e0 se d\u00e9placer davantage.<\/p>\n<p>De nouveaux lieux \u2018cools\u2019 commencent \u00e0 s\u2019ouvrir hors de Paris ; je pense au 6B \u00e0 Saint-Denis. Paris commence \u00e0 s\u2019ouvrir \u00e0 l\u2019image de grandes capitales comme Berlin ou Londres.<\/p>\n<p>Pour terminer, ce projet du Grand Paris me fait penser aux rimes du rappeur M\u00e9dine qui chante dans sa chanson, Grand Paris : \u00ab\u00a0La banlieue influence Paname et Paname influence le monde\u00a0\u00bb. Pour moi la banlieue doit participer \u00e0 la construction du nouveau Paris ; c\u2019est une richesse incroyable pour Paris qu\u2019il ne faut pas n\u00e9gliger.<\/p>\n","protected":false},"excerpt":{"rendered":"<p>\u00a0\u00a0 Dans le cadre de notre conf\u00e9rence \u2018Les Grands Parisiens\u2019, nous sommes all\u00e9s \u00e0 la rencontre de parisiens intra et extra-muros qui font voir la vie en Grand. Nous partageons [&hellip;]<\/p>\n","protected":false},"author":2,"featured_media":386,"comment_status":"open","ping_status":"open","sticky":false,"template":"","format":"standard","meta":{"_acf_changed":false,"footnotes":""},"categories":[1],"tags":[],"class_list":["post-401","post","type-post","status-publish","format-standard","has-post-thumbnail","hentry","category-non-classifiee"],"acf":[],"yoast_head":"<!-- This site is optimized with the Yoast SEO plugin v27.5 - https:\/\/yoast.com\/product\/yoast-seo-wordpress\/ -->\n<title>LES GRANDS PARISIENS \/\/ YOUSSOUF FOFANA, &#039;MAISON CH\u00c2TEAU ROUGE&#039; | LeherpeurParis<\/title>\n<meta name=\"robots\" content=\"index, follow, max-snippet:-1, max-image-preview:large, max-video-preview:-1\" \/>\n<link rel=\"canonical\" href=\"https:\/\/leherpeurparis.com\/en\/non-classifiee\/les-grands-parisiens-youssouf-fofana-maison-chateau-rouge\/\" \/>\n<meta property=\"og:locale\" content=\"en_US\" \/>\n<meta property=\"og:type\" content=\"article\" \/>\n<meta property=\"og:title\" content=\"LES GRANDS PARISIENS \/\/ YOUSSOUF FOFANA, &#039;MAISON CH\u00c2TEAU ROUGE&#039; | LeherpeurParis\" \/>\n<meta property=\"og:description\" content=\"\u00a0\u00a0 Dans le cadre de notre conf\u00e9rence \u2018Les Grands Parisiens\u2019, nous sommes all\u00e9s \u00e0 la rencontre de parisiens intra et extra-muros qui font voir la vie en Grand. Nous partageons [&hellip;]\" \/>\n<meta property=\"og:url\" content=\"https:\/\/leherpeurparis.com\/en\/non-classifiee\/les-grands-parisiens-youssouf-fofana-maison-chateau-rouge\/\" \/>\n<meta property=\"og:site_name\" content=\"LeherpeurParis\" \/>\n<meta property=\"article:published_time\" content=\"2017-07-18T22:00:00+00:00\" \/>\n<meta property=\"og:image\" content=\"https:\/\/leherpeurparis.com\/wp-content\/uploads\/2020\/04\/Capture-d\u2019ecran-2017-06-25-a-20.53.43.png\" \/>\n\t<meta property=\"og:image:width\" content=\"826\" \/>\n\t<meta property=\"og:image:height\" content=\"545\" \/>\n\t<meta property=\"og:image:type\" content=\"image\/png\" \/>\n<meta name=\"author\" content=\"Simon\" \/>\n<meta name=\"twitter:card\" content=\"summary_large_image\" \/>\n<meta name=\"twitter:label1\" content=\"Written by\" \/>\n\t<meta name=\"twitter:data1\" content=\"Simon\" \/>\n\t<meta name=\"twitter:label2\" content=\"Est. reading time\" \/>\n\t<meta name=\"twitter:data2\" content=\"4 minutes\" \/>\n<script type=\"application\/ld+json\" class=\"yoast-schema-graph\">{\"@context\":\"https:\\\/\\\/schema.org\",\"@graph\":[{\"@type\":\"Article\",\"@id\":\"https:\\\/\\\/leherpeurparis.com\\\/en\\\/non-classifiee\\\/les-grands-parisiens-youssouf-fofana-maison-chateau-rouge\\\/#article\",\"isPartOf\":{\"@id\":\"https:\\\/\\\/leherpeurparis.com\\\/en\\\/non-classifiee\\\/les-grands-parisiens-youssouf-fofana-maison-chateau-rouge\\\/\"},\"author\":{\"name\":\"Simon\",\"@id\":\"https:\\\/\\\/leherpeurparis.com\\\/en\\\/#\\\/schema\\\/person\\\/27c01fe4e84a72cc2d259d4baa3576ae\"},\"headline\":\"LES GRANDS PARISIENS \\\/\\\/ YOUSSOUF FOFANA, &#8216;MAISON CH\u00c2TEAU ROUGE&#8217;\",\"datePublished\":\"2017-07-18T22:00:00+00:00\",\"mainEntityOfPage\":{\"@id\":\"https:\\\/\\\/leherpeurparis.com\\\/en\\\/non-classifiee\\\/les-grands-parisiens-youssouf-fofana-maison-chateau-rouge\\\/\"},\"wordCount\":865,\"commentCount\":0,\"publisher\":{\"@id\":\"https:\\\/\\\/leherpeurparis.com\\\/en\\\/#organization\"},\"image\":{\"@id\":\"https:\\\/\\\/leherpeurparis.com\\\/en\\\/non-classifiee\\\/les-grands-parisiens-youssouf-fofana-maison-chateau-rouge\\\/#primaryimage\"},\"thumbnailUrl\":\"https:\\\/\\\/leherpeurparis.com\\\/wp-content\\\/uploads\\\/2020\\\/04\\\/Capture-d\u2019ecran-2017-06-25-a-20.53.43.png\",\"articleSection\":[\"Non classifi\u00e9(e)\"],\"inLanguage\":\"en-US\",\"potentialAction\":[{\"@type\":\"CommentAction\",\"name\":\"Comment\",\"target\":[\"https:\\\/\\\/leherpeurparis.com\\\/en\\\/non-classifiee\\\/les-grands-parisiens-youssouf-fofana-maison-chateau-rouge\\\/#respond\"]}]},{\"@type\":\"WebPage\",\"@id\":\"https:\\\/\\\/leherpeurparis.com\\\/en\\\/non-classifiee\\\/les-grands-parisiens-youssouf-fofana-maison-chateau-rouge\\\/\",\"url\":\"https:\\\/\\\/leherpeurparis.com\\\/en\\\/non-classifiee\\\/les-grands-parisiens-youssouf-fofana-maison-chateau-rouge\\\/\",\"name\":\"LES GRANDS PARISIENS \\\/\\\/ YOUSSOUF FOFANA, 'MAISON CH\u00c2TEAU ROUGE' | LeherpeurParis\",\"isPartOf\":{\"@id\":\"https:\\\/\\\/leherpeurparis.com\\\/en\\\/#website\"},\"primaryImageOfPage\":{\"@id\":\"https:\\\/\\\/leherpeurparis.com\\\/en\\\/non-classifiee\\\/les-grands-parisiens-youssouf-fofana-maison-chateau-rouge\\\/#primaryimage\"},\"image\":{\"@id\":\"https:\\\/\\\/leherpeurparis.com\\\/en\\\/non-classifiee\\\/les-grands-parisiens-youssouf-fofana-maison-chateau-rouge\\\/#primaryimage\"},\"thumbnailUrl\":\"https:\\\/\\\/leherpeurparis.com\\\/wp-content\\\/uploads\\\/2020\\\/04\\\/Capture-d\u2019ecran-2017-06-25-a-20.53.43.png\",\"datePublished\":\"2017-07-18T22:00:00+00:00\",\"breadcrumb\":{\"@id\":\"https:\\\/\\\/leherpeurparis.com\\\/en\\\/non-classifiee\\\/les-grands-parisiens-youssouf-fofana-maison-chateau-rouge\\\/#breadcrumb\"},\"inLanguage\":\"en-US\",\"potentialAction\":[{\"@type\":\"ReadAction\",\"target\":[\"https:\\\/\\\/leherpeurparis.com\\\/en\\\/non-classifiee\\\/les-grands-parisiens-youssouf-fofana-maison-chateau-rouge\\\/\"]}]},{\"@type\":\"ImageObject\",\"inLanguage\":\"en-US\",\"@id\":\"https:\\\/\\\/leherpeurparis.com\\\/en\\\/non-classifiee\\\/les-grands-parisiens-youssouf-fofana-maison-chateau-rouge\\\/#primaryimage\",\"url\":\"https:\\\/\\\/leherpeurparis.com\\\/wp-content\\\/uploads\\\/2020\\\/04\\\/Capture-d\u2019ecran-2017-06-25-a-20.53.43.png\",\"contentUrl\":\"https:\\\/\\\/leherpeurparis.com\\\/wp-content\\\/uploads\\\/2020\\\/04\\\/Capture-d\u2019ecran-2017-06-25-a-20.53.43.png\",\"width\":826,\"height\":545},{\"@type\":\"BreadcrumbList\",\"@id\":\"https:\\\/\\\/leherpeurparis.com\\\/en\\\/non-classifiee\\\/les-grands-parisiens-youssouf-fofana-maison-chateau-rouge\\\/#breadcrumb\",\"itemListElement\":[{\"@type\":\"ListItem\",\"position\":1,\"name\":\"Accueil\",\"item\":\"https:\\\/\\\/leherpeurparis.com\\\/en\\\/\"},{\"@type\":\"ListItem\",\"position\":2,\"name\":\"LES GRANDS PARISIENS \\\/\\\/ YOUSSOUF FOFANA, &lsquo;MAISON CH\u00c2TEAU ROUGE&rsquo;\"}]},{\"@type\":\"WebSite\",\"@id\":\"https:\\\/\\\/leherpeurparis.com\\\/en\\\/#website\",\"url\":\"https:\\\/\\\/leherpeurparis.com\\\/en\\\/\",\"name\":\"LeherpeurParis\",\"description\":\"Consulting office - Paris and Shanghai\",\"publisher\":{\"@id\":\"https:\\\/\\\/leherpeurparis.com\\\/en\\\/#organization\"},\"potentialAction\":[{\"@type\":\"SearchAction\",\"target\":{\"@type\":\"EntryPoint\",\"urlTemplate\":\"https:\\\/\\\/leherpeurparis.com\\\/en\\\/?s={search_term_string}\"},\"query-input\":{\"@type\":\"PropertyValueSpecification\",\"valueRequired\":true,\"valueName\":\"search_term_string\"}}],\"inLanguage\":\"en-US\"},{\"@type\":\"Organization\",\"@id\":\"https:\\\/\\\/leherpeurparis.com\\\/en\\\/#organization\",\"name\":\"Leherpeur Paris\",\"url\":\"https:\\\/\\\/leherpeurparis.com\\\/en\\\/\",\"logo\":{\"@type\":\"ImageObject\",\"inLanguage\":\"en-US\",\"@id\":\"https:\\\/\\\/leherpeurparis.com\\\/en\\\/#\\\/schema\\\/logo\\\/image\\\/\",\"url\":\"https:\\\/\\\/leherpeurparis.com\\\/wp-content\\\/uploads\\\/2022\\\/07\\\/Logo-Leherpeur-Paris.jpg\",\"contentUrl\":\"https:\\\/\\\/leherpeurparis.com\\\/wp-content\\\/uploads\\\/2022\\\/07\\\/Logo-Leherpeur-Paris.jpg\",\"width\":800,\"height\":300,\"caption\":\"Leherpeur Paris\"},\"image\":{\"@id\":\"https:\\\/\\\/leherpeurparis.com\\\/en\\\/#\\\/schema\\\/logo\\\/image\\\/\"},\"sameAs\":[\"https:\\\/\\\/www.instagram.com\\\/leherpeurparis\\\/\",\"https:\\\/\\\/www.pinterest.fr\\\/mlcparis\\\/\",\"https:\\\/\\\/www.linkedin.com\\\/company\\\/bureauleherpeur\\\/\"]},{\"@type\":\"Person\",\"@id\":\"https:\\\/\\\/leherpeurparis.com\\\/en\\\/#\\\/schema\\\/person\\\/27c01fe4e84a72cc2d259d4baa3576ae\",\"name\":\"Simon\",\"image\":{\"@type\":\"ImageObject\",\"inLanguage\":\"en-US\",\"@id\":\"https:\\\/\\\/secure.gravatar.com\\\/avatar\\\/1a29c5ce3ebd4e31a16bdc89f155e5ec147c35b0effb4174a77f34f9499ec2a8?s=96&d=mm&r=g\",\"url\":\"https:\\\/\\\/secure.gravatar.com\\\/avatar\\\/1a29c5ce3ebd4e31a16bdc89f155e5ec147c35b0effb4174a77f34f9499ec2a8?s=96&d=mm&r=g\",\"contentUrl\":\"https:\\\/\\\/secure.gravatar.com\\\/avatar\\\/1a29c5ce3ebd4e31a16bdc89f155e5ec147c35b0effb4174a77f34f9499ec2a8?s=96&d=mm&r=g\",\"caption\":\"Simon\"},\"url\":\"https:\\\/\\\/leherpeurparis.com\\\/en\\\/author\\\/adminleherpeur\\\/\"}]}<\/script>\n<!-- \/ Yoast SEO plugin. -->","yoast_head_json":{"title":"LES GRANDS PARISIENS \/\/ YOUSSOUF FOFANA, 'MAISON CH\u00c2TEAU ROUGE' | LeherpeurParis","robots":{"index":"index","follow":"follow","max-snippet":"max-snippet:-1","max-image-preview":"max-image-preview:large","max-video-preview":"max-video-preview:-1"},"canonical":"https:\/\/leherpeurparis.com\/en\/non-classifiee\/les-grands-parisiens-youssouf-fofana-maison-chateau-rouge\/","og_locale":"en_US","og_type":"article","og_title":"LES GRANDS PARISIENS \/\/ YOUSSOUF FOFANA, 'MAISON CH\u00c2TEAU ROUGE' | LeherpeurParis","og_description":"\u00a0\u00a0 Dans le cadre de notre conf\u00e9rence \u2018Les Grands Parisiens\u2019, nous sommes all\u00e9s \u00e0 la rencontre de parisiens intra et extra-muros qui font voir la vie en Grand. Nous partageons [&hellip;]","og_url":"https:\/\/leherpeurparis.com\/en\/non-classifiee\/les-grands-parisiens-youssouf-fofana-maison-chateau-rouge\/","og_site_name":"LeherpeurParis","article_published_time":"2017-07-18T22:00:00+00:00","og_image":[{"width":826,"height":545,"url":"https:\/\/leherpeurparis.com\/wp-content\/uploads\/2020\/04\/Capture-d\u2019ecran-2017-06-25-a-20.53.43.png","type":"image\/png"}],"author":"Simon","twitter_card":"summary_large_image","twitter_misc":{"Written by":"Simon","Est. reading time":"4 minutes"},"schema":{"@context":"https:\/\/schema.org","@graph":[{"@type":"Article","@id":"https:\/\/leherpeurparis.com\/en\/non-classifiee\/les-grands-parisiens-youssouf-fofana-maison-chateau-rouge\/#article","isPartOf":{"@id":"https:\/\/leherpeurparis.com\/en\/non-classifiee\/les-grands-parisiens-youssouf-fofana-maison-chateau-rouge\/"},"author":{"name":"Simon","@id":"https:\/\/leherpeurparis.com\/en\/#\/schema\/person\/27c01fe4e84a72cc2d259d4baa3576ae"},"headline":"LES GRANDS PARISIENS \/\/ YOUSSOUF FOFANA, &#8216;MAISON CH\u00c2TEAU ROUGE&#8217;","datePublished":"2017-07-18T22:00:00+00:00","mainEntityOfPage":{"@id":"https:\/\/leherpeurparis.com\/en\/non-classifiee\/les-grands-parisiens-youssouf-fofana-maison-chateau-rouge\/"},"wordCount":865,"commentCount":0,"publisher":{"@id":"https:\/\/leherpeurparis.com\/en\/#organization"},"image":{"@id":"https:\/\/leherpeurparis.com\/en\/non-classifiee\/les-grands-parisiens-youssouf-fofana-maison-chateau-rouge\/#primaryimage"},"thumbnailUrl":"https:\/\/leherpeurparis.com\/wp-content\/uploads\/2020\/04\/Capture-d\u2019ecran-2017-06-25-a-20.53.43.png","articleSection":["Non classifi\u00e9(e)"],"inLanguage":"en-US","potentialAction":[{"@type":"CommentAction","name":"Comment","target":["https:\/\/leherpeurparis.com\/en\/non-classifiee\/les-grands-parisiens-youssouf-fofana-maison-chateau-rouge\/#respond"]}]},{"@type":"WebPage","@id":"https:\/\/leherpeurparis.com\/en\/non-classifiee\/les-grands-parisiens-youssouf-fofana-maison-chateau-rouge\/","url":"https:\/\/leherpeurparis.com\/en\/non-classifiee\/les-grands-parisiens-youssouf-fofana-maison-chateau-rouge\/","name":"LES GRANDS PARISIENS \/\/ YOUSSOUF FOFANA, 'MAISON CH\u00c2TEAU ROUGE' | LeherpeurParis","isPartOf":{"@id":"https:\/\/leherpeurparis.com\/en\/#website"},"primaryImageOfPage":{"@id":"https:\/\/leherpeurparis.com\/en\/non-classifiee\/les-grands-parisiens-youssouf-fofana-maison-chateau-rouge\/#primaryimage"},"image":{"@id":"https:\/\/leherpeurparis.com\/en\/non-classifiee\/les-grands-parisiens-youssouf-fofana-maison-chateau-rouge\/#primaryimage"},"thumbnailUrl":"https:\/\/leherpeurparis.com\/wp-content\/uploads\/2020\/04\/Capture-d\u2019ecran-2017-06-25-a-20.53.43.png","datePublished":"2017-07-18T22:00:00+00:00","breadcrumb":{"@id":"https:\/\/leherpeurparis.com\/en\/non-classifiee\/les-grands-parisiens-youssouf-fofana-maison-chateau-rouge\/#breadcrumb"},"inLanguage":"en-US","potentialAction":[{"@type":"ReadAction","target":["https:\/\/leherpeurparis.com\/en\/non-classifiee\/les-grands-parisiens-youssouf-fofana-maison-chateau-rouge\/"]}]},{"@type":"ImageObject","inLanguage":"en-US","@id":"https:\/\/leherpeurparis.com\/en\/non-classifiee\/les-grands-parisiens-youssouf-fofana-maison-chateau-rouge\/#primaryimage","url":"https:\/\/leherpeurparis.com\/wp-content\/uploads\/2020\/04\/Capture-d\u2019ecran-2017-06-25-a-20.53.43.png","contentUrl":"https:\/\/leherpeurparis.com\/wp-content\/uploads\/2020\/04\/Capture-d\u2019ecran-2017-06-25-a-20.53.43.png","width":826,"height":545},{"@type":"BreadcrumbList","@id":"https:\/\/leherpeurparis.com\/en\/non-classifiee\/les-grands-parisiens-youssouf-fofana-maison-chateau-rouge\/#breadcrumb","itemListElement":[{"@type":"ListItem","position":1,"name":"Accueil","item":"https:\/\/leherpeurparis.com\/en\/"},{"@type":"ListItem","position":2,"name":"LES GRANDS PARISIENS \/\/ YOUSSOUF FOFANA, &lsquo;MAISON CH\u00c2TEAU ROUGE&rsquo;"}]},{"@type":"WebSite","@id":"https:\/\/leherpeurparis.com\/en\/#website","url":"https:\/\/leherpeurparis.com\/en\/","name":"LeherpeurParis","description":"Consulting office - Paris and Shanghai","publisher":{"@id":"https:\/\/leherpeurparis.com\/en\/#organization"},"potentialAction":[{"@type":"SearchAction","target":{"@type":"EntryPoint","urlTemplate":"https:\/\/leherpeurparis.com\/en\/?s={search_term_string}"},"query-input":{"@type":"PropertyValueSpecification","valueRequired":true,"valueName":"search_term_string"}}],"inLanguage":"en-US"},{"@type":"Organization","@id":"https:\/\/leherpeurparis.com\/en\/#organization","name":"Leherpeur Paris","url":"https:\/\/leherpeurparis.com\/en\/","logo":{"@type":"ImageObject","inLanguage":"en-US","@id":"https:\/\/leherpeurparis.com\/en\/#\/schema\/logo\/image\/","url":"https:\/\/leherpeurparis.com\/wp-content\/uploads\/2022\/07\/Logo-Leherpeur-Paris.jpg","contentUrl":"https:\/\/leherpeurparis.com\/wp-content\/uploads\/2022\/07\/Logo-Leherpeur-Paris.jpg","width":800,"height":300,"caption":"Leherpeur Paris"},"image":{"@id":"https:\/\/leherpeurparis.com\/en\/#\/schema\/logo\/image\/"},"sameAs":["https:\/\/www.instagram.com\/leherpeurparis\/","https:\/\/www.pinterest.fr\/mlcparis\/","https:\/\/www.linkedin.com\/company\/bureauleherpeur\/"]},{"@type":"Person","@id":"https:\/\/leherpeurparis.com\/en\/#\/schema\/person\/27c01fe4e84a72cc2d259d4baa3576ae","name":"Simon","image":{"@type":"ImageObject","inLanguage":"en-US","@id":"https:\/\/secure.gravatar.com\/avatar\/1a29c5ce3ebd4e31a16bdc89f155e5ec147c35b0effb4174a77f34f9499ec2a8?s=96&d=mm&r=g","url":"https:\/\/secure.gravatar.com\/avatar\/1a29c5ce3ebd4e31a16bdc89f155e5ec147c35b0effb4174a77f34f9499ec2a8?s=96&d=mm&r=g","contentUrl":"https:\/\/secure.gravatar.com\/avatar\/1a29c5ce3ebd4e31a16bdc89f155e5ec147c35b0effb4174a77f34f9499ec2a8?s=96&d=mm&r=g","caption":"Simon"},"url":"https:\/\/leherpeurparis.com\/en\/author\/adminleherpeur\/"}]}},"_links":{"self":[{"href":"https:\/\/leherpeurparis.com\/en\/wp-json\/wp\/v2\/posts\/401","targetHints":{"allow":["GET"]}}],"collection":[{"href":"https:\/\/leherpeurparis.com\/en\/wp-json\/wp\/v2\/posts"}],"about":[{"href":"https:\/\/leherpeurparis.com\/en\/wp-json\/wp\/v2\/types\/post"}],"author":[{"embeddable":true,"href":"https:\/\/leherpeurparis.com\/en\/wp-json\/wp\/v2\/users\/2"}],"replies":[{"embeddable":true,"href":"https:\/\/leherpeurparis.com\/en\/wp-json\/wp\/v2\/comments?post=401"}],"version-history":[{"count":0,"href":"https:\/\/leherpeurparis.com\/en\/wp-json\/wp\/v2\/posts\/401\/revisions"}],"wp:featuredmedia":[{"embeddable":true,"href":"https:\/\/leherpeurparis.com\/en\/wp-json\/wp\/v2\/media\/386"}],"wp:attachment":[{"href":"https:\/\/leherpeurparis.com\/en\/wp-json\/wp\/v2\/media?parent=401"}],"wp:term":[{"taxonomy":"category","embeddable":true,"href":"https:\/\/leherpeurparis.com\/en\/wp-json\/wp\/v2\/categories?post=401"},{"taxonomy":"post_tag","embeddable":true,"href":"https:\/\/leherpeurparis.com\/en\/wp-json\/wp\/v2\/tags?post=401"}],"curies":[{"name":"wp","href":"https:\/\/api.w.org\/{rel}","templated":true}]}}