{"id":3400,"date":"2022-09-21T16:53:07","date_gmt":"2022-09-21T14:53:07","guid":{"rendered":"https:\/\/leherpeurparis.com\/?p=3400"},"modified":"2022-10-20T12:40:30","modified_gmt":"2022-10-20T10:40:30","slug":"talking-bout-my-generation-une-etude-immersive-de-la-gen-z-a-travers-les-yeux-de-celleux-qui-la-font","status":"publish","type":"post","link":"https:\/\/leherpeurparis.com\/en\/non-classifiee\/talking-bout-my-generation-une-etude-immersive-de-la-gen-z-a-travers-les-yeux-de-celleux-qui-la-font\/","title":{"rendered":"\u00ab Talking \u2018bout my generation \u00bb &#8211; Une \u00e9tude immersive de la Gen Z \u00e0 travers les yeux de celleux qui la font"},"content":{"rendered":"\n<figure class=\"wp-block-image size-large\"><img loading=\"lazy\" decoding=\"async\" width=\"1024\" height=\"703\" src=\"https:\/\/leherpeurparis.com\/wp-content\/uploads\/2022\/09\/Capture-decran-2022-09-20-a-14.00.45-1024x703.png\" alt=\"\" class=\"wp-image-3468\" srcset=\"https:\/\/leherpeurparis.com\/wp-content\/uploads\/2022\/09\/Capture-decran-2022-09-20-a-14.00.45-1024x703.png 1024w, https:\/\/leherpeurparis.com\/wp-content\/uploads\/2022\/09\/Capture-decran-2022-09-20-a-14.00.45-300x206.png 300w, https:\/\/leherpeurparis.com\/wp-content\/uploads\/2022\/09\/Capture-decran-2022-09-20-a-14.00.45-768x527.png 768w, https:\/\/leherpeurparis.com\/wp-content\/uploads\/2022\/09\/Capture-decran-2022-09-20-a-14.00.45.png 1294w\" sizes=\"auto, (max-width: 1024px) 100vw, 1024px\" \/><figcaption>Les 6 \u00e9tudiants du projet &#8220;Talking &#8217;bout my Generation&#8221; &#8211; Davy, Justine, Maixane, Marine, R\u00e9becca et Tara.<\/figcaption><\/figure>\n\n\n\n<p>Depuis le mois d\u2019octobre dernier, une \u00e9quipe compos\u00e9e de six \u00e9tudiant.e.s de l\u2019Universit\u00e9 de la Mode de Lyon, \u00e2g\u00e9s de 21 \u00e0 26 ans, s\u2019est r\u00e9unie autour du projet \u00ab Talking \u2018bout my generation \u00bb instigu\u00e9 par le bureau de conseil en strat\u00e9gies cr\u00e9atives, LeherpeurParis. Leur mission : mener une enqu\u00eate visant \u00e0 saisir les modes de vie, les aspirations ainsi que les engagements qui animent leurs pairs pour mieux les d\u00e9coder.<\/p>\n\n\n\n<p>En effet, qui de mieux plac\u00e9 pour parler d\u2019une g\u00e9n\u00e9ration que cette g\u00e9n\u00e9ration elle-m\u00eame. &#8220;Talking &#8217;bout my generation&#8221; a \u00e9t\u00e9 pens\u00e9 comme&nbsp;une immersion dans la g\u00e9n\u00e9ration 18-25 \u00e0 travers les mots et le regard de ceux qui font cette g\u00e9n\u00e9ration. L&#8217;ABC des Z par les Z. <\/p>\n\n\n\n<p>Afin de rester fid\u00e8le au travail des \u00e9tudiants et de lui accorder toute la place qu&#8217;il m\u00e9rite, LeherpeurParis a choisi de laisser les manettes de la r\u00e9daction de cet article sur les coulisses du projet, \u00e0 R\u00e9becca Ngarbaroum et Justine Azais, collaboratrices sur le projet &#8216;Talking &#8217;bout my generation&#8217;.<\/p>\n\n\n\n<h2 class=\"wp-block-heading\"><strong> 1_ Un terrain d\u2019\u00e9tude aussi \u00e9tourdissant que stimulant<\/strong><\/h2>\n\n\n\n<p>En raison de leur nombre : six \u00e9tudiants on ne peut plus diff\u00e9rents, il a d\u2019abord fallu du temps pour qu\u2019ils coordonnent \u00e0 la fois leurs m\u00e9thodes de travail, leurs personnalit\u00e9s et leurs motivations. D\u2019interminables d\u00e9bats portant sur la direction \u00e0 donner \u00e0 ce vaste projet ont \u00e9t\u00e9 soulev\u00e9. Aussi bien sur la mani\u00e8re de recueillir les t\u00e9moignages, que sur le format de diffusion. Certains membres de cette \u00e9quipe s\u2019interrogeaient sur leur statut vis \u00e0 vis du bureau de tendance : \u00e9taient-ils leurs collaborateurs ou de simples subordonn\u00e9s ? De ce fait, attendez-t\u2019ils d\u2019eux une r\u00e9colte d\u2019informations en friche ou un rendu d\u00e9livrant une mati\u00e8re travaill\u00e9e ?<\/p>\n\n\n\n<p>Cette myriade de questionnements a finit par les mener \u00e0 questionner le sens m\u00eame de cette mission &#8230; D\u00e9siraient ils r\u00e9ellement contribuer \u00e0 la segmentation d\u2019une cible visant \u00e0 l\u2019assujettir au monde de la consommation ?<\/p>\n\n\n\n<p>Finalement, c\u2019est gr\u00e2ce aux grands axes que le Bureau a soumis \u00e0 leur attention en vu de les aiguiller, qu\u2019ils ont mis fin \u00e0 leurs interrogations. Ces indications se focalisaient autour du rapport \u00e0 soi, aux autres, au temps et \u00e0 l\u2019espace qu\u2019investissent la GenZ. Elles ont rappel\u00e9 \u00e0 ces \u00e9tudiants l\u2019une des valeurs qui les anime : produire un travail humain et sociologique visant \u00e0 coordonner des savoir-faire.<\/p>\n\n\n\n<p>Ils se sont donc raccroch\u00e9s \u00e0 cette ligne directrice pour insuffler \u00e0 leur investigation une forme fid\u00e8le \u00e0 leur \u00e9thique.<\/p>\n\n\n\n<p>C\u2019est ainsi que leur sensibilit\u00e9 au monde, leur attrait pour la communication et leur insatiable curiosit\u00e9 de l\u2019autre ont permis \u00e0 chacun d\u2019entre eux de conjuguer ses centres d\u2019int\u00e9r\u00eats (<em>l\u2019identit\u00e9 de genre, la place de l\u2019\u00e9go, la r\u00e9ussite et autres questions existentielles<\/em>) pour les incorporer \u00e0 un questionnaire visant \u00e0 recueillir les t\u00e9moignages de la GenZ.<\/p>\n\n\n\n<h2 class=\"wp-block-heading\">2_ \u00c0 la recherche d\u2019une retranscription authentique<\/h2>\n\n\n\n<p>Une fois les 26 interviews men\u00e9es autour des grands axes qui rythment une existence : la politique, l\u2019amour, la famille et le futur, il en ressortait distinctement l\u2019attrait de la GenZ pour&nbsp;<strong>le \u00ab prendre soin de soi \u00bb<\/strong>. En vu de retranscrire cette tendance individualiste, ces \u00e9tudiants ont fait le choix de la transposer \u00e0 travers deux formats compl\u00e9mentaires. Tout d\u2019abord par le biais d\u2019un \u00e9pisode de podcast offrant une plong\u00e9e auditive intime et intense, menant l\u2019auditeur au plus pr\u00e8s des voix de la GenZ. Puis, ils l\u2019ont assorti d\u2019un fanzine venant retranscrire fid\u00e8lement l\u2019univers de chacune des personnalit\u00e9s interview\u00e9es, accompagnant leurs mots de visages, d\u2019esth\u00e9tiques singuli\u00e8res, surpassant les chiffres et les graphiques pour venir teinter leur enqu\u00eate d\u2019humanit\u00e9.<\/p>\n\n\n\n<p><\/p>\n","protected":false},"excerpt":{"rendered":"<p>Depuis le mois d\u2019octobre dernier, une \u00e9quipe compos\u00e9e de six \u00e9tudiant.e.s de l\u2019Universit\u00e9 de la Mode de Lyon, \u00e2g\u00e9s de 21 \u00e0 26 ans, s\u2019est r\u00e9unie autour du projet \u00ab [&hellip;]<\/p>\n","protected":false},"author":3,"featured_media":3468,"comment_status":"closed","ping_status":"closed","sticky":false,"template":"","format":"standard","meta":{"_acf_changed":false,"footnotes":""},"categories":[166,169,148,1],"tags":[],"class_list":["post-3400","post","type-post","status-publish","format-standard","has-post-thumbnail","hentry","category-behaviour","category-conversation","category-knowyourpeople","category-non-classifiee"],"acf":[],"yoast_head":"<!-- This site is optimized with the Yoast SEO plugin v27.5 - https:\/\/yoast.com\/product\/yoast-seo-wordpress\/ -->\n<title>\u00ab Talking \u2018bout my generation \u00bb - Une \u00e9tude immersive de la Gen Z \u00e0 travers les yeux de celleux qui la font | LeherpeurParis<\/title>\n<meta name=\"robots\" content=\"index, follow, max-snippet:-1, max-image-preview:large, max-video-preview:-1\" \/>\n<link rel=\"canonical\" href=\"https:\/\/leherpeurparis.com\/en\/non-classifiee\/talking-bout-my-generation-une-etude-immersive-de-la-gen-z-a-travers-les-yeux-de-celleux-qui-la-font\/\" \/>\n<meta property=\"og:locale\" content=\"en_US\" \/>\n<meta property=\"og:type\" content=\"article\" \/>\n<meta property=\"og:title\" content=\"\u00ab Talking \u2018bout my generation \u00bb - Une \u00e9tude immersive de la Gen Z \u00e0 travers les yeux de celleux qui la font | LeherpeurParis\" \/>\n<meta property=\"og:description\" content=\"Depuis le mois d\u2019octobre dernier, une \u00e9quipe compos\u00e9e de six \u00e9tudiant.e.s de l\u2019Universit\u00e9 de la Mode de Lyon, \u00e2g\u00e9s de 21 \u00e0 26 ans, s\u2019est r\u00e9unie autour du projet \u00ab [&hellip;]\" \/>\n<meta property=\"og:url\" content=\"https:\/\/leherpeurparis.com\/en\/non-classifiee\/talking-bout-my-generation-une-etude-immersive-de-la-gen-z-a-travers-les-yeux-de-celleux-qui-la-font\/\" \/>\n<meta property=\"og:site_name\" content=\"LeherpeurParis\" \/>\n<meta property=\"article:published_time\" content=\"2022-09-21T14:53:07+00:00\" \/>\n<meta property=\"article:modified_time\" content=\"2022-10-20T10:40:30+00:00\" \/>\n<meta property=\"og:image\" content=\"https:\/\/leherpeurparis.com\/wp-content\/uploads\/2022\/09\/Capture-decran-2022-09-20-a-14.00.45.png\" \/>\n\t<meta property=\"og:image:width\" content=\"1294\" \/>\n\t<meta property=\"og:image:height\" content=\"888\" \/>\n\t<meta property=\"og:image:type\" content=\"image\/png\" \/>\n<meta name=\"author\" content=\"Morgane\" \/>\n<meta name=\"twitter:card\" content=\"summary_large_image\" \/>\n<meta name=\"twitter:label1\" content=\"Written by\" \/>\n\t<meta name=\"twitter:data1\" content=\"Morgane\" \/>\n\t<meta name=\"twitter:label2\" content=\"Est. reading time\" \/>\n\t<meta name=\"twitter:data2\" content=\"4 minutes\" \/>\n<script type=\"application\/ld+json\" class=\"yoast-schema-graph\">{\"@context\":\"https:\\\/\\\/schema.org\",\"@graph\":[{\"@type\":\"Article\",\"@id\":\"https:\\\/\\\/leherpeurparis.com\\\/en\\\/non-classifiee\\\/talking-bout-my-generation-une-etude-immersive-de-la-gen-z-a-travers-les-yeux-de-celleux-qui-la-font\\\/#article\",\"isPartOf\":{\"@id\":\"https:\\\/\\\/leherpeurparis.com\\\/en\\\/non-classifiee\\\/talking-bout-my-generation-une-etude-immersive-de-la-gen-z-a-travers-les-yeux-de-celleux-qui-la-font\\\/\"},\"author\":{\"name\":\"Morgane\",\"@id\":\"https:\\\/\\\/leherpeurparis.com\\\/en\\\/#\\\/schema\\\/person\\\/5836b46e700c1b6bada2f21f963569bf\"},\"headline\":\"\u00ab Talking \u2018bout my generation \u00bb &#8211; Une \u00e9tude immersive de la Gen Z \u00e0 travers les yeux de celleux qui la font\",\"datePublished\":\"2022-09-21T14:53:07+00:00\",\"dateModified\":\"2022-10-20T10:40:30+00:00\",\"mainEntityOfPage\":{\"@id\":\"https:\\\/\\\/leherpeurparis.com\\\/en\\\/non-classifiee\\\/talking-bout-my-generation-une-etude-immersive-de-la-gen-z-a-travers-les-yeux-de-celleux-qui-la-font\\\/\"},\"wordCount\":676,\"publisher\":{\"@id\":\"https:\\\/\\\/leherpeurparis.com\\\/en\\\/#organization\"},\"image\":{\"@id\":\"https:\\\/\\\/leherpeurparis.com\\\/en\\\/non-classifiee\\\/talking-bout-my-generation-une-etude-immersive-de-la-gen-z-a-travers-les-yeux-de-celleux-qui-la-font\\\/#primaryimage\"},\"thumbnailUrl\":\"https:\\\/\\\/leherpeurparis.com\\\/wp-content\\\/uploads\\\/2022\\\/09\\\/Capture-decran-2022-09-20-a-14.00.45.png\",\"articleSection\":[\"behaviour\",\"conversation\",\"knowyourpeople\",\"Non classifi\u00e9(e)\"],\"inLanguage\":\"en-US\"},{\"@type\":\"WebPage\",\"@id\":\"https:\\\/\\\/leherpeurparis.com\\\/en\\\/non-classifiee\\\/talking-bout-my-generation-une-etude-immersive-de-la-gen-z-a-travers-les-yeux-de-celleux-qui-la-font\\\/\",\"url\":\"https:\\\/\\\/leherpeurparis.com\\\/en\\\/non-classifiee\\\/talking-bout-my-generation-une-etude-immersive-de-la-gen-z-a-travers-les-yeux-de-celleux-qui-la-font\\\/\",\"name\":\"\u00ab Talking \u2018bout my generation \u00bb - Une \u00e9tude immersive de la Gen Z \u00e0 travers les yeux de celleux qui la font | LeherpeurParis\",\"isPartOf\":{\"@id\":\"https:\\\/\\\/leherpeurparis.com\\\/en\\\/#website\"},\"primaryImageOfPage\":{\"@id\":\"https:\\\/\\\/leherpeurparis.com\\\/en\\\/non-classifiee\\\/talking-bout-my-generation-une-etude-immersive-de-la-gen-z-a-travers-les-yeux-de-celleux-qui-la-font\\\/#primaryimage\"},\"image\":{\"@id\":\"https:\\\/\\\/leherpeurparis.com\\\/en\\\/non-classifiee\\\/talking-bout-my-generation-une-etude-immersive-de-la-gen-z-a-travers-les-yeux-de-celleux-qui-la-font\\\/#primaryimage\"},\"thumbnailUrl\":\"https:\\\/\\\/leherpeurparis.com\\\/wp-content\\\/uploads\\\/2022\\\/09\\\/Capture-decran-2022-09-20-a-14.00.45.png\",\"datePublished\":\"2022-09-21T14:53:07+00:00\",\"dateModified\":\"2022-10-20T10:40:30+00:00\",\"breadcrumb\":{\"@id\":\"https:\\\/\\\/leherpeurparis.com\\\/en\\\/non-classifiee\\\/talking-bout-my-generation-une-etude-immersive-de-la-gen-z-a-travers-les-yeux-de-celleux-qui-la-font\\\/#breadcrumb\"},\"inLanguage\":\"en-US\",\"potentialAction\":[{\"@type\":\"ReadAction\",\"target\":[\"https:\\\/\\\/leherpeurparis.com\\\/en\\\/non-classifiee\\\/talking-bout-my-generation-une-etude-immersive-de-la-gen-z-a-travers-les-yeux-de-celleux-qui-la-font\\\/\"]}]},{\"@type\":\"ImageObject\",\"inLanguage\":\"en-US\",\"@id\":\"https:\\\/\\\/leherpeurparis.com\\\/en\\\/non-classifiee\\\/talking-bout-my-generation-une-etude-immersive-de-la-gen-z-a-travers-les-yeux-de-celleux-qui-la-font\\\/#primaryimage\",\"url\":\"https:\\\/\\\/leherpeurparis.com\\\/wp-content\\\/uploads\\\/2022\\\/09\\\/Capture-decran-2022-09-20-a-14.00.45.png\",\"contentUrl\":\"https:\\\/\\\/leherpeurparis.com\\\/wp-content\\\/uploads\\\/2022\\\/09\\\/Capture-decran-2022-09-20-a-14.00.45.png\",\"width\":1294,\"height\":888},{\"@type\":\"BreadcrumbList\",\"@id\":\"https:\\\/\\\/leherpeurparis.com\\\/en\\\/non-classifiee\\\/talking-bout-my-generation-une-etude-immersive-de-la-gen-z-a-travers-les-yeux-de-celleux-qui-la-font\\\/#breadcrumb\",\"itemListElement\":[{\"@type\":\"ListItem\",\"position\":1,\"name\":\"Accueil\",\"item\":\"https:\\\/\\\/leherpeurparis.com\\\/en\\\/\"},{\"@type\":\"ListItem\",\"position\":2,\"name\":\"\u00ab Talking \u2018bout my generation \u00bb &#8211; Une \u00e9tude immersive de la Gen Z \u00e0 travers les yeux de celleux qui la font\"}]},{\"@type\":\"WebSite\",\"@id\":\"https:\\\/\\\/leherpeurparis.com\\\/en\\\/#website\",\"url\":\"https:\\\/\\\/leherpeurparis.com\\\/en\\\/\",\"name\":\"LeherpeurParis\",\"description\":\"Consulting office - Paris and Shanghai\",\"publisher\":{\"@id\":\"https:\\\/\\\/leherpeurparis.com\\\/en\\\/#organization\"},\"potentialAction\":[{\"@type\":\"SearchAction\",\"target\":{\"@type\":\"EntryPoint\",\"urlTemplate\":\"https:\\\/\\\/leherpeurparis.com\\\/en\\\/?s={search_term_string}\"},\"query-input\":{\"@type\":\"PropertyValueSpecification\",\"valueRequired\":true,\"valueName\":\"search_term_string\"}}],\"inLanguage\":\"en-US\"},{\"@type\":\"Organization\",\"@id\":\"https:\\\/\\\/leherpeurparis.com\\\/en\\\/#organization\",\"name\":\"Leherpeur Paris\",\"url\":\"https:\\\/\\\/leherpeurparis.com\\\/en\\\/\",\"logo\":{\"@type\":\"ImageObject\",\"inLanguage\":\"en-US\",\"@id\":\"https:\\\/\\\/leherpeurparis.com\\\/en\\\/#\\\/schema\\\/logo\\\/image\\\/\",\"url\":\"https:\\\/\\\/leherpeurparis.com\\\/wp-content\\\/uploads\\\/2022\\\/07\\\/Logo-Leherpeur-Paris.jpg\",\"contentUrl\":\"https:\\\/\\\/leherpeurparis.com\\\/wp-content\\\/uploads\\\/2022\\\/07\\\/Logo-Leherpeur-Paris.jpg\",\"width\":800,\"height\":300,\"caption\":\"Leherpeur Paris\"},\"image\":{\"@id\":\"https:\\\/\\\/leherpeurparis.com\\\/en\\\/#\\\/schema\\\/logo\\\/image\\\/\"},\"sameAs\":[\"https:\\\/\\\/www.instagram.com\\\/leherpeurparis\\\/\",\"https:\\\/\\\/www.pinterest.fr\\\/mlcparis\\\/\",\"https:\\\/\\\/www.linkedin.com\\\/company\\\/bureauleherpeur\\\/\"]},{\"@type\":\"Person\",\"@id\":\"https:\\\/\\\/leherpeurparis.com\\\/en\\\/#\\\/schema\\\/person\\\/5836b46e700c1b6bada2f21f963569bf\",\"name\":\"Morgane\",\"image\":{\"@type\":\"ImageObject\",\"inLanguage\":\"en-US\",\"@id\":\"https:\\\/\\\/secure.gravatar.com\\\/avatar\\\/aaef38f8fe29ef71f7e7758786a4353dd80166c3783061e2e3029314f79a2142?s=96&d=mm&r=g\",\"url\":\"https:\\\/\\\/secure.gravatar.com\\\/avatar\\\/aaef38f8fe29ef71f7e7758786a4353dd80166c3783061e2e3029314f79a2142?s=96&d=mm&r=g\",\"contentUrl\":\"https:\\\/\\\/secure.gravatar.com\\\/avatar\\\/aaef38f8fe29ef71f7e7758786a4353dd80166c3783061e2e3029314f79a2142?s=96&d=mm&r=g\",\"caption\":\"Morgane\"},\"url\":\"https:\\\/\\\/leherpeurparis.com\\\/en\\\/author\\\/webmasterwa\\\/\"}]}<\/script>\n<!-- \/ Yoast SEO plugin. -->","yoast_head_json":{"title":"\u00ab Talking \u2018bout my generation \u00bb - Une \u00e9tude immersive de la Gen Z \u00e0 travers les yeux de celleux qui la font | LeherpeurParis","robots":{"index":"index","follow":"follow","max-snippet":"max-snippet:-1","max-image-preview":"max-image-preview:large","max-video-preview":"max-video-preview:-1"},"canonical":"https:\/\/leherpeurparis.com\/en\/non-classifiee\/talking-bout-my-generation-une-etude-immersive-de-la-gen-z-a-travers-les-yeux-de-celleux-qui-la-font\/","og_locale":"en_US","og_type":"article","og_title":"\u00ab Talking \u2018bout my generation \u00bb - Une \u00e9tude immersive de la Gen Z \u00e0 travers les yeux de celleux qui la font | LeherpeurParis","og_description":"Depuis le mois d\u2019octobre dernier, une \u00e9quipe compos\u00e9e de six \u00e9tudiant.e.s de l\u2019Universit\u00e9 de la Mode de Lyon, \u00e2g\u00e9s de 21 \u00e0 26 ans, s\u2019est r\u00e9unie autour du projet \u00ab [&hellip;]","og_url":"https:\/\/leherpeurparis.com\/en\/non-classifiee\/talking-bout-my-generation-une-etude-immersive-de-la-gen-z-a-travers-les-yeux-de-celleux-qui-la-font\/","og_site_name":"LeherpeurParis","article_published_time":"2022-09-21T14:53:07+00:00","article_modified_time":"2022-10-20T10:40:30+00:00","og_image":[{"width":1294,"height":888,"url":"https:\/\/leherpeurparis.com\/wp-content\/uploads\/2022\/09\/Capture-decran-2022-09-20-a-14.00.45.png","type":"image\/png"}],"author":"Morgane","twitter_card":"summary_large_image","twitter_misc":{"Written by":"Morgane","Est. reading time":"4 minutes"},"schema":{"@context":"https:\/\/schema.org","@graph":[{"@type":"Article","@id":"https:\/\/leherpeurparis.com\/en\/non-classifiee\/talking-bout-my-generation-une-etude-immersive-de-la-gen-z-a-travers-les-yeux-de-celleux-qui-la-font\/#article","isPartOf":{"@id":"https:\/\/leherpeurparis.com\/en\/non-classifiee\/talking-bout-my-generation-une-etude-immersive-de-la-gen-z-a-travers-les-yeux-de-celleux-qui-la-font\/"},"author":{"name":"Morgane","@id":"https:\/\/leherpeurparis.com\/en\/#\/schema\/person\/5836b46e700c1b6bada2f21f963569bf"},"headline":"\u00ab Talking \u2018bout my generation \u00bb &#8211; Une \u00e9tude immersive de la Gen Z \u00e0 travers les yeux de celleux qui la font","datePublished":"2022-09-21T14:53:07+00:00","dateModified":"2022-10-20T10:40:30+00:00","mainEntityOfPage":{"@id":"https:\/\/leherpeurparis.com\/en\/non-classifiee\/talking-bout-my-generation-une-etude-immersive-de-la-gen-z-a-travers-les-yeux-de-celleux-qui-la-font\/"},"wordCount":676,"publisher":{"@id":"https:\/\/leherpeurparis.com\/en\/#organization"},"image":{"@id":"https:\/\/leherpeurparis.com\/en\/non-classifiee\/talking-bout-my-generation-une-etude-immersive-de-la-gen-z-a-travers-les-yeux-de-celleux-qui-la-font\/#primaryimage"},"thumbnailUrl":"https:\/\/leherpeurparis.com\/wp-content\/uploads\/2022\/09\/Capture-decran-2022-09-20-a-14.00.45.png","articleSection":["behaviour","conversation","knowyourpeople","Non classifi\u00e9(e)"],"inLanguage":"en-US"},{"@type":"WebPage","@id":"https:\/\/leherpeurparis.com\/en\/non-classifiee\/talking-bout-my-generation-une-etude-immersive-de-la-gen-z-a-travers-les-yeux-de-celleux-qui-la-font\/","url":"https:\/\/leherpeurparis.com\/en\/non-classifiee\/talking-bout-my-generation-une-etude-immersive-de-la-gen-z-a-travers-les-yeux-de-celleux-qui-la-font\/","name":"\u00ab Talking \u2018bout my generation \u00bb - Une \u00e9tude immersive de la Gen Z \u00e0 travers les yeux de celleux qui la font | LeherpeurParis","isPartOf":{"@id":"https:\/\/leherpeurparis.com\/en\/#website"},"primaryImageOfPage":{"@id":"https:\/\/leherpeurparis.com\/en\/non-classifiee\/talking-bout-my-generation-une-etude-immersive-de-la-gen-z-a-travers-les-yeux-de-celleux-qui-la-font\/#primaryimage"},"image":{"@id":"https:\/\/leherpeurparis.com\/en\/non-classifiee\/talking-bout-my-generation-une-etude-immersive-de-la-gen-z-a-travers-les-yeux-de-celleux-qui-la-font\/#primaryimage"},"thumbnailUrl":"https:\/\/leherpeurparis.com\/wp-content\/uploads\/2022\/09\/Capture-decran-2022-09-20-a-14.00.45.png","datePublished":"2022-09-21T14:53:07+00:00","dateModified":"2022-10-20T10:40:30+00:00","breadcrumb":{"@id":"https:\/\/leherpeurparis.com\/en\/non-classifiee\/talking-bout-my-generation-une-etude-immersive-de-la-gen-z-a-travers-les-yeux-de-celleux-qui-la-font\/#breadcrumb"},"inLanguage":"en-US","potentialAction":[{"@type":"ReadAction","target":["https:\/\/leherpeurparis.com\/en\/non-classifiee\/talking-bout-my-generation-une-etude-immersive-de-la-gen-z-a-travers-les-yeux-de-celleux-qui-la-font\/"]}]},{"@type":"ImageObject","inLanguage":"en-US","@id":"https:\/\/leherpeurparis.com\/en\/non-classifiee\/talking-bout-my-generation-une-etude-immersive-de-la-gen-z-a-travers-les-yeux-de-celleux-qui-la-font\/#primaryimage","url":"https:\/\/leherpeurparis.com\/wp-content\/uploads\/2022\/09\/Capture-decran-2022-09-20-a-14.00.45.png","contentUrl":"https:\/\/leherpeurparis.com\/wp-content\/uploads\/2022\/09\/Capture-decran-2022-09-20-a-14.00.45.png","width":1294,"height":888},{"@type":"BreadcrumbList","@id":"https:\/\/leherpeurparis.com\/en\/non-classifiee\/talking-bout-my-generation-une-etude-immersive-de-la-gen-z-a-travers-les-yeux-de-celleux-qui-la-font\/#breadcrumb","itemListElement":[{"@type":"ListItem","position":1,"name":"Accueil","item":"https:\/\/leherpeurparis.com\/en\/"},{"@type":"ListItem","position":2,"name":"\u00ab Talking \u2018bout my generation \u00bb &#8211; Une \u00e9tude immersive de la Gen Z \u00e0 travers les yeux de celleux qui la font"}]},{"@type":"WebSite","@id":"https:\/\/leherpeurparis.com\/en\/#website","url":"https:\/\/leherpeurparis.com\/en\/","name":"LeherpeurParis","description":"Consulting office - Paris and Shanghai","publisher":{"@id":"https:\/\/leherpeurparis.com\/en\/#organization"},"potentialAction":[{"@type":"SearchAction","target":{"@type":"EntryPoint","urlTemplate":"https:\/\/leherpeurparis.com\/en\/?s={search_term_string}"},"query-input":{"@type":"PropertyValueSpecification","valueRequired":true,"valueName":"search_term_string"}}],"inLanguage":"en-US"},{"@type":"Organization","@id":"https:\/\/leherpeurparis.com\/en\/#organization","name":"Leherpeur Paris","url":"https:\/\/leherpeurparis.com\/en\/","logo":{"@type":"ImageObject","inLanguage":"en-US","@id":"https:\/\/leherpeurparis.com\/en\/#\/schema\/logo\/image\/","url":"https:\/\/leherpeurparis.com\/wp-content\/uploads\/2022\/07\/Logo-Leherpeur-Paris.jpg","contentUrl":"https:\/\/leherpeurparis.com\/wp-content\/uploads\/2022\/07\/Logo-Leherpeur-Paris.jpg","width":800,"height":300,"caption":"Leherpeur Paris"},"image":{"@id":"https:\/\/leherpeurparis.com\/en\/#\/schema\/logo\/image\/"},"sameAs":["https:\/\/www.instagram.com\/leherpeurparis\/","https:\/\/www.pinterest.fr\/mlcparis\/","https:\/\/www.linkedin.com\/company\/bureauleherpeur\/"]},{"@type":"Person","@id":"https:\/\/leherpeurparis.com\/en\/#\/schema\/person\/5836b46e700c1b6bada2f21f963569bf","name":"Morgane","image":{"@type":"ImageObject","inLanguage":"en-US","@id":"https:\/\/secure.gravatar.com\/avatar\/aaef38f8fe29ef71f7e7758786a4353dd80166c3783061e2e3029314f79a2142?s=96&d=mm&r=g","url":"https:\/\/secure.gravatar.com\/avatar\/aaef38f8fe29ef71f7e7758786a4353dd80166c3783061e2e3029314f79a2142?s=96&d=mm&r=g","contentUrl":"https:\/\/secure.gravatar.com\/avatar\/aaef38f8fe29ef71f7e7758786a4353dd80166c3783061e2e3029314f79a2142?s=96&d=mm&r=g","caption":"Morgane"},"url":"https:\/\/leherpeurparis.com\/en\/author\/webmasterwa\/"}]}},"_links":{"self":[{"href":"https:\/\/leherpeurparis.com\/en\/wp-json\/wp\/v2\/posts\/3400","targetHints":{"allow":["GET"]}}],"collection":[{"href":"https:\/\/leherpeurparis.com\/en\/wp-json\/wp\/v2\/posts"}],"about":[{"href":"https:\/\/leherpeurparis.com\/en\/wp-json\/wp\/v2\/types\/post"}],"author":[{"embeddable":true,"href":"https:\/\/leherpeurparis.com\/en\/wp-json\/wp\/v2\/users\/3"}],"replies":[{"embeddable":true,"href":"https:\/\/leherpeurparis.com\/en\/wp-json\/wp\/v2\/comments?post=3400"}],"version-history":[{"count":6,"href":"https:\/\/leherpeurparis.com\/en\/wp-json\/wp\/v2\/posts\/3400\/revisions"}],"predecessor-version":[{"id":3470,"href":"https:\/\/leherpeurparis.com\/en\/wp-json\/wp\/v2\/posts\/3400\/revisions\/3470"}],"wp:featuredmedia":[{"embeddable":true,"href":"https:\/\/leherpeurparis.com\/en\/wp-json\/wp\/v2\/media\/3468"}],"wp:attachment":[{"href":"https:\/\/leherpeurparis.com\/en\/wp-json\/wp\/v2\/media?parent=3400"}],"wp:term":[{"taxonomy":"category","embeddable":true,"href":"https:\/\/leherpeurparis.com\/en\/wp-json\/wp\/v2\/categories?post=3400"},{"taxonomy":"post_tag","embeddable":true,"href":"https:\/\/leherpeurparis.com\/en\/wp-json\/wp\/v2\/tags?post=3400"}],"curies":[{"name":"wp","href":"https:\/\/api.w.org\/{rel}","templated":true}]}}