{"id":334,"date":"2017-06-17T00:00:00","date_gmt":"2017-06-16T22:00:00","guid":{"rendered":"https:\/\/leherpeurparis.com\/2017\/06\/17\/les-grands-parisiens-aladdin-charni-du-freegan-pony\/"},"modified":"2017-06-17T00:00:00","modified_gmt":"2017-06-16T22:00:00","slug":"les-grands-parisiens-aladdin-charni-du-freegan-pony","status":"publish","type":"post","link":"https:\/\/leherpeurparis.com\/en\/non-classifiee\/les-grands-parisiens-aladdin-charni-du-freegan-pony\/","title":{"rendered":"LES GRANDS PARISIENS \/\/ ALADDIN CHARNI DU FREEGAN PONY"},"content":{"rendered":"<p>Dans le cadre de notre conf\u00e9rence &#8216;Les Grands Parisiens&#8217; du 27 Juin, nous sommes all\u00e9s \u00e0 la rencontre de Parisiens intra et extra-muros qui font voir la vie en Grand. En avant-go\u00fbt, nous partageons les histoires de celles et ceux que nous avons\u00a0interview\u00e9.<\/p>\n<p>Le premier portrait est celui d&#8217;Aladdin Charni qui place le partage au coeur du syst\u00e8me. Nous l&#8217;avons rejoint\u00a0au Freegan Pony, cet immense espace alternatif, situ\u00e9 sous le p\u00e9riph\u00e9rique de la Porte de la Villette. Ce squat est \u00e0 la fois un restaurant, un lieu o\u00f9 l\u2019on fait la f\u00eate jusqu\u2019au bout de la nuit, mais c\u2019est aussi et surtout un espace qui symbolise un nouveau syst\u00e8me de vie et de pens\u00e9e qui pourrait bien structurer le Grand Paris de demain. Rencontre.<\/p>\n<p><a href=\"https:\/\/leherpeurparis.com\/wp-content\/uploads\/2020\/04\/DSCF8621.jpg\"><img loading=\"lazy\" decoding=\"async\" class=\"alignleft wp-image-1021\" title=\"\u00a9Neige de Benedetti\" src=\"https:\/\/leherpeurparis.com\/wp-content\/uploads\/2020\/04\/DSCF8621.jpg\" alt=\"\" width=\"276\" height=\"414\" \/><\/a><\/p>\n<p><strong>L\u2019HISTOIRE D\u2019ALADDIN<\/strong><br \/>\n<em>\u00ab\u00a0Je suis parti de chez moi \u00e0 18 ans et ce fut une renaissance. J\u2019ai quitt\u00e9 une famille tr\u00e8s pieuse, o\u00f9 la t\u00e9l\u00e9vision et les magazines \u00e9taient interdits. On m\u2019a inculqu\u00e9 l\u2019id\u00e9e que moins on avait d\u2019amis, mieux c\u2019\u00e9tait. Alors, lorsque je suis parti, j\u2019ai d\u00e9couvert le monde et j\u2019ai d\u00fb tout apprendre : interagir, communiquer et aussi, trouver des solutions pour survivre.<\/em><br \/>\n<em>En arrivant \u00e0 Paris, j\u2019ai beaucoup gal\u00e9r\u00e9. Un soir, j\u2019ai suivi un ami squatteur, comme \u00e7a, pour essayer. Ce soir l\u00e0, on s\u2019est fait arr\u00eater. D\u00e8s lors, le squat a fait partie de ma vie. J\u2019ai eu envie de revendiquer ce mode de vie, pas seulement comme un acte de n\u00e9cessit\u00e9, mais comme un acte politique \u00e0 part enti\u00e8re. Cela fait maintenant 10 ans que je suis squatteur. Sinon je n\u2019ai pas d\u2019\u00e9tiquette, et je n\u2019ai pas le sentiment d\u2019appartenir \u00e0 un groupe ou un autre : je suis musulman mais pas trop, je suis de gauche\u2026mais j\u2019\u00e9cris \u00e0 droite.<\/em><br \/>\n<em>Quand tu es squatteur, il faut beaucoup marcher et emprunter de nouvelles rues. Cela permet de d\u00e9nicher de nouveaux espaces laiss\u00e9s \u00e0 l\u2019abandon.<\/em><\/p>\n<p><img loading=\"lazy\" decoding=\"async\" class=\"alignnone wp-image-1019\" src=\"https:\/\/leherpeurparis.com\/wp-content\/uploads\/2020\/04\/DSCF8565.jpg\" alt=\"\" width=\"380\" height=\"253\" \/><\/p>\n<p><strong>DE LA VIE DE SQUATTEUR \u00c0 \u2018FREEGAN\u2019<\/strong><br \/>\nQ<em>uelques ann\u00e9es plus tard, le \u2018freeganisme\u2019* est arriv\u00e9 comme une \u00e9vidence. J\u2019ai suivi un groupe d\u2019anglo-saxons qui nourrissait 25 personnes du squat en r\u00e9cup\u00e9rant de la nourriture dans les poubelles des supermarch\u00e9s. Je me suis dis : finalement pourquoi acheter alors que les poubelles sont pleines\u00a0? A cette \u00e9poque, je vivais dans un squat du 3\u00e8me arrondissement de Paris. Nous \u00e9tions 11, tous les soirs, \u00e0 venir chercher ce qui \u00e9tait jet\u00e9 dans les poubelles: un sdf, une mamie qui n\u2019avait pas assez d\u2019aides, une \u00e9tudiante amaigrie de ne manger que des p\u00e2tes tous les soirs\u2026on trouvait tous les profils. Tout ce beau monde \u00e9tait bien ensemble. Puis, je trouvais tellement de nourriture que j\u2019ai commenc\u00e9 \u00e0 organiser des ap\u00e9ros, chez moi, pour mes potes. Il me restait encore de quoi manger. J\u2019ai donc cherch\u00e9 \u00e0 sensibiliser encore plus de monde \u00e0 cette pratique. C\u2019est ainsi que le projet du \u2018Freegan\u2019 est n\u00e9.<\/em><br \/>\n*mode de vie et philosophie qui consiste \u00e0 ne vivre que de gratuit<\/p>\n<p><img loading=\"lazy\" decoding=\"async\" class=\"alignnone wp-image-1018\" src=\"https:\/\/leherpeurparis.com\/wp-content\/uploads\/2020\/04\/DSCF8563.jpg\" alt=\"\" width=\"313\" height=\"469\" \/>\u00a0<a href=\"https:\/\/leherpeurparis.com\/wp-content\/uploads\/2020\/04\/DSCF8589.jpg\"><img loading=\"lazy\" decoding=\"async\" class=\"alignnone wp-image-1020\" src=\"https:\/\/leherpeurparis.com\/wp-content\/uploads\/2020\/04\/DSCF8589.jpg\" alt=\"\" width=\"311\" height=\"467\" \/><\/a><\/p>\n<p><strong>LA NAISSANCE DU FREEGAN PONY<\/strong><br \/>\n<em>J\u2019ai rep\u00e9r\u00e9 ce lieu il y a plus de 6 ans. Je sentais le volume potentiel derri\u00e8re cette porte. Y p\u00e9n\u00e9trer a \u00e9t\u00e9 tr\u00e8s compliqu\u00e9. Cet ancien hangar de la voirie, situ\u00e9 sous le p\u00e9riph\u00e9rique, avec rien autour, \u00e9tait un vrai No man\u2019s land. Le lieu \u00e9tait tr\u00e8s encombr\u00e9 et surtout tr\u00e8s sale. Nous avons pass\u00e9 2 mois \u00e0 tout remettre en \u00e9tat\u2026et tu\u00e9 6 aspirateurs ! Pendant 4 mois, on y a organis\u00e9 des soir\u00e9es appel\u00e9es \u2018PeriPate\u2019, sur le m\u00eame principe que les soir\u00e9es Pipi Caca (club-squat du collectif Poney Club install\u00e9 dans d&#8217;anciennes toilettes publiques au m\u00e9tro Bonne Nouvelle). Puis est venue l\u2019id\u00e9e de monter un restaurant. Nous avons d\u00e9march\u00e9 les grossistes de Rungis pour r\u00e9cup\u00e9rer leurs invendus. Ce lieu, o\u00f9 tout le monde pouvait venir manger, \u00e9tait plus qu\u2019un restaurant, c\u2019\u00e9tait un lieu de rencontre. Aujourd\u2019hui, le restaurant a ferm\u00e9 pour une question de normes. Mais gr\u00e2ce au financement participatif et \u00e0 l\u2019aide de la Mairie de Paris, nous esp\u00e9rons rouvrir le FreeganPony le 16 octobre : c\u2019est la journ\u00e9e mondiale contre le gaspillage alimentaire. On aime le symbole !<\/em><\/p>\n<p><strong>LE GRAND PARIS<\/strong><br \/>\n<em>Paris a \u00e9t\u00e9 sa propre banlieue, on a tendance \u00e0 l\u2019oublier. Paris n\u2019a cess\u00e9 d\u2019absorber sa banlieue petit \u00e0 petit. Paris avant, ce n\u2019\u00e9tait que quatre quartiers ! Aujourd\u2019hui, Paris a plus que jamais besoin de sa banlieue : elle lui apporte un nouveau souffle. Paris suffoque. La nuit parisienne a recommenc\u00e9 \u00e0 exister parce qu\u2019elle a accept\u00e9 de d\u00e9passer le \u2018p\u00e9riph\u2019 en investissant de nouveaux espaces. Il y a quelques ann\u00e9es, il aurait \u00e9t\u00e9 inconcevable de faire la f\u00eate \u00e0 Aubervilliers. M\u00eame pour un squatteur, vivre en zone 2, c\u2019\u00e9tait le bout du monde !<\/em><br \/>\n<em>Un Paris id\u00e9al dans 10 ans, ce serait une ville sans p\u00e9riph\u00e9rique car Paris est enclav\u00e9e par cette barri\u00e8re psychologique. Il faudrait d\u00e9truire ce p\u00e9riph\u00e9rique, d\u2019autres grandes villes du monde l\u2019ont bien fait. Et \u00e9videmment, cela passerait aussi par une ville plus juste, dans laquelle on utiliserait moins la voiture.<\/em><br \/>\n<em>Je suis un insatiable : j\u2019ai toujours beaucoup d\u2019envies et de d\u00e9sirs. J\u2019aurais d\u00fb avoir un fr\u00e8re jumeau\u2026alors j\u2019essaye de vivre pour deux.\u00a0\u00bb<\/em><\/p>\n<p>Photographies \u00a9 Neige de Benedetti<\/p>\n<p><a href=\"http:\/\/neigedebenedetti.it\">http:\/\/neigedebenedetti.it<\/a><\/p>\n<p><span style=\"text-indent: 20px;width: auto;padding: 0px 4px 0px 0px;text-align: center;font: bold 11px\/20px 'Helvetica Neue',Helvetica,sans-serif;color: #ffffff;background: #bd081c no-repeat scroll 3px 50% \/ 14px 14px;cursor: pointer\">Enregistrer<\/span><\/p>\n","protected":false},"excerpt":{"rendered":"<p>Dans le cadre de notre conf\u00e9rence &#8216;Les Grands Parisiens&#8217; du 27 Juin, nous sommes all\u00e9s \u00e0 la rencontre de Parisiens intra et extra-muros qui font voir la vie en Grand. [&hellip;]<\/p>\n","protected":false},"author":2,"featured_media":339,"comment_status":"open","ping_status":"open","sticky":false,"template":"","format":"standard","meta":{"_acf_changed":false,"footnotes":""},"categories":[1],"tags":[55,56,57,58,59,60,61,62,63,64,65,66,67,68,69,70],"class_list":["post-334","post","type-post","status-publish","format-standard","has-post-thumbnail","hentry","category-non-classifiee","tag-aladdincharni","tag-bureaudeconseil","tag-bureaudetendance","tag-bureauleherpeur","tag-freeganponey","tag-grandparis","tag-grandsparisiens","tag-leherpeur","tag-martineleherpeur","tag-martineleherpeurconseil","tag-neigedebenedetti","tag-night","tag-paris","tag-people","tag-underground","tag-upcycling"],"acf":[],"yoast_head":"<!-- This site is optimized with the Yoast SEO plugin v27.5 - https:\/\/yoast.com\/product\/yoast-seo-wordpress\/ -->\n<title>LES GRANDS PARISIENS \/\/ ALADDIN CHARNI DU FREEGAN PONY | LeherpeurParis<\/title>\n<meta name=\"robots\" content=\"index, follow, max-snippet:-1, max-image-preview:large, max-video-preview:-1\" \/>\n<link rel=\"canonical\" href=\"https:\/\/leherpeurparis.com\/en\/non-classifiee\/les-grands-parisiens-aladdin-charni-du-freegan-pony\/\" \/>\n<meta property=\"og:locale\" content=\"en_US\" \/>\n<meta property=\"og:type\" content=\"article\" \/>\n<meta property=\"og:title\" content=\"LES GRANDS PARISIENS \/\/ ALADDIN CHARNI DU FREEGAN PONY | LeherpeurParis\" \/>\n<meta property=\"og:description\" content=\"Dans le cadre de notre conf\u00e9rence &#8216;Les Grands Parisiens&#8217; du 27 Juin, nous sommes all\u00e9s \u00e0 la rencontre de Parisiens intra et extra-muros qui font voir la vie en Grand. [&hellip;]\" \/>\n<meta property=\"og:url\" content=\"https:\/\/leherpeurparis.com\/en\/non-classifiee\/les-grands-parisiens-aladdin-charni-du-freegan-pony\/\" \/>\n<meta property=\"og:site_name\" content=\"LeherpeurParis\" \/>\n<meta property=\"article:published_time\" content=\"2017-06-16T22:00:00+00:00\" \/>\n<meta property=\"og:image\" content=\"https:\/\/leherpeurparis.com\/wp-content\/uploads\/2020\/04\/Capture-d\u2019ecran-2017-06-22-a-15.51.47.png\" \/>\n\t<meta property=\"og:image:width\" content=\"768\" \/>\n\t<meta property=\"og:image:height\" content=\"547\" \/>\n\t<meta property=\"og:image:type\" content=\"image\/png\" \/>\n<meta name=\"author\" content=\"Simon\" \/>\n<meta name=\"twitter:card\" content=\"summary_large_image\" \/>\n<meta name=\"twitter:label1\" content=\"Written by\" \/>\n\t<meta name=\"twitter:data1\" content=\"Simon\" \/>\n\t<meta name=\"twitter:label2\" content=\"Est. reading time\" \/>\n\t<meta name=\"twitter:data2\" content=\"5 minutes\" \/>\n<script type=\"application\/ld+json\" class=\"yoast-schema-graph\">{\"@context\":\"https:\\\/\\\/schema.org\",\"@graph\":[{\"@type\":\"Article\",\"@id\":\"https:\\\/\\\/leherpeurparis.com\\\/en\\\/non-classifiee\\\/les-grands-parisiens-aladdin-charni-du-freegan-pony\\\/#article\",\"isPartOf\":{\"@id\":\"https:\\\/\\\/leherpeurparis.com\\\/en\\\/non-classifiee\\\/les-grands-parisiens-aladdin-charni-du-freegan-pony\\\/\"},\"author\":{\"name\":\"Simon\",\"@id\":\"https:\\\/\\\/leherpeurparis.com\\\/en\\\/#\\\/schema\\\/person\\\/27c01fe4e84a72cc2d259d4baa3576ae\"},\"headline\":\"LES GRANDS PARISIENS \\\/\\\/ ALADDIN CHARNI DU FREEGAN PONY\",\"datePublished\":\"2017-06-16T22:00:00+00:00\",\"mainEntityOfPage\":{\"@id\":\"https:\\\/\\\/leherpeurparis.com\\\/en\\\/non-classifiee\\\/les-grands-parisiens-aladdin-charni-du-freegan-pony\\\/\"},\"wordCount\":938,\"commentCount\":0,\"publisher\":{\"@id\":\"https:\\\/\\\/leherpeurparis.com\\\/en\\\/#organization\"},\"image\":{\"@id\":\"https:\\\/\\\/leherpeurparis.com\\\/en\\\/non-classifiee\\\/les-grands-parisiens-aladdin-charni-du-freegan-pony\\\/#primaryimage\"},\"thumbnailUrl\":\"https:\\\/\\\/leherpeurparis.com\\\/wp-content\\\/uploads\\\/2020\\\/04\\\/Capture-d\u2019ecran-2017-06-22-a-15.51.47.png\",\"keywords\":[\"aladdincharni\",\"bureaudeconseil\",\"bureaudetendance\",\"bureauleherpeur\",\"freeganponey\",\"grandparis\",\"grandsparisiens\",\"leherpeur\",\"martineleherpeur\",\"martineleherpeurconseil\",\"neigedebenedetti\",\"night\",\"paris\",\"people\",\"underground\",\"upcycling\"],\"articleSection\":[\"Non classifi\u00e9(e)\"],\"inLanguage\":\"en-US\",\"potentialAction\":[{\"@type\":\"CommentAction\",\"name\":\"Comment\",\"target\":[\"https:\\\/\\\/leherpeurparis.com\\\/en\\\/non-classifiee\\\/les-grands-parisiens-aladdin-charni-du-freegan-pony\\\/#respond\"]}]},{\"@type\":\"WebPage\",\"@id\":\"https:\\\/\\\/leherpeurparis.com\\\/en\\\/non-classifiee\\\/les-grands-parisiens-aladdin-charni-du-freegan-pony\\\/\",\"url\":\"https:\\\/\\\/leherpeurparis.com\\\/en\\\/non-classifiee\\\/les-grands-parisiens-aladdin-charni-du-freegan-pony\\\/\",\"name\":\"LES GRANDS PARISIENS \\\/\\\/ ALADDIN CHARNI DU FREEGAN PONY | LeherpeurParis\",\"isPartOf\":{\"@id\":\"https:\\\/\\\/leherpeurparis.com\\\/en\\\/#website\"},\"primaryImageOfPage\":{\"@id\":\"https:\\\/\\\/leherpeurparis.com\\\/en\\\/non-classifiee\\\/les-grands-parisiens-aladdin-charni-du-freegan-pony\\\/#primaryimage\"},\"image\":{\"@id\":\"https:\\\/\\\/leherpeurparis.com\\\/en\\\/non-classifiee\\\/les-grands-parisiens-aladdin-charni-du-freegan-pony\\\/#primaryimage\"},\"thumbnailUrl\":\"https:\\\/\\\/leherpeurparis.com\\\/wp-content\\\/uploads\\\/2020\\\/04\\\/Capture-d\u2019ecran-2017-06-22-a-15.51.47.png\",\"datePublished\":\"2017-06-16T22:00:00+00:00\",\"breadcrumb\":{\"@id\":\"https:\\\/\\\/leherpeurparis.com\\\/en\\\/non-classifiee\\\/les-grands-parisiens-aladdin-charni-du-freegan-pony\\\/#breadcrumb\"},\"inLanguage\":\"en-US\",\"potentialAction\":[{\"@type\":\"ReadAction\",\"target\":[\"https:\\\/\\\/leherpeurparis.com\\\/en\\\/non-classifiee\\\/les-grands-parisiens-aladdin-charni-du-freegan-pony\\\/\"]}]},{\"@type\":\"ImageObject\",\"inLanguage\":\"en-US\",\"@id\":\"https:\\\/\\\/leherpeurparis.com\\\/en\\\/non-classifiee\\\/les-grands-parisiens-aladdin-charni-du-freegan-pony\\\/#primaryimage\",\"url\":\"https:\\\/\\\/leherpeurparis.com\\\/wp-content\\\/uploads\\\/2020\\\/04\\\/Capture-d\u2019ecran-2017-06-22-a-15.51.47.png\",\"contentUrl\":\"https:\\\/\\\/leherpeurparis.com\\\/wp-content\\\/uploads\\\/2020\\\/04\\\/Capture-d\u2019ecran-2017-06-22-a-15.51.47.png\",\"width\":768,\"height\":547},{\"@type\":\"BreadcrumbList\",\"@id\":\"https:\\\/\\\/leherpeurparis.com\\\/en\\\/non-classifiee\\\/les-grands-parisiens-aladdin-charni-du-freegan-pony\\\/#breadcrumb\",\"itemListElement\":[{\"@type\":\"ListItem\",\"position\":1,\"name\":\"Accueil\",\"item\":\"https:\\\/\\\/leherpeurparis.com\\\/en\\\/\"},{\"@type\":\"ListItem\",\"position\":2,\"name\":\"LES GRANDS PARISIENS \\\/\\\/ ALADDIN CHARNI DU FREEGAN PONY\"}]},{\"@type\":\"WebSite\",\"@id\":\"https:\\\/\\\/leherpeurparis.com\\\/en\\\/#website\",\"url\":\"https:\\\/\\\/leherpeurparis.com\\\/en\\\/\",\"name\":\"LeherpeurParis\",\"description\":\"Consulting office - Paris and Shanghai\",\"publisher\":{\"@id\":\"https:\\\/\\\/leherpeurparis.com\\\/en\\\/#organization\"},\"potentialAction\":[{\"@type\":\"SearchAction\",\"target\":{\"@type\":\"EntryPoint\",\"urlTemplate\":\"https:\\\/\\\/leherpeurparis.com\\\/en\\\/?s={search_term_string}\"},\"query-input\":{\"@type\":\"PropertyValueSpecification\",\"valueRequired\":true,\"valueName\":\"search_term_string\"}}],\"inLanguage\":\"en-US\"},{\"@type\":\"Organization\",\"@id\":\"https:\\\/\\\/leherpeurparis.com\\\/en\\\/#organization\",\"name\":\"Leherpeur Paris\",\"url\":\"https:\\\/\\\/leherpeurparis.com\\\/en\\\/\",\"logo\":{\"@type\":\"ImageObject\",\"inLanguage\":\"en-US\",\"@id\":\"https:\\\/\\\/leherpeurparis.com\\\/en\\\/#\\\/schema\\\/logo\\\/image\\\/\",\"url\":\"https:\\\/\\\/leherpeurparis.com\\\/wp-content\\\/uploads\\\/2022\\\/07\\\/Logo-Leherpeur-Paris.jpg\",\"contentUrl\":\"https:\\\/\\\/leherpeurparis.com\\\/wp-content\\\/uploads\\\/2022\\\/07\\\/Logo-Leherpeur-Paris.jpg\",\"width\":800,\"height\":300,\"caption\":\"Leherpeur Paris\"},\"image\":{\"@id\":\"https:\\\/\\\/leherpeurparis.com\\\/en\\\/#\\\/schema\\\/logo\\\/image\\\/\"},\"sameAs\":[\"https:\\\/\\\/www.instagram.com\\\/leherpeurparis\\\/\",\"https:\\\/\\\/www.pinterest.fr\\\/mlcparis\\\/\",\"https:\\\/\\\/www.linkedin.com\\\/company\\\/bureauleherpeur\\\/\"]},{\"@type\":\"Person\",\"@id\":\"https:\\\/\\\/leherpeurparis.com\\\/en\\\/#\\\/schema\\\/person\\\/27c01fe4e84a72cc2d259d4baa3576ae\",\"name\":\"Simon\",\"image\":{\"@type\":\"ImageObject\",\"inLanguage\":\"en-US\",\"@id\":\"https:\\\/\\\/secure.gravatar.com\\\/avatar\\\/1a29c5ce3ebd4e31a16bdc89f155e5ec147c35b0effb4174a77f34f9499ec2a8?s=96&d=mm&r=g\",\"url\":\"https:\\\/\\\/secure.gravatar.com\\\/avatar\\\/1a29c5ce3ebd4e31a16bdc89f155e5ec147c35b0effb4174a77f34f9499ec2a8?s=96&d=mm&r=g\",\"contentUrl\":\"https:\\\/\\\/secure.gravatar.com\\\/avatar\\\/1a29c5ce3ebd4e31a16bdc89f155e5ec147c35b0effb4174a77f34f9499ec2a8?s=96&d=mm&r=g\",\"caption\":\"Simon\"},\"url\":\"https:\\\/\\\/leherpeurparis.com\\\/en\\\/author\\\/adminleherpeur\\\/\"}]}<\/script>\n<!-- \/ Yoast SEO plugin. -->","yoast_head_json":{"title":"LES GRANDS PARISIENS \/\/ ALADDIN CHARNI DU FREEGAN PONY | LeherpeurParis","robots":{"index":"index","follow":"follow","max-snippet":"max-snippet:-1","max-image-preview":"max-image-preview:large","max-video-preview":"max-video-preview:-1"},"canonical":"https:\/\/leherpeurparis.com\/en\/non-classifiee\/les-grands-parisiens-aladdin-charni-du-freegan-pony\/","og_locale":"en_US","og_type":"article","og_title":"LES GRANDS PARISIENS \/\/ ALADDIN CHARNI DU FREEGAN PONY | LeherpeurParis","og_description":"Dans le cadre de notre conf\u00e9rence &#8216;Les Grands Parisiens&#8217; du 27 Juin, nous sommes all\u00e9s \u00e0 la rencontre de Parisiens intra et extra-muros qui font voir la vie en Grand. [&hellip;]","og_url":"https:\/\/leherpeurparis.com\/en\/non-classifiee\/les-grands-parisiens-aladdin-charni-du-freegan-pony\/","og_site_name":"LeherpeurParis","article_published_time":"2017-06-16T22:00:00+00:00","og_image":[{"width":768,"height":547,"url":"https:\/\/leherpeurparis.com\/wp-content\/uploads\/2020\/04\/Capture-d\u2019ecran-2017-06-22-a-15.51.47.png","type":"image\/png"}],"author":"Simon","twitter_card":"summary_large_image","twitter_misc":{"Written by":"Simon","Est. reading time":"5 minutes"},"schema":{"@context":"https:\/\/schema.org","@graph":[{"@type":"Article","@id":"https:\/\/leherpeurparis.com\/en\/non-classifiee\/les-grands-parisiens-aladdin-charni-du-freegan-pony\/#article","isPartOf":{"@id":"https:\/\/leherpeurparis.com\/en\/non-classifiee\/les-grands-parisiens-aladdin-charni-du-freegan-pony\/"},"author":{"name":"Simon","@id":"https:\/\/leherpeurparis.com\/en\/#\/schema\/person\/27c01fe4e84a72cc2d259d4baa3576ae"},"headline":"LES GRANDS PARISIENS \/\/ ALADDIN CHARNI DU FREEGAN PONY","datePublished":"2017-06-16T22:00:00+00:00","mainEntityOfPage":{"@id":"https:\/\/leherpeurparis.com\/en\/non-classifiee\/les-grands-parisiens-aladdin-charni-du-freegan-pony\/"},"wordCount":938,"commentCount":0,"publisher":{"@id":"https:\/\/leherpeurparis.com\/en\/#organization"},"image":{"@id":"https:\/\/leherpeurparis.com\/en\/non-classifiee\/les-grands-parisiens-aladdin-charni-du-freegan-pony\/#primaryimage"},"thumbnailUrl":"https:\/\/leherpeurparis.com\/wp-content\/uploads\/2020\/04\/Capture-d\u2019ecran-2017-06-22-a-15.51.47.png","keywords":["aladdincharni","bureaudeconseil","bureaudetendance","bureauleherpeur","freeganponey","grandparis","grandsparisiens","leherpeur","martineleherpeur","martineleherpeurconseil","neigedebenedetti","night","paris","people","underground","upcycling"],"articleSection":["Non classifi\u00e9(e)"],"inLanguage":"en-US","potentialAction":[{"@type":"CommentAction","name":"Comment","target":["https:\/\/leherpeurparis.com\/en\/non-classifiee\/les-grands-parisiens-aladdin-charni-du-freegan-pony\/#respond"]}]},{"@type":"WebPage","@id":"https:\/\/leherpeurparis.com\/en\/non-classifiee\/les-grands-parisiens-aladdin-charni-du-freegan-pony\/","url":"https:\/\/leherpeurparis.com\/en\/non-classifiee\/les-grands-parisiens-aladdin-charni-du-freegan-pony\/","name":"LES GRANDS PARISIENS \/\/ ALADDIN CHARNI DU FREEGAN PONY | LeherpeurParis","isPartOf":{"@id":"https:\/\/leherpeurparis.com\/en\/#website"},"primaryImageOfPage":{"@id":"https:\/\/leherpeurparis.com\/en\/non-classifiee\/les-grands-parisiens-aladdin-charni-du-freegan-pony\/#primaryimage"},"image":{"@id":"https:\/\/leherpeurparis.com\/en\/non-classifiee\/les-grands-parisiens-aladdin-charni-du-freegan-pony\/#primaryimage"},"thumbnailUrl":"https:\/\/leherpeurparis.com\/wp-content\/uploads\/2020\/04\/Capture-d\u2019ecran-2017-06-22-a-15.51.47.png","datePublished":"2017-06-16T22:00:00+00:00","breadcrumb":{"@id":"https:\/\/leherpeurparis.com\/en\/non-classifiee\/les-grands-parisiens-aladdin-charni-du-freegan-pony\/#breadcrumb"},"inLanguage":"en-US","potentialAction":[{"@type":"ReadAction","target":["https:\/\/leherpeurparis.com\/en\/non-classifiee\/les-grands-parisiens-aladdin-charni-du-freegan-pony\/"]}]},{"@type":"ImageObject","inLanguage":"en-US","@id":"https:\/\/leherpeurparis.com\/en\/non-classifiee\/les-grands-parisiens-aladdin-charni-du-freegan-pony\/#primaryimage","url":"https:\/\/leherpeurparis.com\/wp-content\/uploads\/2020\/04\/Capture-d\u2019ecran-2017-06-22-a-15.51.47.png","contentUrl":"https:\/\/leherpeurparis.com\/wp-content\/uploads\/2020\/04\/Capture-d\u2019ecran-2017-06-22-a-15.51.47.png","width":768,"height":547},{"@type":"BreadcrumbList","@id":"https:\/\/leherpeurparis.com\/en\/non-classifiee\/les-grands-parisiens-aladdin-charni-du-freegan-pony\/#breadcrumb","itemListElement":[{"@type":"ListItem","position":1,"name":"Accueil","item":"https:\/\/leherpeurparis.com\/en\/"},{"@type":"ListItem","position":2,"name":"LES GRANDS PARISIENS \/\/ ALADDIN CHARNI DU FREEGAN PONY"}]},{"@type":"WebSite","@id":"https:\/\/leherpeurparis.com\/en\/#website","url":"https:\/\/leherpeurparis.com\/en\/","name":"LeherpeurParis","description":"Consulting office - Paris and Shanghai","publisher":{"@id":"https:\/\/leherpeurparis.com\/en\/#organization"},"potentialAction":[{"@type":"SearchAction","target":{"@type":"EntryPoint","urlTemplate":"https:\/\/leherpeurparis.com\/en\/?s={search_term_string}"},"query-input":{"@type":"PropertyValueSpecification","valueRequired":true,"valueName":"search_term_string"}}],"inLanguage":"en-US"},{"@type":"Organization","@id":"https:\/\/leherpeurparis.com\/en\/#organization","name":"Leherpeur Paris","url":"https:\/\/leherpeurparis.com\/en\/","logo":{"@type":"ImageObject","inLanguage":"en-US","@id":"https:\/\/leherpeurparis.com\/en\/#\/schema\/logo\/image\/","url":"https:\/\/leherpeurparis.com\/wp-content\/uploads\/2022\/07\/Logo-Leherpeur-Paris.jpg","contentUrl":"https:\/\/leherpeurparis.com\/wp-content\/uploads\/2022\/07\/Logo-Leherpeur-Paris.jpg","width":800,"height":300,"caption":"Leherpeur Paris"},"image":{"@id":"https:\/\/leherpeurparis.com\/en\/#\/schema\/logo\/image\/"},"sameAs":["https:\/\/www.instagram.com\/leherpeurparis\/","https:\/\/www.pinterest.fr\/mlcparis\/","https:\/\/www.linkedin.com\/company\/bureauleherpeur\/"]},{"@type":"Person","@id":"https:\/\/leherpeurparis.com\/en\/#\/schema\/person\/27c01fe4e84a72cc2d259d4baa3576ae","name":"Simon","image":{"@type":"ImageObject","inLanguage":"en-US","@id":"https:\/\/secure.gravatar.com\/avatar\/1a29c5ce3ebd4e31a16bdc89f155e5ec147c35b0effb4174a77f34f9499ec2a8?s=96&d=mm&r=g","url":"https:\/\/secure.gravatar.com\/avatar\/1a29c5ce3ebd4e31a16bdc89f155e5ec147c35b0effb4174a77f34f9499ec2a8?s=96&d=mm&r=g","contentUrl":"https:\/\/secure.gravatar.com\/avatar\/1a29c5ce3ebd4e31a16bdc89f155e5ec147c35b0effb4174a77f34f9499ec2a8?s=96&d=mm&r=g","caption":"Simon"},"url":"https:\/\/leherpeurparis.com\/en\/author\/adminleherpeur\/"}]}},"_links":{"self":[{"href":"https:\/\/leherpeurparis.com\/en\/wp-json\/wp\/v2\/posts\/334","targetHints":{"allow":["GET"]}}],"collection":[{"href":"https:\/\/leherpeurparis.com\/en\/wp-json\/wp\/v2\/posts"}],"about":[{"href":"https:\/\/leherpeurparis.com\/en\/wp-json\/wp\/v2\/types\/post"}],"author":[{"embeddable":true,"href":"https:\/\/leherpeurparis.com\/en\/wp-json\/wp\/v2\/users\/2"}],"replies":[{"embeddable":true,"href":"https:\/\/leherpeurparis.com\/en\/wp-json\/wp\/v2\/comments?post=334"}],"version-history":[{"count":0,"href":"https:\/\/leherpeurparis.com\/en\/wp-json\/wp\/v2\/posts\/334\/revisions"}],"wp:featuredmedia":[{"embeddable":true,"href":"https:\/\/leherpeurparis.com\/en\/wp-json\/wp\/v2\/media\/339"}],"wp:attachment":[{"href":"https:\/\/leherpeurparis.com\/en\/wp-json\/wp\/v2\/media?parent=334"}],"wp:term":[{"taxonomy":"category","embeddable":true,"href":"https:\/\/leherpeurparis.com\/en\/wp-json\/wp\/v2\/categories?post=334"},{"taxonomy":"post_tag","embeddable":true,"href":"https:\/\/leherpeurparis.com\/en\/wp-json\/wp\/v2\/tags?post=334"}],"curies":[{"name":"wp","href":"https:\/\/api.w.org\/{rel}","templated":true}]}}