{"id":2031,"date":"2022-02-28T16:14:22","date_gmt":"2022-02-28T15:14:22","guid":{"rendered":"https:\/\/leherpeurparis.com\/?p=2031"},"modified":"2022-03-22T10:14:30","modified_gmt":"2022-03-22T09:14:30","slug":"conversation-avec-gaelle-mancina-quand-la-couleur-se-met-a-table","status":"publish","type":"post","link":"https:\/\/leherpeurparis.com\/en\/boostyourcreativity\/conversation-avec-gaelle-mancina-quand-la-couleur-se-met-a-table\/","title":{"rendered":"Conversation avec Ga\u00eblle Mancina : Quand la couleur se met \u00e0 table"},"content":{"rendered":"\n<p>\u00c0 l\u2019occasion de la pr\u00e9sentation de notre <a href=\"https:\/\/leherpeurparis.com\/creation-concept-lieu\/etude-colors-up-comment-les-nouveaux-langages-couleurs-font-bouger-notre-vision-du-monde\/\">\u00e9tude su<\/a><a href=\"https:\/\/leherpeurparis.com\/creation-concept-lieu\/etude-colors-up-comment-les-nouveaux-langages-couleurs-font-bouger-notre-vision-du-monde\/\" target=\"_blank\" rel=\"noreferrer noopener\">r la couleur et ses nouveaux langages<\/a>, nous avions sollicit\u00e9 la table setter et cr\u00e9atrice de la marque de vaisselle chin\u00e9e, <a href=\"https:\/\/sansfaconparis.com\">Sans Fa\u00e7on<\/a>,&nbsp;Ga\u00eblle&nbsp;Mancina,&nbsp;qui&nbsp;place&nbsp;la&nbsp;couleur&nbsp;au&nbsp;c\u0153ur de&nbsp;sa&nbsp;d\u00e9marche cr\u00e9ative.&nbsp;<\/p>\n\n\n\n<p>Si&nbsp;la&nbsp;couleur&nbsp;code,&nbsp;structure,&nbsp;peint&nbsp;nos&nbsp;soci\u00e9t\u00e9s, sa perception, son utilisation et son ressenti sont aussi des questions de l\u2019intime et r\u00e9sultent souvent d\u2019une approche personnelle. En ce sens, nous avons eu envie de comprendre quel r\u00f4le donnait Ga\u00eblle&nbsp;Mancina&nbsp;\u00e0 la couleur dans son&nbsp;processus&nbsp;cr\u00e9atif ainsi que son quotidien et quels messages souhaitait-elle transmettre \u00e0 travers elle.<\/p>\n\n\n\n<figure class=\"wp-block-image size-large\"><img loading=\"lazy\" decoding=\"async\" width=\"1024\" height=\"1024\" src=\"https:\/\/leherpeurparis.com\/wp-content\/uploads\/2022\/02\/Gaelle-Mancina-5-1024x1024.jpeg\" alt=\"\" class=\"wp-image-2033\" srcset=\"https:\/\/leherpeurparis.com\/wp-content\/uploads\/2022\/02\/Gaelle-Mancina-5-1024x1024.jpeg 1024w, https:\/\/leherpeurparis.com\/wp-content\/uploads\/2022\/02\/Gaelle-Mancina-5-300x300.jpeg 300w, https:\/\/leherpeurparis.com\/wp-content\/uploads\/2022\/02\/Gaelle-Mancina-5-150x150.jpeg 150w, https:\/\/leherpeurparis.com\/wp-content\/uploads\/2022\/02\/Gaelle-Mancina-5-768x768.jpeg 768w, https:\/\/leherpeurparis.com\/wp-content\/uploads\/2022\/02\/Gaelle-Mancina-5.jpeg 1080w\" sizes=\"auto, (max-width: 1024px) 100vw, 1024px\" \/><figcaption><a href=\"https:\/\/www.instagram.com\/gaellemancina\/\">Ga\u00eblle Mancina<\/a><\/figcaption><\/figure>\n\n\n\n<h3 class=\"wp-block-heading\">\/Qui es-tu ? Que fais-tu ? D\u2019o\u00f9 viens-tu ?<\/h3>\n\n\n\n<p>Je m\u2019appelle Ga\u00eblle&nbsp;Mancina.&nbsp;Je suis la fondatrice du site <a href=\"https:\/\/sansfaconparis.com\" target=\"_blank\" rel=\"noreferrer noopener\">Sans Fa\u00e7on<\/a>, un site en ligne proposant une s\u00e9lection de vaisselle vintage, chin\u00e9e dans toute la France.&nbsp;Je travaille \u00e9galement dans l\u2019\u00e9v\u00e9nementiel en partenariat avec le <a href=\"https:\/\/www.instagram.com\/leclubdusouper\/\">Club du souper&nbsp;<\/a>au sein duquel&nbsp;on organise des d\u00eeners priv\u00e9s.&nbsp;Je vis \u00e0 Paris depuis 18 ans et je viens de l\u2019H\u00e9rault dans le Sud de la France.<\/p>\n\n\n\n<h2 class=\"has-medium-font-size wp-block-heading\">LES COULEURS DE TA VIE<\/h2>\n\n\n\n<h3 class=\"wp-block-heading\">\/Quelle place occupe la couleur dans ta vie&nbsp;?&nbsp;<\/h3>\n\n\n\n<p>La couleur joue un r\u00f4le tr\u00e8s important dans ma vie. Elle symbolise mes envies, mon \u00e9tat d\u2019esprit, ma vision du monde. Elle me permet de me r\u00e9inventer et de me construire une identit\u00e9 fleurie et acidul\u00e9e.&nbsp;Elle occupe une grande place dans ma vie car tous mes choix stylistiques et environnementaux sont cr\u00e9\u00e9s autour d\u2019elle.&nbsp;<\/p>\n\n\n\n<h3 class=\"wp-block-heading\">\/Si tu pouvais \u00eatre une couleur, laquelle serais-tu&nbsp;?&nbsp;Pourquoi ?<\/h3>\n\n\n\n<p>C\u2019est tr\u00e8s difficile de r\u00e9pondre \u00e0 cette question car j\u2019aime les feux d\u2019artifices visuels, mais je pense avoir un penchant&nbsp;pour le Jaune !&nbsp;J\u2019associe le jaune \u00e0 la lumi\u00e8re et la spiritualit\u00e9. Je trouve que c\u2019est une couleur audacieuse. Elle \u00e9voque un \u00e9clat de soleil, la force, la vie, la chaleur, l\u2019accueil, les rayons de lumi\u00e8res, les vibrations, les vacances.&nbsp;C\u2019est une couleur qui me rassure car elle est porteuse de vie et de joie.<\/p>\n\n\n\n<h3 class=\"wp-block-heading\">\/Quelles sont les couleurs de ta vie&nbsp;?&nbsp;<\/h3>\n\n\n\n<p>Les couleurs de ma vie sont le violet, jaune et le vert. Le violet pour le myst\u00e8re, le jaune pour l\u2019audace et le vert pour l\u2019intuition. C&#8217;est aussi la couleur de mon enfance, \u00e9tant donn\u00e9 que j\u2019ai v\u00e9cu \u00e0 la campagne le raccourci est vite fait. Elle est associ\u00e9e, dans mon cerveau, \u00e0 l\u2019herbe coup\u00e9e, \u00e0 la nature, la for\u00eat, les \u00e9pinards de la cantine (Miam !), au sapin de No\u00ebl et tant d\u2019autres choses li\u00e9es \u00e0 la couleur verte.<br>Concernant mon appartement j\u2019aime le c\u00f4t\u00e9 paisible et serein du bleu gris, cette couleur qui maintien l\u2019\u00e9quilibre, parce que le reste de la d\u00e9coration est assez \u00e9dulcor\u00e9e !&nbsp;<\/p>\n\n\n\n<figure class=\"wp-block-gallery columns-2 is-cropped wp-block-gallery-1 is-layout-flex wp-block-gallery-is-layout-flex\"><ul class=\"blocks-gallery-grid\"><li class=\"blocks-gallery-item\"><figure><img loading=\"lazy\" decoding=\"async\" width=\"768\" height=\"1024\" src=\"https:\/\/leherpeurparis.com\/wp-content\/uploads\/2022\/02\/Images-envoyees-GM-3-3-768x1024.jpeg\" alt=\"\" data-id=\"2045\" data-full-url=\"https:\/\/leherpeurparis.com\/wp-content\/uploads\/2022\/02\/Images-envoyees-GM-3-3-1300x1733.jpeg\" data-link=\"https:\/\/leherpeurparis.com\/?attachment_id=2045\" class=\"wp-image-2045\" srcset=\"https:\/\/leherpeurparis.com\/wp-content\/uploads\/2022\/02\/Images-envoyees-GM-3-3-768x1024.jpeg 768w, https:\/\/leherpeurparis.com\/wp-content\/uploads\/2022\/02\/Images-envoyees-GM-3-3-225x300.jpeg 225w, https:\/\/leherpeurparis.com\/wp-content\/uploads\/2022\/02\/Images-envoyees-GM-3-3-1152x1536.jpeg 1152w, https:\/\/leherpeurparis.com\/wp-content\/uploads\/2022\/02\/Images-envoyees-GM-3-3-1536x2048.jpeg 1536w, https:\/\/leherpeurparis.com\/wp-content\/uploads\/2022\/02\/Images-envoyees-GM-3-3-330x440.jpeg 330w, https:\/\/leherpeurparis.com\/wp-content\/uploads\/2022\/02\/Images-envoyees-GM-3-3-1300x1733.jpeg 1300w, https:\/\/leherpeurparis.com\/wp-content\/uploads\/2022\/02\/Images-envoyees-GM-3-3-scaled.jpeg 1920w\" sizes=\"auto, (max-width: 768px) 100vw, 768px\" \/><\/figure><\/li><li class=\"blocks-gallery-item\"><figure><img loading=\"lazy\" decoding=\"async\" width=\"845\" height=\"1024\" src=\"https:\/\/leherpeurparis.com\/wp-content\/uploads\/2022\/02\/Gaelle-Mancina_2-845x1024.jpg\" alt=\"\" data-id=\"2046\" data-full-url=\"https:\/\/leherpeurparis.com\/wp-content\/uploads\/2022\/02\/Gaelle-Mancina_2.jpg\" data-link=\"https:\/\/leherpeurparis.com\/?attachment_id=2046\" class=\"wp-image-2046\" srcset=\"https:\/\/leherpeurparis.com\/wp-content\/uploads\/2022\/02\/Gaelle-Mancina_2-845x1024.jpg 845w, https:\/\/leherpeurparis.com\/wp-content\/uploads\/2022\/02\/Gaelle-Mancina_2-248x300.jpg 248w, https:\/\/leherpeurparis.com\/wp-content\/uploads\/2022\/02\/Gaelle-Mancina_2-768x931.jpg 768w, https:\/\/leherpeurparis.com\/wp-content\/uploads\/2022\/02\/Gaelle-Mancina_2.jpg 1080w\" sizes=\"auto, (max-width: 845px) 100vw, 845px\" \/><\/figure><\/li><\/ul><figcaption class=\"blocks-gallery-caption\"><a href=\"https:\/\/www.instagram.com\/gaellemancina\/\">Ga\u00eblle Mancina<\/a><\/figcaption><\/figure>\n\n\n\n<p class=\"has-medium-font-size\"><strong><span class=\"has-inline-color has-black-color\">LES COULEURS DE L&#8217;\u00c9POQUE<\/span><\/strong><\/p>\n\n\n\n<h3 class=\"has-medium-font-size wp-block-heading\">\/Quelle couleur t\u2019a marqu\u00e9 derni\u00e8rement&nbsp;? Pourquoi&nbsp;? Que repr\u00e9sente-t-elle pour toi?&nbsp;<\/h3>\n\n\n\n<p>La couleur qui m\u2019a le plus marqu\u00e9, c\u2019est le Bleu Klein. C\u2019est une couleur hybride et hors du temps.&nbsp;Elle incarne la libert\u00e9, le r\u00eave, le surr\u00e9alisme.&nbsp;Elle m\u2019\u00e9voque aussi le Maroc, le jardin Majorelle. C\u2019est une couleur qui a beaucoup de caract\u00e8re.&nbsp;<\/p>\n\n\n\n<h3 class=\"wp-block-heading\"><strong>\/<\/strong>Quelles sont pour toi la ou les couleur(s) du moment&nbsp;? Que disent-elles de notre \u00e9poque selon toi&nbsp;?<\/h3>\n\n\n\n<p>La couleur de notre \u00e9poque serait le Bleu ciel\u2026Elle repr\u00e9sente l\u2019espoir des jours meilleurs, la projection d\u2019un avenir plus radieux, le renouveau, l\u2019esp\u00e9rance, comme une transition des temps que nous vivons\u2026<\/p>\n\n\n\n<h3 class=\"wp-block-heading\">\/Un(e) cr\u00e9ateur(trice) \/ designer dont tu aimes l\u2019approche&nbsp;colorielle&nbsp;? Pourquoi&nbsp;? Qu\u2019est-ce qui te plait dans son utilisation de la couleur&nbsp;?&nbsp;<\/h3>\n\n\n\n<p>J\u2019aime beaucoup les couleurs de la marque Lemaire pour mon vestiaire personnel. Ses couleurs sont toujours tr\u00e8s neutres, organiques avec des pigments forts qui m\u2019apportent une s\u00e9r\u00e9nit\u00e9 visuelle. \u00c7a m\u2019apaise le regard. Elles sont profondes et complexes.&nbsp;<\/p>\n\n\n\n<figure class=\"wp-block-gallery columns-2 is-cropped wp-block-gallery-2 is-layout-flex wp-block-gallery-is-layout-flex\"><ul class=\"blocks-gallery-grid\"><li class=\"blocks-gallery-item\"><figure><img loading=\"lazy\" decoding=\"async\" width=\"819\" height=\"1024\" src=\"https:\/\/leherpeurparis.com\/wp-content\/uploads\/2022\/02\/Gaelle-Mancina-7-819x1024.jpeg\" alt=\"\" data-id=\"2041\" data-link=\"https:\/\/leherpeurparis.com\/?attachment_id=2041\" class=\"wp-image-2041\" srcset=\"https:\/\/leherpeurparis.com\/wp-content\/uploads\/2022\/02\/Gaelle-Mancina-7-819x1024.jpeg 819w, https:\/\/leherpeurparis.com\/wp-content\/uploads\/2022\/02\/Gaelle-Mancina-7-240x300.jpeg 240w, https:\/\/leherpeurparis.com\/wp-content\/uploads\/2022\/02\/Gaelle-Mancina-7-768x960.jpeg 768w, https:\/\/leherpeurparis.com\/wp-content\/uploads\/2022\/02\/Gaelle-Mancina-7.jpeg 960w\" sizes=\"auto, (max-width: 819px) 100vw, 819px\" \/><\/figure><\/li><li class=\"blocks-gallery-item\"><figure><img loading=\"lazy\" decoding=\"async\" width=\"768\" height=\"1024\" src=\"https:\/\/leherpeurparis.com\/wp-content\/uploads\/2022\/02\/Images-envoyees-GM-4-1-768x1024.jpeg\" alt=\"\" data-id=\"2042\" data-full-url=\"https:\/\/leherpeurparis.com\/wp-content\/uploads\/2022\/02\/Images-envoyees-GM-4-1-1300x1733.jpeg\" data-link=\"https:\/\/leherpeurparis.com\/?attachment_id=2042\" class=\"wp-image-2042\" srcset=\"https:\/\/leherpeurparis.com\/wp-content\/uploads\/2022\/02\/Images-envoyees-GM-4-1-768x1024.jpeg 768w, https:\/\/leherpeurparis.com\/wp-content\/uploads\/2022\/02\/Images-envoyees-GM-4-1-225x300.jpeg 225w, https:\/\/leherpeurparis.com\/wp-content\/uploads\/2022\/02\/Images-envoyees-GM-4-1-1152x1536.jpeg 1152w, https:\/\/leherpeurparis.com\/wp-content\/uploads\/2022\/02\/Images-envoyees-GM-4-1-1536x2048.jpeg 1536w, https:\/\/leherpeurparis.com\/wp-content\/uploads\/2022\/02\/Images-envoyees-GM-4-1-330x440.jpeg 330w, https:\/\/leherpeurparis.com\/wp-content\/uploads\/2022\/02\/Images-envoyees-GM-4-1-1300x1733.jpeg 1300w, https:\/\/leherpeurparis.com\/wp-content\/uploads\/2022\/02\/Images-envoyees-GM-4-1-scaled.jpeg 1920w\" sizes=\"auto, (max-width: 768px) 100vw, 768px\" \/><\/figure><\/li><\/ul><figcaption class=\"blocks-gallery-caption\"><a href=\"https:\/\/www.instagram.com\/gaellemancina\/\" target=\"_blank\" rel=\"noreferrer noopener\">Ga\u00eblle Mancina<\/a><\/figcaption><\/figure>\n\n\n\n<p class=\"has-medium-font-size\"><strong>LES COULEURS EN ART DE LA TABLE<\/strong><\/p>\n\n\n\n<h3 class=\"wp-block-heading\">\/Comment composes-tu tes tables pour tes \u00e9v\u00e8nements avec ta marque \u2018Sans Fa\u00e7on\u2019&nbsp;? Quelles sont tes combinaisons couleurs pr\u00e9f\u00e9r\u00e9es&nbsp;?&nbsp;<\/h3>\n\n\n\n<p>Pour Sans Fa\u00e7on, j\u2019utilise souvent de la couleur tout naturellement parce que je vais \u00eatre attir\u00e9e par celle-ci.&nbsp;J\u2019adore mettre en sc\u00e8ne mes tables et c\u2019est certainement une fa\u00e7on po\u00e9tique et intuitive de jouer avec les codes de l\u2019art de la table, s\u2019amuser avec les objets !&nbsp;J\u2019aime l\u2019id\u00e9e des m\u00e9langes de mati\u00e8res et des genres, j\u2019aime jouer sur la diff\u00e9rence de taille entre les \u00e9l\u00e9ments d\u2019une table. Par exemple, j\u2019aime disposer un verre d\u00e9mesur\u00e9ment grand \u00e0 c\u00f4t\u00e9 d\u2019un verre minuscule. Cela apporte un trouble visuel qui m\u2019amuse beaucoup !&nbsp;<\/p>\n\n\n\n<h3 class=\"wp-block-heading\">\/Appliques-tu des r\u00e8gles couleurs dans tes sc\u00e9nographies ?&nbsp;<\/h3>\n\n\n\n<p>J\u2019aime toutes les couleurs !&nbsp; Elles sont toutes invit\u00e9es dans mes tables. J\u2019utilise toutes les couleurs afin de cr\u00e9er un ballet et une explosion de couleurs pour mes convives. Z\u00e9ro interdit !&nbsp;<\/p>\n","protected":false},"excerpt":{"rendered":"<p>\u00c0 l\u2019occasion de la pr\u00e9sentation de notre \u00e9tude sur la couleur et ses nouveaux langages, nous avions sollicit\u00e9 la table setter et cr\u00e9atrice de la marque de vaisselle chin\u00e9e, Sans [&hellip;]<\/p>\n","protected":false},"author":3,"featured_media":2033,"comment_status":"closed","ping_status":"closed","sticky":false,"template":"","format":"standard","meta":{"_acf_changed":false,"footnotes":""},"categories":[163,169,147,150,160],"tags":[],"class_list":["post-2031","post","type-post","status-publish","format-standard","has-post-thumbnail","hentry","category-boostyourcreativity","category-conversation","category-deco","category-lifestyle","category-savoirfaire"],"acf":[],"yoast_head":"<!-- This site is optimized with the Yoast SEO plugin v27.5 - https:\/\/yoast.com\/product\/yoast-seo-wordpress\/ -->\n<title>Conversation avec Ga\u00eblle Mancina : Quand la couleur se met \u00e0 table | LeherpeurParis<\/title>\n<meta name=\"robots\" content=\"index, follow, max-snippet:-1, max-image-preview:large, max-video-preview:-1\" \/>\n<link rel=\"canonical\" href=\"https:\/\/leherpeurparis.com\/en\/boostyourcreativity\/conversation-avec-gaelle-mancina-quand-la-couleur-se-met-a-table\/\" \/>\n<meta property=\"og:locale\" content=\"en_US\" \/>\n<meta property=\"og:type\" content=\"article\" \/>\n<meta property=\"og:title\" content=\"Conversation avec Ga\u00eblle Mancina : Quand la couleur se met \u00e0 table | LeherpeurParis\" \/>\n<meta property=\"og:description\" content=\"\u00c0 l\u2019occasion de la pr\u00e9sentation de notre \u00e9tude sur la couleur et ses nouveaux langages, nous avions sollicit\u00e9 la table setter et cr\u00e9atrice de la marque de vaisselle chin\u00e9e, Sans [&hellip;]\" \/>\n<meta property=\"og:url\" content=\"https:\/\/leherpeurparis.com\/en\/boostyourcreativity\/conversation-avec-gaelle-mancina-quand-la-couleur-se-met-a-table\/\" \/>\n<meta property=\"og:site_name\" content=\"LeherpeurParis\" \/>\n<meta property=\"article:published_time\" content=\"2022-02-28T15:14:22+00:00\" \/>\n<meta property=\"article:modified_time\" content=\"2022-03-22T09:14:30+00:00\" \/>\n<meta property=\"og:image\" content=\"https:\/\/leherpeurparis.com\/wp-content\/uploads\/2022\/02\/Gaelle-Mancina-5.jpeg\" \/>\n\t<meta property=\"og:image:width\" content=\"1080\" \/>\n\t<meta property=\"og:image:height\" content=\"1080\" \/>\n\t<meta property=\"og:image:type\" content=\"image\/jpeg\" \/>\n<meta name=\"author\" content=\"Morgane\" \/>\n<meta name=\"twitter:card\" content=\"summary_large_image\" \/>\n<meta name=\"twitter:label1\" content=\"Written by\" \/>\n\t<meta name=\"twitter:data1\" content=\"Morgane\" \/>\n\t<meta name=\"twitter:label2\" content=\"Est. reading time\" \/>\n\t<meta name=\"twitter:data2\" content=\"5 minutes\" \/>\n<script type=\"application\/ld+json\" class=\"yoast-schema-graph\">{\"@context\":\"https:\\\/\\\/schema.org\",\"@graph\":[{\"@type\":\"Article\",\"@id\":\"https:\\\/\\\/leherpeurparis.com\\\/en\\\/boostyourcreativity\\\/conversation-avec-gaelle-mancina-quand-la-couleur-se-met-a-table\\\/#article\",\"isPartOf\":{\"@id\":\"https:\\\/\\\/leherpeurparis.com\\\/en\\\/boostyourcreativity\\\/conversation-avec-gaelle-mancina-quand-la-couleur-se-met-a-table\\\/\"},\"author\":{\"name\":\"Morgane\",\"@id\":\"https:\\\/\\\/leherpeurparis.com\\\/en\\\/#\\\/schema\\\/person\\\/5836b46e700c1b6bada2f21f963569bf\"},\"headline\":\"Conversation avec Ga\u00eblle Mancina : Quand la couleur se met \u00e0 table\",\"datePublished\":\"2022-02-28T15:14:22+00:00\",\"dateModified\":\"2022-03-22T09:14:30+00:00\",\"mainEntityOfPage\":{\"@id\":\"https:\\\/\\\/leherpeurparis.com\\\/en\\\/boostyourcreativity\\\/conversation-avec-gaelle-mancina-quand-la-couleur-se-met-a-table\\\/\"},\"wordCount\":953,\"publisher\":{\"@id\":\"https:\\\/\\\/leherpeurparis.com\\\/en\\\/#organization\"},\"image\":{\"@id\":\"https:\\\/\\\/leherpeurparis.com\\\/en\\\/boostyourcreativity\\\/conversation-avec-gaelle-mancina-quand-la-couleur-se-met-a-table\\\/#primaryimage\"},\"thumbnailUrl\":\"https:\\\/\\\/leherpeurparis.com\\\/wp-content\\\/uploads\\\/2022\\\/02\\\/Gaelle-Mancina-5.jpeg\",\"articleSection\":[\"boostyourcreativity\",\"conversation\",\"deco\",\"lifestyle\",\"savoirfaire\"],\"inLanguage\":\"en-US\"},{\"@type\":\"WebPage\",\"@id\":\"https:\\\/\\\/leherpeurparis.com\\\/en\\\/boostyourcreativity\\\/conversation-avec-gaelle-mancina-quand-la-couleur-se-met-a-table\\\/\",\"url\":\"https:\\\/\\\/leherpeurparis.com\\\/en\\\/boostyourcreativity\\\/conversation-avec-gaelle-mancina-quand-la-couleur-se-met-a-table\\\/\",\"name\":\"Conversation avec Ga\u00eblle Mancina : Quand la couleur se met \u00e0 table | LeherpeurParis\",\"isPartOf\":{\"@id\":\"https:\\\/\\\/leherpeurparis.com\\\/en\\\/#website\"},\"primaryImageOfPage\":{\"@id\":\"https:\\\/\\\/leherpeurparis.com\\\/en\\\/boostyourcreativity\\\/conversation-avec-gaelle-mancina-quand-la-couleur-se-met-a-table\\\/#primaryimage\"},\"image\":{\"@id\":\"https:\\\/\\\/leherpeurparis.com\\\/en\\\/boostyourcreativity\\\/conversation-avec-gaelle-mancina-quand-la-couleur-se-met-a-table\\\/#primaryimage\"},\"thumbnailUrl\":\"https:\\\/\\\/leherpeurparis.com\\\/wp-content\\\/uploads\\\/2022\\\/02\\\/Gaelle-Mancina-5.jpeg\",\"datePublished\":\"2022-02-28T15:14:22+00:00\",\"dateModified\":\"2022-03-22T09:14:30+00:00\",\"breadcrumb\":{\"@id\":\"https:\\\/\\\/leherpeurparis.com\\\/en\\\/boostyourcreativity\\\/conversation-avec-gaelle-mancina-quand-la-couleur-se-met-a-table\\\/#breadcrumb\"},\"inLanguage\":\"en-US\",\"potentialAction\":[{\"@type\":\"ReadAction\",\"target\":[\"https:\\\/\\\/leherpeurparis.com\\\/en\\\/boostyourcreativity\\\/conversation-avec-gaelle-mancina-quand-la-couleur-se-met-a-table\\\/\"]}]},{\"@type\":\"ImageObject\",\"inLanguage\":\"en-US\",\"@id\":\"https:\\\/\\\/leherpeurparis.com\\\/en\\\/boostyourcreativity\\\/conversation-avec-gaelle-mancina-quand-la-couleur-se-met-a-table\\\/#primaryimage\",\"url\":\"https:\\\/\\\/leherpeurparis.com\\\/wp-content\\\/uploads\\\/2022\\\/02\\\/Gaelle-Mancina-5.jpeg\",\"contentUrl\":\"https:\\\/\\\/leherpeurparis.com\\\/wp-content\\\/uploads\\\/2022\\\/02\\\/Gaelle-Mancina-5.jpeg\",\"width\":1080,\"height\":1080},{\"@type\":\"BreadcrumbList\",\"@id\":\"https:\\\/\\\/leherpeurparis.com\\\/en\\\/boostyourcreativity\\\/conversation-avec-gaelle-mancina-quand-la-couleur-se-met-a-table\\\/#breadcrumb\",\"itemListElement\":[{\"@type\":\"ListItem\",\"position\":1,\"name\":\"Accueil\",\"item\":\"https:\\\/\\\/leherpeurparis.com\\\/en\\\/\"},{\"@type\":\"ListItem\",\"position\":2,\"name\":\"Conversation avec Ga\u00eblle Mancina : Quand la couleur se met \u00e0 table\"}]},{\"@type\":\"WebSite\",\"@id\":\"https:\\\/\\\/leherpeurparis.com\\\/en\\\/#website\",\"url\":\"https:\\\/\\\/leherpeurparis.com\\\/en\\\/\",\"name\":\"LeherpeurParis\",\"description\":\"Consulting office - Paris and Shanghai\",\"publisher\":{\"@id\":\"https:\\\/\\\/leherpeurparis.com\\\/en\\\/#organization\"},\"potentialAction\":[{\"@type\":\"SearchAction\",\"target\":{\"@type\":\"EntryPoint\",\"urlTemplate\":\"https:\\\/\\\/leherpeurparis.com\\\/en\\\/?s={search_term_string}\"},\"query-input\":{\"@type\":\"PropertyValueSpecification\",\"valueRequired\":true,\"valueName\":\"search_term_string\"}}],\"inLanguage\":\"en-US\"},{\"@type\":\"Organization\",\"@id\":\"https:\\\/\\\/leherpeurparis.com\\\/en\\\/#organization\",\"name\":\"Leherpeur Paris\",\"url\":\"https:\\\/\\\/leherpeurparis.com\\\/en\\\/\",\"logo\":{\"@type\":\"ImageObject\",\"inLanguage\":\"en-US\",\"@id\":\"https:\\\/\\\/leherpeurparis.com\\\/en\\\/#\\\/schema\\\/logo\\\/image\\\/\",\"url\":\"https:\\\/\\\/leherpeurparis.com\\\/wp-content\\\/uploads\\\/2022\\\/07\\\/Logo-Leherpeur-Paris.jpg\",\"contentUrl\":\"https:\\\/\\\/leherpeurparis.com\\\/wp-content\\\/uploads\\\/2022\\\/07\\\/Logo-Leherpeur-Paris.jpg\",\"width\":800,\"height\":300,\"caption\":\"Leherpeur Paris\"},\"image\":{\"@id\":\"https:\\\/\\\/leherpeurparis.com\\\/en\\\/#\\\/schema\\\/logo\\\/image\\\/\"},\"sameAs\":[\"https:\\\/\\\/www.instagram.com\\\/leherpeurparis\\\/\",\"https:\\\/\\\/www.pinterest.fr\\\/mlcparis\\\/\",\"https:\\\/\\\/www.linkedin.com\\\/company\\\/bureauleherpeur\\\/\"]},{\"@type\":\"Person\",\"@id\":\"https:\\\/\\\/leherpeurparis.com\\\/en\\\/#\\\/schema\\\/person\\\/5836b46e700c1b6bada2f21f963569bf\",\"name\":\"Morgane\",\"image\":{\"@type\":\"ImageObject\",\"inLanguage\":\"en-US\",\"@id\":\"https:\\\/\\\/secure.gravatar.com\\\/avatar\\\/aaef38f8fe29ef71f7e7758786a4353dd80166c3783061e2e3029314f79a2142?s=96&d=mm&r=g\",\"url\":\"https:\\\/\\\/secure.gravatar.com\\\/avatar\\\/aaef38f8fe29ef71f7e7758786a4353dd80166c3783061e2e3029314f79a2142?s=96&d=mm&r=g\",\"contentUrl\":\"https:\\\/\\\/secure.gravatar.com\\\/avatar\\\/aaef38f8fe29ef71f7e7758786a4353dd80166c3783061e2e3029314f79a2142?s=96&d=mm&r=g\",\"caption\":\"Morgane\"},\"url\":\"https:\\\/\\\/leherpeurparis.com\\\/en\\\/author\\\/webmasterwa\\\/\"}]}<\/script>\n<!-- \/ Yoast SEO plugin. -->","yoast_head_json":{"title":"Conversation avec Ga\u00eblle Mancina : Quand la couleur se met \u00e0 table | LeherpeurParis","robots":{"index":"index","follow":"follow","max-snippet":"max-snippet:-1","max-image-preview":"max-image-preview:large","max-video-preview":"max-video-preview:-1"},"canonical":"https:\/\/leherpeurparis.com\/en\/boostyourcreativity\/conversation-avec-gaelle-mancina-quand-la-couleur-se-met-a-table\/","og_locale":"en_US","og_type":"article","og_title":"Conversation avec Ga\u00eblle Mancina : Quand la couleur se met \u00e0 table | LeherpeurParis","og_description":"\u00c0 l\u2019occasion de la pr\u00e9sentation de notre \u00e9tude sur la couleur et ses nouveaux langages, nous avions sollicit\u00e9 la table setter et cr\u00e9atrice de la marque de vaisselle chin\u00e9e, Sans [&hellip;]","og_url":"https:\/\/leherpeurparis.com\/en\/boostyourcreativity\/conversation-avec-gaelle-mancina-quand-la-couleur-se-met-a-table\/","og_site_name":"LeherpeurParis","article_published_time":"2022-02-28T15:14:22+00:00","article_modified_time":"2022-03-22T09:14:30+00:00","og_image":[{"width":1080,"height":1080,"url":"https:\/\/leherpeurparis.com\/wp-content\/uploads\/2022\/02\/Gaelle-Mancina-5.jpeg","type":"image\/jpeg"}],"author":"Morgane","twitter_card":"summary_large_image","twitter_misc":{"Written by":"Morgane","Est. reading time":"5 minutes"},"schema":{"@context":"https:\/\/schema.org","@graph":[{"@type":"Article","@id":"https:\/\/leherpeurparis.com\/en\/boostyourcreativity\/conversation-avec-gaelle-mancina-quand-la-couleur-se-met-a-table\/#article","isPartOf":{"@id":"https:\/\/leherpeurparis.com\/en\/boostyourcreativity\/conversation-avec-gaelle-mancina-quand-la-couleur-se-met-a-table\/"},"author":{"name":"Morgane","@id":"https:\/\/leherpeurparis.com\/en\/#\/schema\/person\/5836b46e700c1b6bada2f21f963569bf"},"headline":"Conversation avec Ga\u00eblle Mancina : Quand la couleur se met \u00e0 table","datePublished":"2022-02-28T15:14:22+00:00","dateModified":"2022-03-22T09:14:30+00:00","mainEntityOfPage":{"@id":"https:\/\/leherpeurparis.com\/en\/boostyourcreativity\/conversation-avec-gaelle-mancina-quand-la-couleur-se-met-a-table\/"},"wordCount":953,"publisher":{"@id":"https:\/\/leherpeurparis.com\/en\/#organization"},"image":{"@id":"https:\/\/leherpeurparis.com\/en\/boostyourcreativity\/conversation-avec-gaelle-mancina-quand-la-couleur-se-met-a-table\/#primaryimage"},"thumbnailUrl":"https:\/\/leherpeurparis.com\/wp-content\/uploads\/2022\/02\/Gaelle-Mancina-5.jpeg","articleSection":["boostyourcreativity","conversation","deco","lifestyle","savoirfaire"],"inLanguage":"en-US"},{"@type":"WebPage","@id":"https:\/\/leherpeurparis.com\/en\/boostyourcreativity\/conversation-avec-gaelle-mancina-quand-la-couleur-se-met-a-table\/","url":"https:\/\/leherpeurparis.com\/en\/boostyourcreativity\/conversation-avec-gaelle-mancina-quand-la-couleur-se-met-a-table\/","name":"Conversation avec Ga\u00eblle Mancina : Quand la couleur se met \u00e0 table | LeherpeurParis","isPartOf":{"@id":"https:\/\/leherpeurparis.com\/en\/#website"},"primaryImageOfPage":{"@id":"https:\/\/leherpeurparis.com\/en\/boostyourcreativity\/conversation-avec-gaelle-mancina-quand-la-couleur-se-met-a-table\/#primaryimage"},"image":{"@id":"https:\/\/leherpeurparis.com\/en\/boostyourcreativity\/conversation-avec-gaelle-mancina-quand-la-couleur-se-met-a-table\/#primaryimage"},"thumbnailUrl":"https:\/\/leherpeurparis.com\/wp-content\/uploads\/2022\/02\/Gaelle-Mancina-5.jpeg","datePublished":"2022-02-28T15:14:22+00:00","dateModified":"2022-03-22T09:14:30+00:00","breadcrumb":{"@id":"https:\/\/leherpeurparis.com\/en\/boostyourcreativity\/conversation-avec-gaelle-mancina-quand-la-couleur-se-met-a-table\/#breadcrumb"},"inLanguage":"en-US","potentialAction":[{"@type":"ReadAction","target":["https:\/\/leherpeurparis.com\/en\/boostyourcreativity\/conversation-avec-gaelle-mancina-quand-la-couleur-se-met-a-table\/"]}]},{"@type":"ImageObject","inLanguage":"en-US","@id":"https:\/\/leherpeurparis.com\/en\/boostyourcreativity\/conversation-avec-gaelle-mancina-quand-la-couleur-se-met-a-table\/#primaryimage","url":"https:\/\/leherpeurparis.com\/wp-content\/uploads\/2022\/02\/Gaelle-Mancina-5.jpeg","contentUrl":"https:\/\/leherpeurparis.com\/wp-content\/uploads\/2022\/02\/Gaelle-Mancina-5.jpeg","width":1080,"height":1080},{"@type":"BreadcrumbList","@id":"https:\/\/leherpeurparis.com\/en\/boostyourcreativity\/conversation-avec-gaelle-mancina-quand-la-couleur-se-met-a-table\/#breadcrumb","itemListElement":[{"@type":"ListItem","position":1,"name":"Accueil","item":"https:\/\/leherpeurparis.com\/en\/"},{"@type":"ListItem","position":2,"name":"Conversation avec Ga\u00eblle Mancina : Quand la couleur se met \u00e0 table"}]},{"@type":"WebSite","@id":"https:\/\/leherpeurparis.com\/en\/#website","url":"https:\/\/leherpeurparis.com\/en\/","name":"LeherpeurParis","description":"Consulting office - Paris and Shanghai","publisher":{"@id":"https:\/\/leherpeurparis.com\/en\/#organization"},"potentialAction":[{"@type":"SearchAction","target":{"@type":"EntryPoint","urlTemplate":"https:\/\/leherpeurparis.com\/en\/?s={search_term_string}"},"query-input":{"@type":"PropertyValueSpecification","valueRequired":true,"valueName":"search_term_string"}}],"inLanguage":"en-US"},{"@type":"Organization","@id":"https:\/\/leherpeurparis.com\/en\/#organization","name":"Leherpeur Paris","url":"https:\/\/leherpeurparis.com\/en\/","logo":{"@type":"ImageObject","inLanguage":"en-US","@id":"https:\/\/leherpeurparis.com\/en\/#\/schema\/logo\/image\/","url":"https:\/\/leherpeurparis.com\/wp-content\/uploads\/2022\/07\/Logo-Leherpeur-Paris.jpg","contentUrl":"https:\/\/leherpeurparis.com\/wp-content\/uploads\/2022\/07\/Logo-Leherpeur-Paris.jpg","width":800,"height":300,"caption":"Leherpeur Paris"},"image":{"@id":"https:\/\/leherpeurparis.com\/en\/#\/schema\/logo\/image\/"},"sameAs":["https:\/\/www.instagram.com\/leherpeurparis\/","https:\/\/www.pinterest.fr\/mlcparis\/","https:\/\/www.linkedin.com\/company\/bureauleherpeur\/"]},{"@type":"Person","@id":"https:\/\/leherpeurparis.com\/en\/#\/schema\/person\/5836b46e700c1b6bada2f21f963569bf","name":"Morgane","image":{"@type":"ImageObject","inLanguage":"en-US","@id":"https:\/\/secure.gravatar.com\/avatar\/aaef38f8fe29ef71f7e7758786a4353dd80166c3783061e2e3029314f79a2142?s=96&d=mm&r=g","url":"https:\/\/secure.gravatar.com\/avatar\/aaef38f8fe29ef71f7e7758786a4353dd80166c3783061e2e3029314f79a2142?s=96&d=mm&r=g","contentUrl":"https:\/\/secure.gravatar.com\/avatar\/aaef38f8fe29ef71f7e7758786a4353dd80166c3783061e2e3029314f79a2142?s=96&d=mm&r=g","caption":"Morgane"},"url":"https:\/\/leherpeurparis.com\/en\/author\/webmasterwa\/"}]}},"_links":{"self":[{"href":"https:\/\/leherpeurparis.com\/en\/wp-json\/wp\/v2\/posts\/2031","targetHints":{"allow":["GET"]}}],"collection":[{"href":"https:\/\/leherpeurparis.com\/en\/wp-json\/wp\/v2\/posts"}],"about":[{"href":"https:\/\/leherpeurparis.com\/en\/wp-json\/wp\/v2\/types\/post"}],"author":[{"embeddable":true,"href":"https:\/\/leherpeurparis.com\/en\/wp-json\/wp\/v2\/users\/3"}],"replies":[{"embeddable":true,"href":"https:\/\/leherpeurparis.com\/en\/wp-json\/wp\/v2\/comments?post=2031"}],"version-history":[{"count":20,"href":"https:\/\/leherpeurparis.com\/en\/wp-json\/wp\/v2\/posts\/2031\/revisions"}],"predecessor-version":[{"id":2108,"href":"https:\/\/leherpeurparis.com\/en\/wp-json\/wp\/v2\/posts\/2031\/revisions\/2108"}],"wp:featuredmedia":[{"embeddable":true,"href":"https:\/\/leherpeurparis.com\/en\/wp-json\/wp\/v2\/media\/2033"}],"wp:attachment":[{"href":"https:\/\/leherpeurparis.com\/en\/wp-json\/wp\/v2\/media?parent=2031"}],"wp:term":[{"taxonomy":"category","embeddable":true,"href":"https:\/\/leherpeurparis.com\/en\/wp-json\/wp\/v2\/categories?post=2031"},{"taxonomy":"post_tag","embeddable":true,"href":"https:\/\/leherpeurparis.com\/en\/wp-json\/wp\/v2\/tags?post=2031"}],"curies":[{"name":"wp","href":"https:\/\/api.w.org\/{rel}","templated":true}]}}