{"id":1658,"date":"2021-10-15T16:02:00","date_gmt":"2021-10-15T14:02:00","guid":{"rendered":"https:\/\/leherpeurparis.com\/?p=1658"},"modified":"2021-11-19T16:03:53","modified_gmt":"2021-11-19T15:03:53","slug":"du-design-textile-au-design-dobjet-le-lin-stimule-les-creatifs-engages","status":"publish","type":"post","link":"https:\/\/leherpeurparis.com\/en\/boostyourcreativity\/du-design-textile-au-design-dobjet-le-lin-stimule-les-creatifs-engages\/","title":{"rendered":"Du design textile au design d\u2019objet, le lin stimule les cr\u00e9atifs engag\u00e9s"},"content":{"rendered":"\n<figure class=\"wp-block-image size-large is-resized\"><img loading=\"lazy\" decoding=\"async\" src=\"https:\/\/leherpeurparis.com\/wp-content\/uploads\/2021\/11\/image-6.png\" alt=\"\" class=\"wp-image-1659\" width=\"581\" height=\"587\" srcset=\"https:\/\/leherpeurparis.com\/wp-content\/uploads\/2021\/11\/image-6.png 364w, https:\/\/leherpeurparis.com\/wp-content\/uploads\/2021\/11\/image-6-297x300.png 297w\" sizes=\"auto, (max-width: 581px) 100vw, 581px\" \/><\/figure>\n\n\n\n<p>Rep\u00e9r\u00e9 comme un des sujets de pr\u00e9dilection de cette ann\u00e9e,&nbsp;notamment&nbsp;au salon du&nbsp;Made in&nbsp;France,&nbsp;le lin concentre bon nombre de notions&nbsp;cl\u00e9s&nbsp;pour les enjeux du futur \u202f: durabilit\u00e9, tra\u00e7abilit\u00e9 ou savoir-faire. Premi\u00e8rement, cette fibre v\u00e9g\u00e9tale est \u00e9cologique. Utilis\u00e9e dans son enti\u00e8ret\u00e9, elle est 0 d\u00e9chet. Par ailleurs, elle est historique et intrins\u00e8quement li\u00e9e au territoire fran\u00e7ais -80% du lin&nbsp;mondial&nbsp;est fait en&nbsp;Europe, 80% du lin europ\u00e9en est fait en France-. Par ces deux aspects, elle s\u2019apparente comme une solution pour construire un projet durable, faisant co-exister proximit\u00e9 et \u00e9co-responsabilit\u00e9.&nbsp;N\u00e9anmoins cette mati\u00e8re reste encore associ\u00e9e \u00e0 des domaines tr\u00e8s r\u00e9duits dans les imaginaires collectifs, alors qu\u2019elle offre un v\u00e9ritable panorama de nouveaux usages, et ce, m\u00eame en dehors du textile&nbsp;(en devenant notamment, mat\u00e9riau composite, se rapprochant davantage de la membrane que du textile).&nbsp;<\/p>\n\n\n\n<p>Ces exp\u00e9rimentations singuli\u00e8res&nbsp;prennent&nbsp;place dans des domaines aussi vari\u00e9s que l\u2019art, le mobilier, l\u2019acoustique,&nbsp;l\u2019automobile et convoquent m\u00eame parfois le num\u00e9rique.&nbsp;Alternative aux produits p\u00e9troliers, la fibre de lin tente de se faire une place dans les mat\u00e9riaux composites \u00e0 usage industriel en investissant les voitures, les skis, les raquettes de tennis, les guitares et m\u00eame les berceaux. Celui-ci apporte de r\u00e9elles valeurs ajout\u00e9es en terme de performance : l\u00e9g\u00e8ret\u00e9, gain de poids ou absorption des vibrations acoustiques et thermiques. Toutes ces recherches sont \u00e9paul\u00e9es par le Conf\u00e9d\u00e9ration Europ\u00e9enne du Lin et du Chanvre (CELC) qui accompagne les initiatives et soutient la recherche sur les applications de ces fibres dans les textiles techniques et composites.&nbsp;<\/p>\n\n\n\n<p>Artistes, designers, concepteurs challengent le lin en l\u2019\u00e9loignant de son traitement traditionnel. Ils exploitent son plein potentiel, nous prouvant que cette fibre allie technicit\u00e9, esth\u00e9tisme et performance.&nbsp;Nous vous proposons un petit panorama illustrant ces perspectives d\u2019innovations&nbsp;cr\u00e9atives et techniques.&nbsp;<\/p>\n\n\n\n<p><strong>Saar Scheeerlings<\/strong><br><br>Artiste, plasticienne, Saar Scheeerlings, r\u00e9invente le lien au prisme de sculptures tiss\u00e9es qui \u00e9voquent son obsession pour l\u2019artisanat des costumes r\u00e9gionaux traditionnels.<\/p>\n\n\n\n<figure class=\"wp-block-gallery columns-2 is-cropped wp-block-gallery-1 is-layout-flex wp-block-gallery-is-layout-flex\"><ul class=\"blocks-gallery-grid\"><li class=\"blocks-gallery-item\"><figure><img loading=\"lazy\" decoding=\"async\" width=\"640\" height=\"640\" src=\"https:\/\/leherpeurparis.com\/wp-content\/uploads\/2021\/11\/image-10.png\" alt=\"\" data-id=\"1663\" data-link=\"https:\/\/leherpeurparis.com\/?attachment_id=1663\" class=\"wp-image-1663\" srcset=\"https:\/\/leherpeurparis.com\/wp-content\/uploads\/2021\/11\/image-10.png 640w, https:\/\/leherpeurparis.com\/wp-content\/uploads\/2021\/11\/image-10-300x300.png 300w, https:\/\/leherpeurparis.com\/wp-content\/uploads\/2021\/11\/image-10-150x150.png 150w\" sizes=\"auto, (max-width: 640px) 100vw, 640px\" \/><\/figure><\/li><li class=\"blocks-gallery-item\"><figure><img loading=\"lazy\" decoding=\"async\" width=\"640\" height=\"640\" src=\"https:\/\/leherpeurparis.com\/wp-content\/uploads\/2021\/11\/image-11.png\" alt=\"\" data-id=\"1664\" data-full-url=\"https:\/\/leherpeurparis.com\/wp-content\/uploads\/2021\/11\/image-11.png\" data-link=\"https:\/\/leherpeurparis.com\/?attachment_id=1664\" class=\"wp-image-1664\" srcset=\"https:\/\/leherpeurparis.com\/wp-content\/uploads\/2021\/11\/image-11.png 640w, https:\/\/leherpeurparis.com\/wp-content\/uploads\/2021\/11\/image-11-300x300.png 300w, https:\/\/leherpeurparis.com\/wp-content\/uploads\/2021\/11\/image-11-150x150.png 150w\" sizes=\"auto, (max-width: 640px) 100vw, 640px\" \/><\/figure><\/li><\/ul><\/figure>\n\n\n\n<p><br><strong>Christien&nbsp;Meindertsma<\/strong><br><br>Christien&nbsp;Meindertsma&nbsp;travaille sur un projet global sur le lin depuis 2010. Dipl\u00f4m\u00e9e de la&nbsp;Design Academy d\u2019Eindhoven, elle explore un design 100% biod\u00e9gradable et presque z\u00e9ro d\u00e9chet&nbsp;\u00e0 partir du lin qu\u2019elle utilise en mat\u00e9riaux composite associ\u00e9 \u00e0 un bioplastique comme pour sa chaise Flax ou avec de la porcelaine comme pour ce set de vaisselle pour Arita Japan.<\/p>\n\n\n\n<figure class=\"wp-block-image size-large\"><img loading=\"lazy\" decoding=\"async\" width=\"711\" height=\"474\" src=\"https:\/\/leherpeurparis.com\/wp-content\/uploads\/2021\/11\/image-12.png\" alt=\"\" class=\"wp-image-1665\" srcset=\"https:\/\/leherpeurparis.com\/wp-content\/uploads\/2021\/11\/image-12.png 711w, https:\/\/leherpeurparis.com\/wp-content\/uploads\/2021\/11\/image-12-300x200.png 300w\" sizes=\"auto, (max-width: 711px) 100vw, 711px\" \/><\/figure>\n\n\n\n<figure class=\"wp-block-image size-large\"><img loading=\"lazy\" decoding=\"async\" width=\"700\" height=\"466\" src=\"https:\/\/leherpeurparis.com\/wp-content\/uploads\/2021\/11\/image-13.png\" alt=\"\" class=\"wp-image-1666\" srcset=\"https:\/\/leherpeurparis.com\/wp-content\/uploads\/2021\/11\/image-13.png 700w, https:\/\/leherpeurparis.com\/wp-content\/uploads\/2021\/11\/image-13-300x200.png 300w\" sizes=\"auto, (max-width: 700px) 100vw, 700px\" \/><\/figure>\n\n\n\n<p><br><strong>Pauline Esparon<\/strong><br>Normande d\u2019origine, (r\u00e9gion connue pour son \u2018activit\u00e9 lini\u00e8re\u2019), Pauline Esparon, designer textile, s\u2019empare de cette mati\u00e8re pour imaginer un mobilier particulier.<\/p>\n\n\n\n<figure class=\"wp-block-gallery columns-2 is-cropped wp-block-gallery-2 is-layout-flex wp-block-gallery-is-layout-flex\"><ul class=\"blocks-gallery-grid\"><li class=\"blocks-gallery-item\"><figure><img loading=\"lazy\" decoding=\"async\" width=\"634\" height=\"800\" src=\"https:\/\/leherpeurparis.com\/wp-content\/uploads\/2021\/11\/image-15.png\" alt=\"\" data-id=\"1668\" data-link=\"https:\/\/leherpeurparis.com\/?attachment_id=1668\" class=\"wp-image-1668\" srcset=\"https:\/\/leherpeurparis.com\/wp-content\/uploads\/2021\/11\/image-15.png 634w, https:\/\/leherpeurparis.com\/wp-content\/uploads\/2021\/11\/image-15-238x300.png 238w\" sizes=\"auto, (max-width: 634px) 100vw, 634px\" \/><\/figure><\/li><li class=\"blocks-gallery-item\"><figure><img loading=\"lazy\" decoding=\"async\" width=\"632\" height=\"800\" src=\"https:\/\/leherpeurparis.com\/wp-content\/uploads\/2021\/11\/image-16.png\" alt=\"\" data-id=\"1669\" data-link=\"https:\/\/leherpeurparis.com\/?attachment_id=1669\" class=\"wp-image-1669\" srcset=\"https:\/\/leherpeurparis.com\/wp-content\/uploads\/2021\/11\/image-16.png 632w, https:\/\/leherpeurparis.com\/wp-content\/uploads\/2021\/11\/image-16-237x300.png 237w\" sizes=\"auto, (max-width: 632px) 100vw, 632px\" \/><\/figure><\/li><\/ul><\/figure>\n\n\n\n<p><strong>In\u2019B\u00f4 Manufacture<\/strong><br>In\u2019B\u00f4 manufacture cr\u00e9e une gamme d\u2019articles de sport exclusivement&nbsp;<em>manufactur\u00e9s<\/em>&nbsp;en France et \u00e0 partir de mati\u00e8res naturelles bois, bambou et fibre de&nbsp;<em>lin<\/em>.<\/p>\n\n\n\n<figure class=\"wp-block-image size-large\"><img loading=\"lazy\" decoding=\"async\" width=\"694\" height=\"337\" src=\"https:\/\/leherpeurparis.com\/wp-content\/uploads\/2021\/11\/image-19.png\" alt=\"\" class=\"wp-image-1672\" srcset=\"https:\/\/leherpeurparis.com\/wp-content\/uploads\/2021\/11\/image-19.png 694w, https:\/\/leherpeurparis.com\/wp-content\/uploads\/2021\/11\/image-19-300x146.png 300w\" sizes=\"auto, (max-width: 694px) 100vw, 694px\" \/><\/figure>\n\n\n\n<p><br><img loading=\"lazy\" decoding=\"async\" width=\"661\" height=\"320\" srcset=\"https:\/\/www.leherpeurparis.com\/wp-content\/uploads\/2021\/10\/agr.jpg 694w, https:\/\/www.leherpeurparis.com\/wp-content\/uploads\/2021\/10\/agr-300x146.jpg 300w, https:\/\/www.leherpeurparis.com\/wp-content\/uploads\/2021\/10\/agr-320x155.jpg 320w, https:\/\/www.leherpeurparis.com\/wp-content\/uploads\/2021\/10\/agr-100x49.jpg 100w, https:\/\/www.leherpeurparis.com\/wp-content\/uploads\/2021\/10\/agr-400x194.jpg 400w\" src=\"https:\/\/www.leherpeurparis.com\/wp-content\/uploads\/2021\/10\/agr.jpg\" alt=\"\"><\/p>\n","protected":false},"excerpt":{"rendered":"<p>Rep\u00e9r\u00e9 comme un des sujets de pr\u00e9dilection de cette ann\u00e9e,&nbsp;notamment&nbsp;au salon du&nbsp;Made in&nbsp;France,&nbsp;le lin concentre bon nombre de notions&nbsp;cl\u00e9s&nbsp;pour les enjeux du futur \u202f: durabilit\u00e9, tra\u00e7abilit\u00e9 ou savoir-faire. Premi\u00e8rement, cette [&hellip;]<\/p>\n","protected":false},"author":3,"featured_media":1665,"comment_status":"closed","ping_status":"closed","sticky":false,"template":"","format":"standard","meta":{"_acf_changed":false,"footnotes":""},"categories":[163,147,150,139,5,155,160,146],"tags":[],"class_list":["post-1658","post","type-post","status-publish","format-standard","has-post-thumbnail","hentry","category-boostyourcreativity","category-deco","category-lifestyle","category-creation-concept-lieu","category-instatrends","category-prospective","category-savoirfaire","category-sens"],"acf":[],"yoast_head":"<!-- This site is optimized with the Yoast SEO plugin v27.4 - https:\/\/yoast.com\/product\/yoast-seo-wordpress\/ -->\n<title>Du design textile au design d\u2019objet, le lin stimule les cr\u00e9atifs engag\u00e9s | LeherpeurParis<\/title>\n<meta name=\"robots\" content=\"index, follow, max-snippet:-1, max-image-preview:large, max-video-preview:-1\" \/>\n<link rel=\"canonical\" href=\"https:\/\/leherpeurparis.com\/en\/boostyourcreativity\/du-design-textile-au-design-dobjet-le-lin-stimule-les-creatifs-engages\/\" \/>\n<meta property=\"og:locale\" content=\"en_US\" \/>\n<meta property=\"og:type\" content=\"article\" \/>\n<meta property=\"og:title\" content=\"Du design textile au design d\u2019objet, le lin stimule les cr\u00e9atifs engag\u00e9s | LeherpeurParis\" \/>\n<meta property=\"og:description\" content=\"Rep\u00e9r\u00e9 comme un des sujets de pr\u00e9dilection de cette ann\u00e9e,&nbsp;notamment&nbsp;au salon du&nbsp;Made in&nbsp;France,&nbsp;le lin concentre bon nombre de notions&nbsp;cl\u00e9s&nbsp;pour les enjeux du futur \u202f: durabilit\u00e9, tra\u00e7abilit\u00e9 ou savoir-faire. Premi\u00e8rement, cette [&hellip;]\" \/>\n<meta property=\"og:url\" content=\"https:\/\/leherpeurparis.com\/en\/boostyourcreativity\/du-design-textile-au-design-dobjet-le-lin-stimule-les-creatifs-engages\/\" \/>\n<meta property=\"og:site_name\" content=\"LeherpeurParis\" \/>\n<meta property=\"article:published_time\" content=\"2021-10-15T14:02:00+00:00\" \/>\n<meta property=\"article:modified_time\" content=\"2021-11-19T15:03:53+00:00\" \/>\n<meta property=\"og:image\" content=\"https:\/\/leherpeurparis.com\/wp-content\/uploads\/2021\/11\/image-12.png\" \/>\n\t<meta property=\"og:image:width\" content=\"711\" \/>\n\t<meta property=\"og:image:height\" content=\"474\" \/>\n\t<meta property=\"og:image:type\" content=\"image\/png\" \/>\n<meta name=\"author\" content=\"Morgane\" \/>\n<meta name=\"twitter:card\" content=\"summary_large_image\" \/>\n<meta name=\"twitter:label1\" content=\"Written by\" \/>\n\t<meta name=\"twitter:data1\" content=\"Morgane\" \/>\n\t<meta name=\"twitter:label2\" content=\"Est. reading time\" \/>\n\t<meta name=\"twitter:data2\" content=\"3 minutes\" \/>\n<script type=\"application\/ld+json\" class=\"yoast-schema-graph\">{\"@context\":\"https:\\\/\\\/schema.org\",\"@graph\":[{\"@type\":\"Article\",\"@id\":\"https:\\\/\\\/leherpeurparis.com\\\/en\\\/boostyourcreativity\\\/du-design-textile-au-design-dobjet-le-lin-stimule-les-creatifs-engages\\\/#article\",\"isPartOf\":{\"@id\":\"https:\\\/\\\/leherpeurparis.com\\\/en\\\/boostyourcreativity\\\/du-design-textile-au-design-dobjet-le-lin-stimule-les-creatifs-engages\\\/\"},\"author\":{\"name\":\"Morgane\",\"@id\":\"https:\\\/\\\/leherpeurparis.com\\\/en\\\/#\\\/schema\\\/person\\\/5836b46e700c1b6bada2f21f963569bf\"},\"headline\":\"Du design textile au design d\u2019objet, le lin stimule les cr\u00e9atifs engag\u00e9s\",\"datePublished\":\"2021-10-15T14:02:00+00:00\",\"dateModified\":\"2021-11-19T15:03:53+00:00\",\"mainEntityOfPage\":{\"@id\":\"https:\\\/\\\/leherpeurparis.com\\\/en\\\/boostyourcreativity\\\/du-design-textile-au-design-dobjet-le-lin-stimule-les-creatifs-engages\\\/\"},\"wordCount\":535,\"publisher\":{\"@id\":\"https:\\\/\\\/leherpeurparis.com\\\/en\\\/#organization\"},\"image\":{\"@id\":\"https:\\\/\\\/leherpeurparis.com\\\/en\\\/boostyourcreativity\\\/du-design-textile-au-design-dobjet-le-lin-stimule-les-creatifs-engages\\\/#primaryimage\"},\"thumbnailUrl\":\"https:\\\/\\\/leherpeurparis.com\\\/wp-content\\\/uploads\\\/2021\\\/11\\\/image-12.png\",\"articleSection\":[\"boostyourcreativity\",\"deco\",\"lifestyle\",\"nosing\",\"positiveyourissues\",\"prospective\",\"savoirfaire\",\"sens\"],\"inLanguage\":\"en-US\"},{\"@type\":\"WebPage\",\"@id\":\"https:\\\/\\\/leherpeurparis.com\\\/en\\\/boostyourcreativity\\\/du-design-textile-au-design-dobjet-le-lin-stimule-les-creatifs-engages\\\/\",\"url\":\"https:\\\/\\\/leherpeurparis.com\\\/en\\\/boostyourcreativity\\\/du-design-textile-au-design-dobjet-le-lin-stimule-les-creatifs-engages\\\/\",\"name\":\"Du design textile au design d\u2019objet, le lin stimule les cr\u00e9atifs engag\u00e9s | LeherpeurParis\",\"isPartOf\":{\"@id\":\"https:\\\/\\\/leherpeurparis.com\\\/en\\\/#website\"},\"primaryImageOfPage\":{\"@id\":\"https:\\\/\\\/leherpeurparis.com\\\/en\\\/boostyourcreativity\\\/du-design-textile-au-design-dobjet-le-lin-stimule-les-creatifs-engages\\\/#primaryimage\"},\"image\":{\"@id\":\"https:\\\/\\\/leherpeurparis.com\\\/en\\\/boostyourcreativity\\\/du-design-textile-au-design-dobjet-le-lin-stimule-les-creatifs-engages\\\/#primaryimage\"},\"thumbnailUrl\":\"https:\\\/\\\/leherpeurparis.com\\\/wp-content\\\/uploads\\\/2021\\\/11\\\/image-12.png\",\"datePublished\":\"2021-10-15T14:02:00+00:00\",\"dateModified\":\"2021-11-19T15:03:53+00:00\",\"breadcrumb\":{\"@id\":\"https:\\\/\\\/leherpeurparis.com\\\/en\\\/boostyourcreativity\\\/du-design-textile-au-design-dobjet-le-lin-stimule-les-creatifs-engages\\\/#breadcrumb\"},\"inLanguage\":\"en-US\",\"potentialAction\":[{\"@type\":\"ReadAction\",\"target\":[\"https:\\\/\\\/leherpeurparis.com\\\/en\\\/boostyourcreativity\\\/du-design-textile-au-design-dobjet-le-lin-stimule-les-creatifs-engages\\\/\"]}]},{\"@type\":\"ImageObject\",\"inLanguage\":\"en-US\",\"@id\":\"https:\\\/\\\/leherpeurparis.com\\\/en\\\/boostyourcreativity\\\/du-design-textile-au-design-dobjet-le-lin-stimule-les-creatifs-engages\\\/#primaryimage\",\"url\":\"https:\\\/\\\/leherpeurparis.com\\\/wp-content\\\/uploads\\\/2021\\\/11\\\/image-12.png\",\"contentUrl\":\"https:\\\/\\\/leherpeurparis.com\\\/wp-content\\\/uploads\\\/2021\\\/11\\\/image-12.png\",\"width\":711,\"height\":474},{\"@type\":\"BreadcrumbList\",\"@id\":\"https:\\\/\\\/leherpeurparis.com\\\/en\\\/boostyourcreativity\\\/du-design-textile-au-design-dobjet-le-lin-stimule-les-creatifs-engages\\\/#breadcrumb\",\"itemListElement\":[{\"@type\":\"ListItem\",\"position\":1,\"name\":\"Accueil\",\"item\":\"https:\\\/\\\/leherpeurparis.com\\\/en\\\/\"},{\"@type\":\"ListItem\",\"position\":2,\"name\":\"Du design textile au design d\u2019objet, le lin stimule les cr\u00e9atifs engag\u00e9s\"}]},{\"@type\":\"WebSite\",\"@id\":\"https:\\\/\\\/leherpeurparis.com\\\/en\\\/#website\",\"url\":\"https:\\\/\\\/leherpeurparis.com\\\/en\\\/\",\"name\":\"LeherpeurParis\",\"description\":\"Consulting office - Paris and Shanghai\",\"publisher\":{\"@id\":\"https:\\\/\\\/leherpeurparis.com\\\/en\\\/#organization\"},\"potentialAction\":[{\"@type\":\"SearchAction\",\"target\":{\"@type\":\"EntryPoint\",\"urlTemplate\":\"https:\\\/\\\/leherpeurparis.com\\\/en\\\/?s={search_term_string}\"},\"query-input\":{\"@type\":\"PropertyValueSpecification\",\"valueRequired\":true,\"valueName\":\"search_term_string\"}}],\"inLanguage\":\"en-US\"},{\"@type\":\"Organization\",\"@id\":\"https:\\\/\\\/leherpeurparis.com\\\/en\\\/#organization\",\"name\":\"Leherpeur Paris\",\"url\":\"https:\\\/\\\/leherpeurparis.com\\\/en\\\/\",\"logo\":{\"@type\":\"ImageObject\",\"inLanguage\":\"en-US\",\"@id\":\"https:\\\/\\\/leherpeurparis.com\\\/en\\\/#\\\/schema\\\/logo\\\/image\\\/\",\"url\":\"https:\\\/\\\/leherpeurparis.com\\\/wp-content\\\/uploads\\\/2022\\\/07\\\/Logo-Leherpeur-Paris.jpg\",\"contentUrl\":\"https:\\\/\\\/leherpeurparis.com\\\/wp-content\\\/uploads\\\/2022\\\/07\\\/Logo-Leherpeur-Paris.jpg\",\"width\":800,\"height\":300,\"caption\":\"Leherpeur Paris\"},\"image\":{\"@id\":\"https:\\\/\\\/leherpeurparis.com\\\/en\\\/#\\\/schema\\\/logo\\\/image\\\/\"},\"sameAs\":[\"https:\\\/\\\/www.instagram.com\\\/leherpeurparis\\\/\",\"https:\\\/\\\/www.pinterest.fr\\\/mlcparis\\\/\",\"https:\\\/\\\/www.linkedin.com\\\/company\\\/bureauleherpeur\\\/\"]},{\"@type\":\"Person\",\"@id\":\"https:\\\/\\\/leherpeurparis.com\\\/en\\\/#\\\/schema\\\/person\\\/5836b46e700c1b6bada2f21f963569bf\",\"name\":\"Morgane\",\"image\":{\"@type\":\"ImageObject\",\"inLanguage\":\"en-US\",\"@id\":\"https:\\\/\\\/secure.gravatar.com\\\/avatar\\\/aaef38f8fe29ef71f7e7758786a4353dd80166c3783061e2e3029314f79a2142?s=96&d=mm&r=g\",\"url\":\"https:\\\/\\\/secure.gravatar.com\\\/avatar\\\/aaef38f8fe29ef71f7e7758786a4353dd80166c3783061e2e3029314f79a2142?s=96&d=mm&r=g\",\"contentUrl\":\"https:\\\/\\\/secure.gravatar.com\\\/avatar\\\/aaef38f8fe29ef71f7e7758786a4353dd80166c3783061e2e3029314f79a2142?s=96&d=mm&r=g\",\"caption\":\"Morgane\"},\"url\":\"https:\\\/\\\/leherpeurparis.com\\\/en\\\/author\\\/webmasterwa\\\/\"}]}<\/script>\n<!-- \/ Yoast SEO plugin. -->","yoast_head_json":{"title":"Du design textile au design d\u2019objet, le lin stimule les cr\u00e9atifs engag\u00e9s | LeherpeurParis","robots":{"index":"index","follow":"follow","max-snippet":"max-snippet:-1","max-image-preview":"max-image-preview:large","max-video-preview":"max-video-preview:-1"},"canonical":"https:\/\/leherpeurparis.com\/en\/boostyourcreativity\/du-design-textile-au-design-dobjet-le-lin-stimule-les-creatifs-engages\/","og_locale":"en_US","og_type":"article","og_title":"Du design textile au design d\u2019objet, le lin stimule les cr\u00e9atifs engag\u00e9s | LeherpeurParis","og_description":"Rep\u00e9r\u00e9 comme un des sujets de pr\u00e9dilection de cette ann\u00e9e,&nbsp;notamment&nbsp;au salon du&nbsp;Made in&nbsp;France,&nbsp;le lin concentre bon nombre de notions&nbsp;cl\u00e9s&nbsp;pour les enjeux du futur \u202f: durabilit\u00e9, tra\u00e7abilit\u00e9 ou savoir-faire. Premi\u00e8rement, cette [&hellip;]","og_url":"https:\/\/leherpeurparis.com\/en\/boostyourcreativity\/du-design-textile-au-design-dobjet-le-lin-stimule-les-creatifs-engages\/","og_site_name":"LeherpeurParis","article_published_time":"2021-10-15T14:02:00+00:00","article_modified_time":"2021-11-19T15:03:53+00:00","og_image":[{"width":711,"height":474,"url":"https:\/\/leherpeurparis.com\/wp-content\/uploads\/2021\/11\/image-12.png","type":"image\/png"}],"author":"Morgane","twitter_card":"summary_large_image","twitter_misc":{"Written by":"Morgane","Est. reading time":"3 minutes"},"schema":{"@context":"https:\/\/schema.org","@graph":[{"@type":"Article","@id":"https:\/\/leherpeurparis.com\/en\/boostyourcreativity\/du-design-textile-au-design-dobjet-le-lin-stimule-les-creatifs-engages\/#article","isPartOf":{"@id":"https:\/\/leherpeurparis.com\/en\/boostyourcreativity\/du-design-textile-au-design-dobjet-le-lin-stimule-les-creatifs-engages\/"},"author":{"name":"Morgane","@id":"https:\/\/leherpeurparis.com\/en\/#\/schema\/person\/5836b46e700c1b6bada2f21f963569bf"},"headline":"Du design textile au design d\u2019objet, le lin stimule les cr\u00e9atifs engag\u00e9s","datePublished":"2021-10-15T14:02:00+00:00","dateModified":"2021-11-19T15:03:53+00:00","mainEntityOfPage":{"@id":"https:\/\/leherpeurparis.com\/en\/boostyourcreativity\/du-design-textile-au-design-dobjet-le-lin-stimule-les-creatifs-engages\/"},"wordCount":535,"publisher":{"@id":"https:\/\/leherpeurparis.com\/en\/#organization"},"image":{"@id":"https:\/\/leherpeurparis.com\/en\/boostyourcreativity\/du-design-textile-au-design-dobjet-le-lin-stimule-les-creatifs-engages\/#primaryimage"},"thumbnailUrl":"https:\/\/leherpeurparis.com\/wp-content\/uploads\/2021\/11\/image-12.png","articleSection":["boostyourcreativity","deco","lifestyle","nosing","positiveyourissues","prospective","savoirfaire","sens"],"inLanguage":"en-US"},{"@type":"WebPage","@id":"https:\/\/leherpeurparis.com\/en\/boostyourcreativity\/du-design-textile-au-design-dobjet-le-lin-stimule-les-creatifs-engages\/","url":"https:\/\/leherpeurparis.com\/en\/boostyourcreativity\/du-design-textile-au-design-dobjet-le-lin-stimule-les-creatifs-engages\/","name":"Du design textile au design d\u2019objet, le lin stimule les cr\u00e9atifs engag\u00e9s | LeherpeurParis","isPartOf":{"@id":"https:\/\/leherpeurparis.com\/en\/#website"},"primaryImageOfPage":{"@id":"https:\/\/leherpeurparis.com\/en\/boostyourcreativity\/du-design-textile-au-design-dobjet-le-lin-stimule-les-creatifs-engages\/#primaryimage"},"image":{"@id":"https:\/\/leherpeurparis.com\/en\/boostyourcreativity\/du-design-textile-au-design-dobjet-le-lin-stimule-les-creatifs-engages\/#primaryimage"},"thumbnailUrl":"https:\/\/leherpeurparis.com\/wp-content\/uploads\/2021\/11\/image-12.png","datePublished":"2021-10-15T14:02:00+00:00","dateModified":"2021-11-19T15:03:53+00:00","breadcrumb":{"@id":"https:\/\/leherpeurparis.com\/en\/boostyourcreativity\/du-design-textile-au-design-dobjet-le-lin-stimule-les-creatifs-engages\/#breadcrumb"},"inLanguage":"en-US","potentialAction":[{"@type":"ReadAction","target":["https:\/\/leherpeurparis.com\/en\/boostyourcreativity\/du-design-textile-au-design-dobjet-le-lin-stimule-les-creatifs-engages\/"]}]},{"@type":"ImageObject","inLanguage":"en-US","@id":"https:\/\/leherpeurparis.com\/en\/boostyourcreativity\/du-design-textile-au-design-dobjet-le-lin-stimule-les-creatifs-engages\/#primaryimage","url":"https:\/\/leherpeurparis.com\/wp-content\/uploads\/2021\/11\/image-12.png","contentUrl":"https:\/\/leherpeurparis.com\/wp-content\/uploads\/2021\/11\/image-12.png","width":711,"height":474},{"@type":"BreadcrumbList","@id":"https:\/\/leherpeurparis.com\/en\/boostyourcreativity\/du-design-textile-au-design-dobjet-le-lin-stimule-les-creatifs-engages\/#breadcrumb","itemListElement":[{"@type":"ListItem","position":1,"name":"Accueil","item":"https:\/\/leherpeurparis.com\/en\/"},{"@type":"ListItem","position":2,"name":"Du design textile au design d\u2019objet, le lin stimule les cr\u00e9atifs engag\u00e9s"}]},{"@type":"WebSite","@id":"https:\/\/leherpeurparis.com\/en\/#website","url":"https:\/\/leherpeurparis.com\/en\/","name":"LeherpeurParis","description":"Consulting office - Paris and Shanghai","publisher":{"@id":"https:\/\/leherpeurparis.com\/en\/#organization"},"potentialAction":[{"@type":"SearchAction","target":{"@type":"EntryPoint","urlTemplate":"https:\/\/leherpeurparis.com\/en\/?s={search_term_string}"},"query-input":{"@type":"PropertyValueSpecification","valueRequired":true,"valueName":"search_term_string"}}],"inLanguage":"en-US"},{"@type":"Organization","@id":"https:\/\/leherpeurparis.com\/en\/#organization","name":"Leherpeur Paris","url":"https:\/\/leherpeurparis.com\/en\/","logo":{"@type":"ImageObject","inLanguage":"en-US","@id":"https:\/\/leherpeurparis.com\/en\/#\/schema\/logo\/image\/","url":"https:\/\/leherpeurparis.com\/wp-content\/uploads\/2022\/07\/Logo-Leherpeur-Paris.jpg","contentUrl":"https:\/\/leherpeurparis.com\/wp-content\/uploads\/2022\/07\/Logo-Leherpeur-Paris.jpg","width":800,"height":300,"caption":"Leherpeur Paris"},"image":{"@id":"https:\/\/leherpeurparis.com\/en\/#\/schema\/logo\/image\/"},"sameAs":["https:\/\/www.instagram.com\/leherpeurparis\/","https:\/\/www.pinterest.fr\/mlcparis\/","https:\/\/www.linkedin.com\/company\/bureauleherpeur\/"]},{"@type":"Person","@id":"https:\/\/leherpeurparis.com\/en\/#\/schema\/person\/5836b46e700c1b6bada2f21f963569bf","name":"Morgane","image":{"@type":"ImageObject","inLanguage":"en-US","@id":"https:\/\/secure.gravatar.com\/avatar\/aaef38f8fe29ef71f7e7758786a4353dd80166c3783061e2e3029314f79a2142?s=96&d=mm&r=g","url":"https:\/\/secure.gravatar.com\/avatar\/aaef38f8fe29ef71f7e7758786a4353dd80166c3783061e2e3029314f79a2142?s=96&d=mm&r=g","contentUrl":"https:\/\/secure.gravatar.com\/avatar\/aaef38f8fe29ef71f7e7758786a4353dd80166c3783061e2e3029314f79a2142?s=96&d=mm&r=g","caption":"Morgane"},"url":"https:\/\/leherpeurparis.com\/en\/author\/webmasterwa\/"}]}},"_links":{"self":[{"href":"https:\/\/leherpeurparis.com\/en\/wp-json\/wp\/v2\/posts\/1658","targetHints":{"allow":["GET"]}}],"collection":[{"href":"https:\/\/leherpeurparis.com\/en\/wp-json\/wp\/v2\/posts"}],"about":[{"href":"https:\/\/leherpeurparis.com\/en\/wp-json\/wp\/v2\/types\/post"}],"author":[{"embeddable":true,"href":"https:\/\/leherpeurparis.com\/en\/wp-json\/wp\/v2\/users\/3"}],"replies":[{"embeddable":true,"href":"https:\/\/leherpeurparis.com\/en\/wp-json\/wp\/v2\/comments?post=1658"}],"version-history":[{"count":4,"href":"https:\/\/leherpeurparis.com\/en\/wp-json\/wp\/v2\/posts\/1658\/revisions"}],"predecessor-version":[{"id":1676,"href":"https:\/\/leherpeurparis.com\/en\/wp-json\/wp\/v2\/posts\/1658\/revisions\/1676"}],"wp:featuredmedia":[{"embeddable":true,"href":"https:\/\/leherpeurparis.com\/en\/wp-json\/wp\/v2\/media\/1665"}],"wp:attachment":[{"href":"https:\/\/leherpeurparis.com\/en\/wp-json\/wp\/v2\/media?parent=1658"}],"wp:term":[{"taxonomy":"category","embeddable":true,"href":"https:\/\/leherpeurparis.com\/en\/wp-json\/wp\/v2\/categories?post=1658"},{"taxonomy":"post_tag","embeddable":true,"href":"https:\/\/leherpeurparis.com\/en\/wp-json\/wp\/v2\/tags?post=1658"}],"curies":[{"name":"wp","href":"https:\/\/api.w.org\/{rel}","templated":true}]}}